{"id":999,"date":"2016-07-08T12:03:38","date_gmt":"2016-07-08T08:03:38","guid":{"rendered":"http:\/\/college-12eme.ac-reunion.fr\/?p=999"},"modified":"2019-03-07T19:09:34","modified_gmt":"2019-03-07T15:09:34","slug":"rentree-des-eleves-dulis","status":"publish","type":"post","link":"https:\/\/etab.ac-reunion.fr\/clg-12eme\/rentree-des-eleves-dulis\/","title":{"rendered":"Rentr\u00e9e des \u00e9l\u00e8ves d&rsquo;ulis"},"content":{"rendered":"<p>Les \u00e9l\u00e8ves d&rsquo;Ulis de 5\u00e8me, 4\u00e8me et 3\u00e8me rentrent le mercredi 17 aout 2016.<\/p>\n<p>Les \u00e9l\u00e8ves d&rsquo;Ulis de 6\u00e8me rentrent le jeudi 18 aout 2016.<\/p>\n","protected":false},"excerpt":{"rendered":"<p>Les \u00e9l\u00e8ves d&rsquo;Ulis de 5\u00e8me, 4\u00e8me et 3\u00e8me rentrent le mercredi 17 aout 2016. Les \u00e9l\u00e8ves d&rsquo;Ulis de 6\u00e8me rentrent le jeudi 18 aout 2016.<\/p>\n","protected":false},"author":30,"featured_media":0,"comment_status":"closed","ping_status":"closed","sticky":false,"template":"","format":"standard","meta":{"footnotes":"","_links_to":"","_links_to_target":""},"categories":[2,9],"tags":[],"class_list":["post-999","post","type-post","status-publish","format-standard","hentry","category-informations-aux-familles","category-profs"],"_links":{"self":[{"href":"https:\/\/etab.ac-reunion.fr\/clg-12eme\/wp-json\/wp\/v2\/posts\/999","targetHints":{"allow":["GET"]}}],"collection":[{"href":"https:\/\/etab.ac-reunion.fr\/clg-12eme\/wp-json\/wp\/v2\/posts"}],"about":[{"href":"https:\/\/etab.ac-reunion.fr\/clg-12eme\/wp-json\/wp\/v2\/types\/post"}],"author":[{"embeddable":true,"href":"https:\/\/etab.ac-reunion.fr\/clg-12eme\/wp-json\/wp\/v2\/users\/30"}],"replies":[{"embeddable":true,"href":"https:\/\/etab.ac-reunion.fr\/clg-12eme\/wp-json\/wp\/v2\/comments?post=999"}],"version-history":[{"count":2,"href":"https:\/\/etab.ac-reunion.fr\/clg-12eme\/wp-json\/wp\/v2\/posts\/999\/revisions"}],"predecessor-version":[{"id":1005,"href":"https:\/\/etab.ac-reunion.fr\/clg-12eme\/wp-json\/wp\/v2\/posts\/999\/revisions\/1005"}],"wp:attachment":[{"href":"https:\/\/etab.ac-reunion.fr\/clg-12eme\/wp-json\/wp\/v2\/media?parent=999"}],"wp:term":[{"taxonomy":"category","embeddable":true,"href":"https:\/\/etab.ac-reunion.fr\/clg-12eme\/wp-json\/wp\/v2\/categories?post=999"},{"taxonomy":"post_tag","embeddable":true,"href":"https:\/\/etab.ac-reunion.fr\/clg-12eme\/wp-json\/wp\/v2\/tags?post=999"}],"curies":[{"name":"wp","href":"https:\/\/api.w.org\/{rel}","templated":true}]}}