{"id":2113,"date":"2016-10-28T07:26:16","date_gmt":"2016-10-28T03:26:16","guid":{"rendered":"http:\/\/college-achille-grondin.ac-reunion.fr\/?p=2113"},"modified":"2020-02-06T08:50:51","modified_gmt":"2020-02-06T04:50:51","slug":"etwinning-project-sharing-our-musical-heritage","status":"publish","type":"post","link":"https:\/\/etab.ac-reunion.fr\/clg-achille-grondin\/etwinning-project-sharing-our-musical-heritage\/","title":{"rendered":"Etwinning project : Sharing our musical heritage"},"content":{"rendered":"<h2 style=\"text-align: center\"><img loading=\"lazy\" decoding=\"async\" class=\"\" src=\"http:\/\/sbc.qrendi.skola.edu.mt\/wp-content\/uploads\/2012\/01\/etwinning__logo1.jpg\" alt=\"R\u00e9sultats de recherche d'images pour \u00ab\u00a0etwinning\u00a0\u00bb\" width=\"61\" height=\"46\" \/><\/h2>\n<h2 style=\"text-align: center\"><span style=\"text-decoration: underline\"><span style=\"color: #800080;text-decoration: underline\">Presenting our\u00a0project<\/span><\/span><\/h2>\n<h2 style=\"text-align: center\"><span style=\"text-decoration: underline\"><span style=\"color: #800080;text-decoration: underline\">Class 604\u00a0<\/span><\/span><\/h2>\n<p><!--more--><\/p>\n<p>&nbsp;<\/p>\n<h3 style=\"text-align: justify\"><strong>Nous avons un projet de partage de notre h\u00e9ritage musical.<\/strong><strong>\u00a0En anglais , notre projet s&rsquo;appelle : Sharing our musical heritage. Nos partenaires Etwinning habitent en Italie, en Pologne, en Turquie, en Espagne, en Gr\u00e8ce et \u00e0 Aubi\u00e8re en France. \u00a0Nous communiquons uniquement en anglais. Nous avons commenc\u00e9 une correspondance et avons d\u00e9j\u00e0 re\u00e7u de belles cartes postales!<\/strong><\/h3>\n<p>&nbsp;<\/p>\n<p><script>document.addEventListener('DOMContentLoaded', function() {(tarteaucitron.job = tarteaucitron.job || []).push('vimeo');});<\/script><\/p>\n<div class=\"vimeo_player\" videoID=\"186370318\" width=\"100%\" height=\"100%\" style=\"height:50vw\"><\/div>\n<p>&nbsp;<\/p>\n<p><script>document.addEventListener('DOMContentLoaded', function() {(tarteaucitron.job = tarteaucitron.job || []).push('vimeo');});<\/script><\/p>\n<div class=\"vimeo_player\" videoID=\"186381776\" width=\"100%\" height=\"100%\" style=\"height:50vw\"><\/div>\n<p>&nbsp;<\/p>\n<p>&nbsp;<\/p>\n<hr \/>\n<h2 style=\"text-align: center\"><\/h2>\n<h2 style=\"text-align: center\"><span style=\"text-decoration: underline;color: #800080\"><strong>The\u00a0partners on the map\u00a0<\/strong><\/span><\/h2>\n<p>&nbsp;<\/p>\n<h2 style=\"text-align: center\"><strong><a href=\"https:\/\/etab.ac-reunion.fr\/clg-achille-grondin\/wp-content\/uploads\/sites\/95\/2016\/10\/Picture2.png\"><img loading=\"lazy\" decoding=\"async\" class=\"alignnone wp-image-2160\" src=\"https:\/\/etab.ac-reunion.fr\/clg-achille-grondin\/wp-content\/uploads\/sites\/95\/2016\/10\/Picture2-300x224.png\" alt=\"picture2\" width=\"244\" height=\"182\" srcset=\"https:\/\/etab.ac-reunion.fr\/clg-achille-grondin\/wp-content\/uploads\/sites\/95\/2016\/10\/Picture2-300x224.png 300w, https:\/\/etab.ac-reunion.fr\/clg-achille-grondin\/wp-content\/uploads\/sites\/95\/2016\/10\/Picture2-1024x766.png 1024w, https:\/\/etab.ac-reunion.fr\/clg-achille-grondin\/wp-content\/uploads\/sites\/95\/2016\/10\/Picture2.png 1028w\" sizes=\"auto, (max-width: 244px) 100vw, 244px\" \/><\/a>\u00a0<\/strong><\/h2>\n<p>&nbsp;<\/p>\n<h3 style=\"text-align: center\"><span style=\"color: #ff6600\">Pour voir la carte , cliquez sur le lien:<\/span><\/h3>\n<h3 style=\"text-align: left\"><a href=\"https:\/\/www.google.com\/maps\/d\/viewer?mid=1n2nfPVEiCDpButl6LEO-t8nfFoY&amp;ll=19.29793834458741%2C24.50102585000002&amp;z=3\" target=\"_blank\" rel=\"noopener noreferrer\">https:\/\/www.google.com\/maps\/d\/viewer?mid=1n2nfPVEiCDpButl6LEO-t8nfFoY&amp;ll=19.29793834458741%2C24.50102585000002&amp;z=3<\/a><\/h3>\n<h3 style=\"text-align: left\"><\/h3>\n<p>&nbsp;<\/p>\n<hr \/>\n<h2 style=\"text-align: center\"><\/h2>\n<h2 style=\"text-align: center\"><span style=\"text-decoration: underline\"><span style=\"color: #800080;text-decoration: underline\"><strong>Postcards from our etwinning partners<\/strong><\/span><\/span><\/h2>\n<p>&nbsp;<\/p>\n<p>&nbsp;<\/p>\n<h3 style=\"text-align: center\"><strong><a href=\"https:\/\/etab.ac-reunion.fr\/clg-achille-grondin\/wp-content\/uploads\/sites\/95\/2016\/10\/IMG_20161025_094457.jpg\"><img loading=\"lazy\" decoding=\"async\" class=\"alignnone size-medium wp-image-2161\" src=\"https:\/\/etab.ac-reunion.fr\/clg-achille-grondin\/wp-content\/uploads\/sites\/95\/2016\/10\/IMG_20161025_094457-300x225.jpg\" alt=\"img_20161025_094457\" width=\"300\" height=\"225\" srcset=\"https:\/\/etab.ac-reunion.fr\/clg-achille-grondin\/wp-content\/uploads\/sites\/95\/2016\/10\/IMG_20161025_094457-300x225.jpg 300w, https:\/\/etab.ac-reunion.fr\/clg-achille-grondin\/wp-content\/uploads\/sites\/95\/2016\/10\/IMG_20161025_094457-1024x768.jpg 1024w\" sizes=\"auto, (max-width: 300px) 100vw, 300px\" \/><\/a><\/strong><\/h3>\n<p style=\"text-align: center\">Postcards from Aubi\u00e8re , France<\/p>\n<h3 style=\"text-align: center\"><strong><a href=\"https:\/\/etab.ac-reunion.fr\/clg-achille-grondin\/wp-content\/uploads\/sites\/95\/2016\/10\/IMG_20161025_094553.jpg\"><img loading=\"lazy\" decoding=\"async\" class=\"alignnone size-medium wp-image-2162\" src=\"https:\/\/etab.ac-reunion.fr\/clg-achille-grondin\/wp-content\/uploads\/sites\/95\/2016\/10\/IMG_20161025_094553-300x225.jpg\" alt=\"img_20161025_094553\" width=\"300\" height=\"225\" srcset=\"https:\/\/etab.ac-reunion.fr\/clg-achille-grondin\/wp-content\/uploads\/sites\/95\/2016\/10\/IMG_20161025_094553-300x225.jpg 300w, https:\/\/etab.ac-reunion.fr\/clg-achille-grondin\/wp-content\/uploads\/sites\/95\/2016\/10\/IMG_20161025_094553-1024x768.jpg 1024w\" sizes=\"auto, (max-width: 300px) 100vw, 300px\" \/><\/a><\/strong><\/h3>\n<p style=\"text-align: center\">Postcards from Montijo,Spain<\/p>\n<p style=\"text-align: center\">\u00a0<a href=\"https:\/\/etab.ac-reunion.fr\/clg-achille-grondin\/wp-content\/uploads\/sites\/95\/2016\/10\/IMG_20161102_195824.jpg\"><img loading=\"lazy\" decoding=\"async\" class=\"alignnone size-medium wp-image-2157\" src=\"https:\/\/etab.ac-reunion.fr\/clg-achille-grondin\/wp-content\/uploads\/sites\/95\/2016\/10\/IMG_20161102_195824-300x225.jpg\" alt=\"img_20161102_195824\" width=\"300\" height=\"225\" srcset=\"https:\/\/etab.ac-reunion.fr\/clg-achille-grondin\/wp-content\/uploads\/sites\/95\/2016\/10\/IMG_20161102_195824-300x225.jpg 300w, https:\/\/etab.ac-reunion.fr\/clg-achille-grondin\/wp-content\/uploads\/sites\/95\/2016\/10\/IMG_20161102_195824-1024x768.jpg 1024w\" sizes=\"auto, (max-width: 300px) 100vw, 300px\" \/><\/a><\/p>\n<p style=\"text-align: center\">Postcards from Porto Garibaldi , Italy<\/p>\n<p style=\"text-align: center\"><a href=\"https:\/\/etab.ac-reunion.fr\/clg-achille-grondin\/wp-content\/uploads\/sites\/95\/2016\/10\/IMG_20161107_074640.jpg\"><img loading=\"lazy\" decoding=\"async\" class=\"alignnone size-medium wp-image-2158\" src=\"https:\/\/etab.ac-reunion.fr\/clg-achille-grondin\/wp-content\/uploads\/sites\/95\/2016\/10\/IMG_20161107_074640-300x225.jpg\" alt=\"img_20161107_074640\" width=\"300\" height=\"225\" srcset=\"https:\/\/etab.ac-reunion.fr\/clg-achille-grondin\/wp-content\/uploads\/sites\/95\/2016\/10\/IMG_20161107_074640-300x225.jpg 300w, https:\/\/etab.ac-reunion.fr\/clg-achille-grondin\/wp-content\/uploads\/sites\/95\/2016\/10\/IMG_20161107_074640-1024x768.jpg 1024w\" sizes=\"auto, (max-width: 300px) 100vw, 300px\" \/><\/a><\/p>\n<p style=\"text-align: center\">Postcards from Venezia, Italy<\/p>\n<p style=\"text-align: center\"><a href=\"https:\/\/etab.ac-reunion.fr\/clg-achille-grondin\/wp-content\/uploads\/sites\/95\/2016\/10\/IMG_20161108_101940.jpg\"><img loading=\"lazy\" decoding=\"async\" class=\"alignnone size-medium wp-image-2159\" src=\"https:\/\/etab.ac-reunion.fr\/clg-achille-grondin\/wp-content\/uploads\/sites\/95\/2016\/10\/IMG_20161108_101940-300x225.jpg\" alt=\"img_20161108_101940\" width=\"300\" height=\"225\" srcset=\"https:\/\/etab.ac-reunion.fr\/clg-achille-grondin\/wp-content\/uploads\/sites\/95\/2016\/10\/IMG_20161108_101940-300x225.jpg 300w, https:\/\/etab.ac-reunion.fr\/clg-achille-grondin\/wp-content\/uploads\/sites\/95\/2016\/10\/IMG_20161108_101940-1024x768.jpg 1024w\" sizes=\"auto, (max-width: 300px) 100vw, 300px\" \/><\/a><\/p>\n<p style=\"text-align: center\">Postcards from Efeler, Aydin, Turkey<\/p>\n<p style=\"text-align: center\"><a href=\"https:\/\/etab.ac-reunion.fr\/clg-achille-grondin\/wp-content\/uploads\/sites\/95\/2016\/10\/IMG_20161118_095605.jpg\"><img loading=\"lazy\" decoding=\"async\" class=\"alignnone size-medium wp-image-2224\" src=\"https:\/\/etab.ac-reunion.fr\/clg-achille-grondin\/wp-content\/uploads\/sites\/95\/2016\/10\/IMG_20161118_095605-300x225.jpg\" alt=\"\" width=\"300\" height=\"225\" srcset=\"https:\/\/etab.ac-reunion.fr\/clg-achille-grondin\/wp-content\/uploads\/sites\/95\/2016\/10\/IMG_20161118_095605-300x225.jpg 300w, https:\/\/etab.ac-reunion.fr\/clg-achille-grondin\/wp-content\/uploads\/sites\/95\/2016\/10\/IMG_20161118_095605-1024x768.jpg 1024w\" sizes=\"auto, (max-width: 300px) 100vw, 300px\" \/><\/a> <a href=\"https:\/\/etab.ac-reunion.fr\/clg-achille-grondin\/wp-content\/uploads\/sites\/95\/2016\/10\/IMG_20161118_095911.jpg\"><img loading=\"lazy\" decoding=\"async\" class=\"alignnone size-medium wp-image-2225\" src=\"https:\/\/etab.ac-reunion.fr\/clg-achille-grondin\/wp-content\/uploads\/sites\/95\/2016\/10\/IMG_20161118_095911-225x300.jpg\" alt=\"\" width=\"225\" height=\"300\" srcset=\"https:\/\/etab.ac-reunion.fr\/clg-achille-grondin\/wp-content\/uploads\/sites\/95\/2016\/10\/IMG_20161118_095911-225x300.jpg 225w, https:\/\/etab.ac-reunion.fr\/clg-achille-grondin\/wp-content\/uploads\/sites\/95\/2016\/10\/IMG_20161118_095911-768x1024.jpg 768w, https:\/\/etab.ac-reunion.fr\/clg-achille-grondin\/wp-content\/uploads\/sites\/95\/2016\/10\/IMG_20161118_095911.jpg 1920w\" sizes=\"auto, (max-width: 225px) 100vw, 225px\" \/><\/a><\/p>\n<p style=\"text-align: center\">Postcards from Ambelonas Larisas , Greece<\/p>\n<hr \/>\n<h3 style=\"text-align: center\"><\/h3>\n<h2 style=\"text-align: center\"><span style=\"text-decoration: underline;color: #800080\"><strong>Le logo du projet<\/strong><\/span><\/h2>\n<p style=\"text-align: center\">Nous avons proc\u00e9d\u00e9 \u00e0 un vote pour choisir le logo du projet. Chaque \u00e9quipe, dans chaque pays, en a propos\u00e9 \u00a0un . \u00a0C&rsquo;est celui de notre classe qui a \u00e9t\u00e9 choisi par nos partenaires ! Nous sommes tr\u00e8s heureux d&rsquo;avoir trouv\u00e9 le logo du projet. Le voici :<\/p>\n<p style=\"text-align: center\"><a href=\"https:\/\/etab.ac-reunion.fr\/clg-achille-grondin\/wp-content\/uploads\/sites\/95\/2016\/10\/logo.png\"><img loading=\"lazy\" decoding=\"async\" class=\"alignnone wp-image-2227\" src=\"https:\/\/etab.ac-reunion.fr\/clg-achille-grondin\/wp-content\/uploads\/sites\/95\/2016\/10\/logo-300x225.png\" alt=\"\" width=\"336\" height=\"252\" srcset=\"https:\/\/etab.ac-reunion.fr\/clg-achille-grondin\/wp-content\/uploads\/sites\/95\/2016\/10\/logo-300x225.png 300w, https:\/\/etab.ac-reunion.fr\/clg-achille-grondin\/wp-content\/uploads\/sites\/95\/2016\/10\/logo-1024x768.png 1024w, https:\/\/etab.ac-reunion.fr\/clg-achille-grondin\/wp-content\/uploads\/sites\/95\/2016\/10\/logo.png 1025w\" sizes=\"auto, (max-width: 336px) 100vw, 336px\" \/><\/a><\/p>\n<hr \/>\n<h2 style=\"text-align: center\"><\/h2>\n<h2 style=\"text-align: center\"><\/h2>\n<h2 style=\"text-align: center\"><span style=\"text-decoration: underline\"><span style=\"color: #800080;text-decoration: underline\">Traditional music and dance\u00a0<\/span><\/span><\/h2>\n<p>&nbsp;<\/p>\n<p>&nbsp;<\/p>\n<table>\n<tbody>\n<tr>\n<td><b>Countries of the partners <\/b><\/td>\n<td><b>Title of the song<\/b><\/td>\n<td><b> Dance <\/b><\/td>\n<\/tr>\n<tr>\n<td><span style=\"font-weight: 400\">Song from Spain<\/span><\/td>\n<td><i><span style=\"font-weight: 400\">La Uva -Jota extremena <\/span><\/i><\/td>\n<td><i><span style=\"font-weight: 400\">Calle Ariba<\/span><\/i><span style=\"font-weight: 400\"> , a traditional dance from Montijo<\/span><\/td>\n<\/tr>\n<tr>\n<td><span style=\"font-weight: 400\">Song from Italy \u00a0\u00a0Porto Garibaldi <\/span><\/td>\n<td><i><span style=\"font-weight: 400\">Nel blu di pinto di blu <\/span><\/i><\/td>\n<td><i><span style=\"font-weight: 400\">Neapolitan Tarantella<\/span><\/i><\/td>\n<\/tr>\n<tr>\n<td><span style=\"font-weight: 400\">Song from Italy Mestre <\/span><\/td>\n<td><i><span style=\"font-weight: 400\">Azzurro<\/span><\/i><\/td>\n<td><\/td>\n<\/tr>\n<tr>\n<td><span style=\"font-weight: 400\">Song from France <\/span><\/td>\n<td><i><span style=\"font-weight: 400\">La jument de Michao<\/span><\/i><\/td>\n<td><i><span style=\"font-weight: 400\">Les petits vriens<\/span><\/i><\/p>\n<p><span style=\"font-weight: 400\">a medieval dance <\/span><\/td>\n<\/tr>\n<tr>\n<td><span style=\"font-weight: 400\">Song from Turkey <\/span><\/td>\n<td><\/td>\n<td><span style=\"font-weight: 400\">Dance <\/span><\/td>\n<\/tr>\n<tr>\n<td><span style=\"font-weight: 400\">Song from Greece<\/span><\/td>\n<td><i><span style=\"font-weight: 400\">Syrtos Pylaias<\/span><\/i><\/td>\n<td><i><span style=\"font-weight: 400\">Podaraki<\/span><\/i><\/td>\n<\/tr>\n<tr>\n<td><span style=\"font-weight: 400\">Song from Reunion Island<\/span><\/td>\n<td><i><span style=\"font-weight: 400\">Mon coco<\/span><\/i><\/td>\n<td><\/td>\n<\/tr>\n<\/tbody>\n<\/table>\n<p>&nbsp;<\/p>\n<p>From Spain , <span style=\"text-decoration: underline\"><em>Por la calle de Ariba<\/em><\/span> \u00a0:<\/p>\n<audio class=\"wp-audio-shortcode\" id=\"audio-2113-1\" preload=\"none\" style=\"width: 100%;\" controls=\"controls\"><source type=\"audio\/mpeg\" src=\"https:\/\/etab.ac-reunion.fr\/clg-achille-grondin\/wp-content\/uploads\/sites\/95\/2016\/10\/06.-Por-la-Calle-de-Arriba-Alto.mp3?_=1\" \/><a href=\"https:\/\/etab.ac-reunion.fr\/clg-achille-grondin\/wp-content\/uploads\/sites\/95\/2016\/10\/06.-Por-la-Calle-de-Arriba-Alto.mp3\">https:\/\/etab.ac-reunion.fr\/clg-achille-grondin\/wp-content\/uploads\/sites\/95\/2016\/10\/06.-Por-la-Calle-de-Arriba-Alto.mp3<\/a><\/audio>\n<hr \/>\n<p>&nbsp;<\/p>\n<h2 style=\"text-align: center\"><span style=\"text-decoration: underline\"><span style=\"color: #008080\"><strong>Class 604 singing \u00a0Traditional songs from European partners\u00a0<\/strong><\/span><\/span><\/h2>\n<p>&nbsp;<\/p>\n<h2>Our song From Reunion Island \u00a0: <em>Mon coco<\/em><\/h2>\n<p><script>document.addEventListener('DOMContentLoaded', function() {(tarteaucitron.job = tarteaucitron.job || []).push('youtube');});<\/script><\/p>\n<div class=\"youtube_player\" videoID=\"opjrEcyLqtg\" width=\"100%\" height=\"100%\" style=\"height:50vw\" theme=\"light\" rel=\"0\" controls=\"1\" showinfo=\"1\" autoplay=\"0\"><\/div>\n<p>&nbsp;<\/p>\n<p>&nbsp;<\/p>\n<h2>French song :\u00a0La jument de Michao<\/h2>\n[youtube]https:\/\/www.youtube.com\/watch?v=g8DWnlNZL38[\/youtube]\n<p>&nbsp;<\/p>\n<p>&nbsp;<\/p>\n<h2>Spanish Song \u00a0: <em>La Uva\u00a0<\/em><\/h2>\n[youtube]https:\/\/www.youtube.com\/watch?v=pTxxJD3yAhU[\/youtube]\n<p>&nbsp;<\/p>\n<p>&nbsp;<\/p>\n<h2>Italian song : <em>Nel blu di pinto di \u00a0blu &#8211; Volare<\/em><\/h2>\n[youtube]https:\/\/www.youtube.com\/watch?v=pCiTOd4epCo[\/youtube]\n<p>&nbsp;<\/p>\n<hr \/>\n<h2 style=\"text-align: center\"><span style=\"text-decoration: underline\"><span style=\"color: #3366ff;text-decoration: underline\">Our partners from Spain and Greece :<\/span><\/span><\/h2>\n<h2 style=\"text-align: center\"><span style=\"text-decoration: underline\"><span style=\"color: #3366ff;text-decoration: underline\"> Singing \u00ab\u00a0Mon coco\u00a0\u00bb in Creole<\/span><\/span><\/h2>\n<p>&nbsp;<\/p>\n<p style=\"text-align: center\"><strong><span style=\"text-decoration: underline\">Our Spanish friends :\u00a0<\/span><\/strong><\/p>\n<p style=\"text-align: center\">[youtube]https:\/\/youtu.be\/5ewLWA9yEDA[\/youtube]\n<p style=\"text-align: center\"><span style=\"text-decoration: underline\"><strong>Our Greek friends :\u00a0<\/strong><\/span><\/p>\n<p style=\"text-align: center\">[youtube]https:\/\/youtu.be\/Kad0zpov_58[\/youtube]\n<p>&nbsp;<\/p>\n<p>&nbsp;<\/p>\n<hr \/>\n<h2 style=\"text-align: center\"><strong><span style=\"text-decoration: underline\"><span style=\"color: #008000;text-decoration: underline\">The project website &#8211; Le site web du projet\u00a0<\/span><\/span><\/strong><\/h2>\n<p>&nbsp;<\/p>\n<h2 style=\"text-align: center\"><a href=\"http:\/\/sharingourmusicalheritage.weebly.com\/\" target=\"_blank\" rel=\"noopener noreferrer\">http:\/\/sharingourmusicalheritage.weebly.com\/<\/a><\/h2>\n<p>&nbsp;<\/p>\n<h2 style=\"text-align: center\">Et le twinspace o\u00f9 vous pouvez voir toutes les r\u00e9alisations des \u00e9l\u00e8ves :<\/h2>\n<p>&nbsp;<\/p>\n<h2 style=\"text-align: center\"><a href=\"https:\/\/twinspace.etwinning.net\/23634\/home\" target=\"_blank\" rel=\"noopener noreferrer\">https:\/\/twinspace.etwinning.net\/23634\/home<\/a><\/h2>\n<p>&nbsp;<\/p>\n<p>&nbsp;<\/p>\n<p>&nbsp;<\/p>\n<p>&nbsp;<\/p>\n<hr \/>\n<h2 style=\"text-align: center\">Notre projet a re\u00e7u deux r\u00e9compenses :<\/h2>\n<h2 style=\"text-align: center\">le label de qualit\u00e9 national et le label de qualit\u00e9 europ\u00e9en!<\/h2>\n<p><a href=\"https:\/\/etab.ac-reunion.fr\/clg-achille-grondin\/wp-content\/uploads\/sites\/95\/2016\/10\/European-quality-label-Sharing-our-musica-heritage.jpg\"><img loading=\"lazy\" decoding=\"async\" class=\"wp-image-2709 alignleft\" src=\"https:\/\/etab.ac-reunion.fr\/clg-achille-grondin\/wp-content\/uploads\/sites\/95\/2016\/10\/European-quality-label-Sharing-our-musica-heritage-300x169.jpg\" alt=\"\" width=\"378\" height=\"213\" srcset=\"https:\/\/etab.ac-reunion.fr\/clg-achille-grondin\/wp-content\/uploads\/sites\/95\/2016\/10\/European-quality-label-Sharing-our-musica-heritage-300x169.jpg 300w, https:\/\/etab.ac-reunion.fr\/clg-achille-grondin\/wp-content\/uploads\/sites\/95\/2016\/10\/European-quality-label-Sharing-our-musica-heritage-95x54.jpg 95w, https:\/\/etab.ac-reunion.fr\/clg-achille-grondin\/wp-content\/uploads\/sites\/95\/2016\/10\/European-quality-label-Sharing-our-musica-heritage.jpg 960w\" sizes=\"auto, (max-width: 378px) 100vw, 378px\" \/><\/a> <a href=\"https:\/\/etab.ac-reunion.fr\/clg-achille-grondin\/wp-content\/uploads\/sites\/95\/2016\/10\/Label-qualit\u00e9-Sharing-our-musical-heritage.jpg\"><img loading=\"lazy\" decoding=\"async\" class=\"wp-image-2710 alignleft\" src=\"https:\/\/etab.ac-reunion.fr\/clg-achille-grondin\/wp-content\/uploads\/sites\/95\/2016\/10\/Label-qualit\u00e9-Sharing-our-musical-heritage-300x169.jpg\" alt=\"\" width=\"367\" height=\"207\" srcset=\"https:\/\/etab.ac-reunion.fr\/clg-achille-grondin\/wp-content\/uploads\/sites\/95\/2016\/10\/Label-qualit\u00e9-Sharing-our-musical-heritage-300x169.jpg 300w, https:\/\/etab.ac-reunion.fr\/clg-achille-grondin\/wp-content\/uploads\/sites\/95\/2016\/10\/Label-qualit\u00e9-Sharing-our-musical-heritage-95x54.jpg 95w, https:\/\/etab.ac-reunion.fr\/clg-achille-grondin\/wp-content\/uploads\/sites\/95\/2016\/10\/Label-qualit\u00e9-Sharing-our-musical-heritage.jpg 960w\" sizes=\"auto, (max-width: 367px) 100vw, 367px\" \/><\/a><\/p>\n<p>&nbsp;<\/p>\n<p>&nbsp;<\/p>\n<p>&nbsp;<\/p>\n<p>&nbsp;<\/p>\n<p>&nbsp;<\/p>\n<p>&nbsp;<\/p>\n<p>&nbsp;<\/p>\n<!-- AddThis Advanced Settings generic via filter on the_content --><!-- AddThis Share Buttons generic via filter on the_content -->","protected":false},"excerpt":{"rendered":"<p>Presenting our\u00a0project Class 604\u00a0<!-- AddThis Advanced Settings generic via filter on get_the_excerpt --><!-- AddThis Share Buttons generic via filter on get_the_excerpt --><\/p>\n","protected":false},"author":2656,"featured_media":2262,"comment_status":"open","ping_status":"open","sticky":false,"template":"","format":"standard","meta":{"footnotes":""},"categories":[2,18,32,31,4],"tags":[],"class_list":["post-2113","post","type-post","status-publish","format-standard","has-post-thumbnail","hentry","category-actus","category-blog-danglais","category-etwinning","category-international","category-pedagogie"],"_links":{"self":[{"href":"https:\/\/etab.ac-reunion.fr\/clg-achille-grondin\/wp-json\/wp\/v2\/posts\/2113","targetHints":{"allow":["GET"]}}],"collection":[{"href":"https:\/\/etab.ac-reunion.fr\/clg-achille-grondin\/wp-json\/wp\/v2\/posts"}],"about":[{"href":"https:\/\/etab.ac-reunion.fr\/clg-achille-grondin\/wp-json\/wp\/v2\/types\/post"}],"author":[{"embeddable":true,"href":"https:\/\/etab.ac-reunion.fr\/clg-achille-grondin\/wp-json\/wp\/v2\/users\/2656"}],"replies":[{"embeddable":true,"href":"https:\/\/etab.ac-reunion.fr\/clg-achille-grondin\/wp-json\/wp\/v2\/comments?post=2113"}],"version-history":[{"count":34,"href":"https:\/\/etab.ac-reunion.fr\/clg-achille-grondin\/wp-json\/wp\/v2\/posts\/2113\/revisions"}],"predecessor-version":[{"id":3946,"href":"https:\/\/etab.ac-reunion.fr\/clg-achille-grondin\/wp-json\/wp\/v2\/posts\/2113\/revisions\/3946"}],"wp:featuredmedia":[{"embeddable":true,"href":"https:\/\/etab.ac-reunion.fr\/clg-achille-grondin\/wp-json\/wp\/v2\/media\/2262"}],"wp:attachment":[{"href":"https:\/\/etab.ac-reunion.fr\/clg-achille-grondin\/wp-json\/wp\/v2\/media?parent=2113"}],"wp:term":[{"taxonomy":"category","embeddable":true,"href":"https:\/\/etab.ac-reunion.fr\/clg-achille-grondin\/wp-json\/wp\/v2\/categories?post=2113"},{"taxonomy":"post_tag","embeddable":true,"href":"https:\/\/etab.ac-reunion.fr\/clg-achille-grondin\/wp-json\/wp\/v2\/tags?post=2113"}],"curies":[{"name":"wp","href":"https:\/\/api.w.org\/{rel}","templated":true}]}}