{"id":2399,"date":"2017-04-10T21:07:27","date_gmt":"2017-04-10T17:07:27","guid":{"rendered":"http:\/\/college-achille-grondin.ac-reunion.fr\/?p=2399"},"modified":"2020-03-24T09:46:29","modified_gmt":"2020-03-24T05:46:29","slug":"raid-academique-une-equipe-du-college-qualifiee-pour-les-championnats-de-france","status":"publish","type":"post","link":"https:\/\/etab.ac-reunion.fr\/clg-achille-grondin\/raid-academique-une-equipe-du-college-qualifiee-pour-les-championnats-de-france\/","title":{"rendered":"RAID ACADEMIQUE : une \u00e9quipe du coll\u00e8ge qualifi\u00e9e pour les championnats de France !!!!"},"content":{"rendered":"<p>Les 6 \u00e9quipes d&rsquo;Achille Grondin ont arpent\u00e9, mardi 4 et mercredi 5 avril, &nbsp;les diff\u00e9rents chemins de la for\u00eat de l&rsquo;Etang sal\u00e9 pour 2 jours d&rsquo;efforts intenses entre Trail, diverses courses d&rsquo;orientation, de VTT et de tir \u00e0 l&rsquo;arc.<\/p>\n<p>Vous trouverez <a href=\"https:\/\/www.flickr.com\/photos\/149340313@N04\/sets\/72157682287036385\/\">ici<\/a> quelques photos des \u00e9quipes du coll\u00e8ge Achille Grondin et les r\u00e9sultats de la comp\u00e9tition (<a href=\"https:\/\/etab.ac-reunion.fr\/clg-achille-grondin\/wp-content\/uploads\/sites\/95\/2017\/04\/resultats-raid-academique-site-college.xlsx\">resultats raid academique site college<\/a>), une <a href=\"https:\/\/www.youtube.com\/watch?v=NiGCJXSYSBA\">vid\u00e9o<\/a> de l&rsquo;int\u00e9rieur r\u00e9alis\u00e9e par M\u00e9lissa, Tallia et Brice et aussi une <a href=\"https:\/\/www.facebook.com\/UNSS.Sud.Reunion\/videos\/vb.1604725326470529\/1891294234480302\/?type=2&amp;theater\">vid\u00e9o<\/a> de la CO nocturne !!!<\/p>\n<p>L&rsquo;\u00e9quipe 1 du coll\u00e8ge avec Tallia, &nbsp;M\u00e9lissa de 305 , Tristan et Benjamin , apr\u00e8s avoir \u00e9t\u00e9 r\u00e9compens\u00e9e pour leur 2e place au classement des 3 raids de l&rsquo;ann\u00e9e (avec Corentin et Laurie aussi) finit 3\u00e8 au classement de leur cat\u00e9gorie et 5\u00e8 sur 76 \u00e9quipes au classement scratch (classement g\u00e9n\u00e9ral avec les lyc\u00e9ens !!!). Superbe performance. Cette \u00e9quipe est qualifi\u00e9e pour les France de RAID UNSS dans l&rsquo;acad\u00e9mie de Limoges du 21 au 24 mai 2017.<\/p>\n<p>L&rsquo;\u00e9quipe 2 finit 3 minutes derri\u00e8re eux sur une \u00e9preuve aussi longue autant dire pas tr\u00e8s loin. F\u00e9licitations \u00e0 toutes les autres \u00e9quipes (compos\u00e9es uniquement de 4\u00e8 et surtout 5\u00e8) qui, s&rsquo; ils continuent \u00e0 travailler r\u00e9guli\u00e8rement, occuperont les premi\u00e8res places les ann\u00e9es suivantes.<\/p>\n<p>F\u00e9licitations aussi&nbsp;\u00e0 tous les jeunes officiels pr\u00e9sents qui ont permis au raid de se d\u00e9rouler dans d&rsquo;excellentes conditions.<\/p>\n<p>La suite des aventures fin Mai &#8230;&#8230;<\/p>\n<!-- AddThis Advanced Settings generic via filter on the_content --><!-- AddThis Share Buttons generic via filter on the_content -->","protected":false},"excerpt":{"rendered":"<p>Les 6 \u00e9quipes d&rsquo;Achille Grondin ont arpent\u00e9, mardi 4 et mercredi 5 avril, &nbsp;les diff\u00e9rents chemins de la for\u00eat de l&rsquo;Etang sal\u00e9 pour 2 jours d&rsquo;efforts intenses entre Trail, diverses courses d&rsquo;orientation, de VTT et de tir \u00e0 l&rsquo;arc. Vous trouverez ici quelques photos des \u00e9quipes du coll\u00e8ge Achille Grondin et les r\u00e9sultats de la [&hellip;]<!-- AddThis Advanced Settings generic via filter on get_the_excerpt --><!-- AddThis Share Buttons generic via filter on get_the_excerpt --><\/p>\n","protected":false},"author":2755,"featured_media":2408,"comment_status":"open","ping_status":"open","sticky":false,"template":"","format":"standard","meta":{"footnotes":""},"categories":[29],"tags":[],"class_list":["post-2399","post","type-post","status-publish","format-standard","has-post-thumbnail","hentry","category-section-sportive"],"_links":{"self":[{"href":"https:\/\/etab.ac-reunion.fr\/clg-achille-grondin\/wp-json\/wp\/v2\/posts\/2399","targetHints":{"allow":["GET"]}}],"collection":[{"href":"https:\/\/etab.ac-reunion.fr\/clg-achille-grondin\/wp-json\/wp\/v2\/posts"}],"about":[{"href":"https:\/\/etab.ac-reunion.fr\/clg-achille-grondin\/wp-json\/wp\/v2\/types\/post"}],"author":[{"embeddable":true,"href":"https:\/\/etab.ac-reunion.fr\/clg-achille-grondin\/wp-json\/wp\/v2\/users\/2755"}],"replies":[{"embeddable":true,"href":"https:\/\/etab.ac-reunion.fr\/clg-achille-grondin\/wp-json\/wp\/v2\/comments?post=2399"}],"version-history":[{"count":10,"href":"https:\/\/etab.ac-reunion.fr\/clg-achille-grondin\/wp-json\/wp\/v2\/posts\/2399\/revisions"}],"predecessor-version":[{"id":3967,"href":"https:\/\/etab.ac-reunion.fr\/clg-achille-grondin\/wp-json\/wp\/v2\/posts\/2399\/revisions\/3967"}],"wp:featuredmedia":[{"embeddable":true,"href":"https:\/\/etab.ac-reunion.fr\/clg-achille-grondin\/wp-json\/wp\/v2\/media\/2408"}],"wp:attachment":[{"href":"https:\/\/etab.ac-reunion.fr\/clg-achille-grondin\/wp-json\/wp\/v2\/media?parent=2399"}],"wp:term":[{"taxonomy":"category","embeddable":true,"href":"https:\/\/etab.ac-reunion.fr\/clg-achille-grondin\/wp-json\/wp\/v2\/categories?post=2399"},{"taxonomy":"post_tag","embeddable":true,"href":"https:\/\/etab.ac-reunion.fr\/clg-achille-grondin\/wp-json\/wp\/v2\/tags?post=2399"}],"curies":[{"name":"wp","href":"https:\/\/api.w.org\/{rel}","templated":true}]}}