{"id":2696,"date":"2017-10-05T20:55:29","date_gmt":"2017-10-05T16:55:29","guid":{"rendered":"http:\/\/college-achille-grondin.ac-reunion.fr\/?p=2696"},"modified":"2017-10-10T19:21:37","modified_gmt":"2017-10-10T15:21:37","slug":"cross-du-college-2017","status":"publish","type":"post","link":"https:\/\/etab.ac-reunion.fr\/clg-achille-grondin\/cross-du-college-2017\/","title":{"rendered":"Cross du coll\u00e8ge 2017"},"content":{"rendered":"<p>Vendredi 29 septembre a eu lieu dans l&rsquo;apr\u00e8s midi le cross du coll\u00e8ge sur les chemins du lyc\u00e9e agricole. Pr\u00e8s de 600 \u00e9l\u00e8ves (primaires du butor et de lenepveu) et tous les \u00e9l\u00e8ves de 6\u00e8me et 5\u00e8me du coll\u00e8ge ont particip\u00e9 \u00e0 la course de 1800m qualificative pour le cross de district qui se d\u00e9roulera mercredi 11 Octobre \u00e0 Langevin. En cliquant sur <a href=\"https:\/\/etab.ac-reunion.fr\/clg-achille-grondin\/wp-content\/uploads\/sites\/95\/2017\/10\/resultats-cross-college-1.xlsx\">ce lien<\/a>\u00a0 et en cherchant un petit peu !!! vous retrouverez vos r\u00e9sultats au cross (place, temps de course et vitesse moyenne).<\/p>\n<p>Vous pourrez retrouver quelques videos et images de la manifestation\u00a0<a href=\"https:\/\/youtu.be\/NiTyfJVKzds\"> ici.<\/a><\/p>\n<p>Les \u00e9l\u00e8ves qualifi\u00e9s iront en cours de 7h30 \u00e0 8h30 ce mercredi 11 octobre. A la fin de la premi\u00e8re heure de cours, ils se rangeront comme pour aller en EPS pour retrouver leurs professeurs EPS puis ils prendront le bus devant le coll\u00e8ge. Le retour est pr\u00e9vu vers 15h30. N&rsquo;oubliez pas de pr\u00e9voir le pique nique du midi.<\/p>\n<p>&nbsp;<\/p>\n<!-- AddThis Advanced Settings generic via filter on the_content --><!-- AddThis Share Buttons generic via filter on the_content -->","protected":false},"excerpt":{"rendered":"<p>Vendredi 29 septembre a eu lieu dans l&rsquo;apr\u00e8s midi le cross du coll\u00e8ge sur les chemins du lyc\u00e9e agricole. Pr\u00e8s de 600 \u00e9l\u00e8ves (primaires du butor et de lenepveu) et tous les \u00e9l\u00e8ves de 6\u00e8me et 5\u00e8me du coll\u00e8ge ont particip\u00e9 \u00e0 la course de 1800m qualificative pour le cross de district qui se d\u00e9roulera [&hellip;]<!-- AddThis Advanced Settings generic via filter on get_the_excerpt --><!-- AddThis Share Buttons generic via filter on get_the_excerpt --><\/p>\n","protected":false},"author":2755,"featured_media":2059,"comment_status":"open","ping_status":"open","sticky":false,"template":"","format":"standard","meta":{"footnotes":""},"categories":[2],"tags":[],"class_list":["post-2696","post","type-post","status-publish","format-standard","has-post-thumbnail","hentry","category-actus"],"_links":{"self":[{"href":"https:\/\/etab.ac-reunion.fr\/clg-achille-grondin\/wp-json\/wp\/v2\/posts\/2696","targetHints":{"allow":["GET"]}}],"collection":[{"href":"https:\/\/etab.ac-reunion.fr\/clg-achille-grondin\/wp-json\/wp\/v2\/posts"}],"about":[{"href":"https:\/\/etab.ac-reunion.fr\/clg-achille-grondin\/wp-json\/wp\/v2\/types\/post"}],"author":[{"embeddable":true,"href":"https:\/\/etab.ac-reunion.fr\/clg-achille-grondin\/wp-json\/wp\/v2\/users\/2755"}],"replies":[{"embeddable":true,"href":"https:\/\/etab.ac-reunion.fr\/clg-achille-grondin\/wp-json\/wp\/v2\/comments?post=2696"}],"version-history":[{"count":6,"href":"https:\/\/etab.ac-reunion.fr\/clg-achille-grondin\/wp-json\/wp\/v2\/posts\/2696\/revisions"}],"predecessor-version":[{"id":2707,"href":"https:\/\/etab.ac-reunion.fr\/clg-achille-grondin\/wp-json\/wp\/v2\/posts\/2696\/revisions\/2707"}],"wp:featuredmedia":[{"embeddable":true,"href":"https:\/\/etab.ac-reunion.fr\/clg-achille-grondin\/wp-json\/wp\/v2\/media\/2059"}],"wp:attachment":[{"href":"https:\/\/etab.ac-reunion.fr\/clg-achille-grondin\/wp-json\/wp\/v2\/media?parent=2696"}],"wp:term":[{"taxonomy":"category","embeddable":true,"href":"https:\/\/etab.ac-reunion.fr\/clg-achille-grondin\/wp-json\/wp\/v2\/categories?post=2696"},{"taxonomy":"post_tag","embeddable":true,"href":"https:\/\/etab.ac-reunion.fr\/clg-achille-grondin\/wp-json\/wp\/v2\/tags?post=2696"}],"curies":[{"name":"wp","href":"https:\/\/api.w.org\/{rel}","templated":true}]}}