{"id":2702,"date":"2017-10-06T23:01:02","date_gmt":"2017-10-06T19:01:02","guid":{"rendered":"http:\/\/college-achille-grondin.ac-reunion.fr\/?p=2702"},"modified":"2020-03-24T09:45:32","modified_gmt":"2020-03-24T05:45:32","slug":"stage-section-sportive-et-as-escalade-a-cilaos-en-juillet-2017","status":"publish","type":"post","link":"https:\/\/etab.ac-reunion.fr\/clg-achille-grondin\/stage-section-sportive-et-as-escalade-a-cilaos-en-juillet-2017\/","title":{"rendered":"Stage section sportive et AS escalade \u00e0 Cilaos en juillet 2017"},"content":{"rendered":"<p>La section sportive APPN du coll\u00e8ge a, d\u00e8s la fin de l&rsquo;ann\u00e9e scolaire derni\u00e8re, commenc\u00e9 \u00e0 pr\u00e9parer cette nouvelle saison sportive.<\/p>\n<p>Rdv donc \u00e0 Cilaos pour un stage de 3 jours du 3 au 5 juillet 2017, nous avons s\u00e9journ\u00e9 \u00e0 l&rsquo;internat du coll\u00e8ge Alsace Corr\u00e9 pour la seconde fois.<\/p>\n<p>Des activit\u00e9s physiques nouvelles, du travail en coop\u00e9ration, du d\u00e9passement de soi, un programme riche en perspective que vous retrouverez dans <a href=\"https:\/\/youtu.be\/-P3ClEtRp8E\">cette vid\u00e9o<\/a>.<\/p>\n<!-- AddThis Advanced Settings generic via filter on the_content --><!-- AddThis Share Buttons generic via filter on the_content -->","protected":false},"excerpt":{"rendered":"<p>La section sportive APPN du coll\u00e8ge a, d\u00e8s la fin de l&rsquo;ann\u00e9e scolaire derni\u00e8re, commenc\u00e9 \u00e0 pr\u00e9parer cette nouvelle saison sportive. Rdv donc \u00e0 Cilaos pour un stage de 3 jours du 3 au 5 juillet 2017, nous avons s\u00e9journ\u00e9 \u00e0 l&rsquo;internat du coll\u00e8ge Alsace Corr\u00e9 pour la seconde fois. Des activit\u00e9s physiques nouvelles, du [&hellip;]<!-- AddThis Advanced Settings generic via filter on get_the_excerpt --><!-- AddThis Share Buttons generic via filter on get_the_excerpt --><\/p>\n","protected":false},"author":2755,"featured_media":2701,"comment_status":"open","ping_status":"open","sticky":false,"template":"","format":"standard","meta":{"footnotes":""},"categories":[29],"tags":[],"class_list":["post-2702","post","type-post","status-publish","format-standard","has-post-thumbnail","hentry","category-section-sportive"],"_links":{"self":[{"href":"https:\/\/etab.ac-reunion.fr\/clg-achille-grondin\/wp-json\/wp\/v2\/posts\/2702","targetHints":{"allow":["GET"]}}],"collection":[{"href":"https:\/\/etab.ac-reunion.fr\/clg-achille-grondin\/wp-json\/wp\/v2\/posts"}],"about":[{"href":"https:\/\/etab.ac-reunion.fr\/clg-achille-grondin\/wp-json\/wp\/v2\/types\/post"}],"author":[{"embeddable":true,"href":"https:\/\/etab.ac-reunion.fr\/clg-achille-grondin\/wp-json\/wp\/v2\/users\/2755"}],"replies":[{"embeddable":true,"href":"https:\/\/etab.ac-reunion.fr\/clg-achille-grondin\/wp-json\/wp\/v2\/comments?post=2702"}],"version-history":[{"count":2,"href":"https:\/\/etab.ac-reunion.fr\/clg-achille-grondin\/wp-json\/wp\/v2\/posts\/2702\/revisions"}],"predecessor-version":[{"id":2704,"href":"https:\/\/etab.ac-reunion.fr\/clg-achille-grondin\/wp-json\/wp\/v2\/posts\/2702\/revisions\/2704"}],"wp:featuredmedia":[{"embeddable":true,"href":"https:\/\/etab.ac-reunion.fr\/clg-achille-grondin\/wp-json\/wp\/v2\/media\/2701"}],"wp:attachment":[{"href":"https:\/\/etab.ac-reunion.fr\/clg-achille-grondin\/wp-json\/wp\/v2\/media?parent=2702"}],"wp:term":[{"taxonomy":"category","embeddable":true,"href":"https:\/\/etab.ac-reunion.fr\/clg-achille-grondin\/wp-json\/wp\/v2\/categories?post=2702"},{"taxonomy":"post_tag","embeddable":true,"href":"https:\/\/etab.ac-reunion.fr\/clg-achille-grondin\/wp-json\/wp\/v2\/tags?post=2702"}],"curies":[{"name":"wp","href":"https:\/\/api.w.org\/{rel}","templated":true}]}}