{"id":2739,"date":"2017-12-11T13:05:13","date_gmt":"2017-12-11T09:05:13","guid":{"rendered":"http:\/\/college-achille-grondin.ac-reunion.fr\/?p=2739"},"modified":"2017-12-11T13:05:13","modified_gmt":"2017-12-11T09:05:13","slug":"compte-rendu-du-film-les-enfants-loups-par-les-608","status":"publish","type":"post","link":"https:\/\/etab.ac-reunion.fr\/clg-achille-grondin\/compte-rendu-du-film-les-enfants-loups-par-les-608\/","title":{"rendered":"compte-rendu du film Les Enfants loups par les 608"},"content":{"rendered":"<p>Les \u00e9l\u00e8ves de 608 ont assist\u00e9 lundi 04 d\u00e9cembre \u00e0 la projection du film Les Enfants loups, dans le cadre de l\u2019op\u00e9ration Coll\u00e8ge au cin\u00e9ma.\u00a0 Voici ce qu\u2019ils en disent\u2026.<\/p>\n<p>&nbsp;<\/p>\n<p>R\u00e9sum\u00e9 du film par L\u00e9a et Z\u00e9lia\u00a0:<\/p>\n<p>&nbsp;<\/p>\n<p>\u00ab\u00a0C\u2019est l\u2019histoire d\u2019une femme, qui rencontra un homme \u00e0 la fac et ils tomb\u00e8rent amoureux. Plus tard l\u2019homme annon\u00e7a \u00e0 Anna qu\u2019il \u00e9tait un loup-garou. Anna d\u00e9cida de rester avec lui et ils eurent deux enfants, Yuki (une fille) et Ame ( un gar\u00e7on). Cependant apr\u00e8s la naissance de Ame le p\u00e8re mourut. Ne r\u00e9ussissant pas \u00e0 \u00e9lever ses enfants loups garous \u00e0 la ville, Anna d\u00e9cida, avec les \u00e9conomies de son d\u00e9funt compagnon, de partir vivre \u00e0 la campagne. Au fil du temps, Ame et Yuki vont prendre des chemins diff\u00e9rents\u2026\u00a0\u00bb<\/p>\n<p>&nbsp;<\/p>\n<p>Quelques r\u00e9actions des \u00e9l\u00e8ves\u00a0:<\/p>\n<p>&nbsp;<\/p>\n<p>Olivier\u00a0: \u00ab\u00a0Le film \u00e9tait superbe, il y a de la tristesse, de la joie, de la peur\u00a0\u00bb<\/p>\n<p>Z\u00e9lia\u00a0: \u00ab\u00a0J\u2019ai bien aim\u00e9 ce film mais je l\u2019ai trouv\u00e9 tr\u00e8s triste.\u00a0\u00bb<\/p>\n<p>Emma\u00a0: \u00ab\u00a0 J\u2019ai aim\u00e9 le film surtout quand les enfants \u00e9taient petits.\u00a0\u00bb<\/p>\n<p>Marine\u00a0: \u00ab\u00a0 J\u2019ai aim\u00e9 le passage o\u00f9 ils jouaient dans la neige, c\u2019\u00e9tait dr\u00f4le et amouvant de voir que la m\u00e8re \u00e9tait proche de ses enfants.\u00a0\u00bb<\/p>\n<p>Lucas\u00a0: \u00ab\u00a0 Les deux enfants n\u2019ont pas le m\u00eame caract\u00e8re, et la m\u00e8re est courageuse.\u00a0\u00bb<\/p>\n<p>Alice\u00a0: \u00ab\u00a0Il y avait des rebondissements, de l\u2019\u00e9motion et de l\u2019aventure, c\u2019\u00e9tait un tr\u00e8s beau film.\u00a0\u00bb<\/p>\n<!-- AddThis Advanced Settings generic via filter on the_content --><!-- AddThis Share Buttons generic via filter on the_content -->","protected":false},"excerpt":{"rendered":"<p>Les \u00e9l\u00e8ves de 608 ont assist\u00e9 lundi 04 d\u00e9cembre \u00e0 la projection du film Les Enfants loups, dans le cadre de l\u2019op\u00e9ration Coll\u00e8ge au cin\u00e9ma.\u00a0 Voici ce qu\u2019ils en disent\u2026. &nbsp; R\u00e9sum\u00e9 du film par L\u00e9a et Z\u00e9lia\u00a0: &nbsp; \u00ab\u00a0C\u2019est l\u2019histoire d\u2019une femme, qui rencontra un homme \u00e0 la fac et ils tomb\u00e8rent amoureux. Plus [&hellip;]<!-- AddThis Advanced Settings generic via filter on get_the_excerpt --><!-- AddThis Share Buttons generic via filter on get_the_excerpt --><\/p>\n","protected":false},"author":2761,"featured_media":2742,"comment_status":"open","ping_status":"open","sticky":false,"template":"","format":"standard","meta":{"footnotes":""},"categories":[2],"tags":[],"class_list":["post-2739","post","type-post","status-publish","format-standard","has-post-thumbnail","hentry","category-actus"],"_links":{"self":[{"href":"https:\/\/etab.ac-reunion.fr\/clg-achille-grondin\/wp-json\/wp\/v2\/posts\/2739","targetHints":{"allow":["GET"]}}],"collection":[{"href":"https:\/\/etab.ac-reunion.fr\/clg-achille-grondin\/wp-json\/wp\/v2\/posts"}],"about":[{"href":"https:\/\/etab.ac-reunion.fr\/clg-achille-grondin\/wp-json\/wp\/v2\/types\/post"}],"author":[{"embeddable":true,"href":"https:\/\/etab.ac-reunion.fr\/clg-achille-grondin\/wp-json\/wp\/v2\/users\/2761"}],"replies":[{"embeddable":true,"href":"https:\/\/etab.ac-reunion.fr\/clg-achille-grondin\/wp-json\/wp\/v2\/comments?post=2739"}],"version-history":[{"count":1,"href":"https:\/\/etab.ac-reunion.fr\/clg-achille-grondin\/wp-json\/wp\/v2\/posts\/2739\/revisions"}],"predecessor-version":[{"id":2743,"href":"https:\/\/etab.ac-reunion.fr\/clg-achille-grondin\/wp-json\/wp\/v2\/posts\/2739\/revisions\/2743"}],"wp:featuredmedia":[{"embeddable":true,"href":"https:\/\/etab.ac-reunion.fr\/clg-achille-grondin\/wp-json\/wp\/v2\/media\/2742"}],"wp:attachment":[{"href":"https:\/\/etab.ac-reunion.fr\/clg-achille-grondin\/wp-json\/wp\/v2\/media?parent=2739"}],"wp:term":[{"taxonomy":"category","embeddable":true,"href":"https:\/\/etab.ac-reunion.fr\/clg-achille-grondin\/wp-json\/wp\/v2\/categories?post=2739"},{"taxonomy":"post_tag","embeddable":true,"href":"https:\/\/etab.ac-reunion.fr\/clg-achille-grondin\/wp-json\/wp\/v2\/tags?post=2739"}],"curies":[{"name":"wp","href":"https:\/\/api.w.org\/{rel}","templated":true}]}}