{"id":2754,"date":"2018-05-04T15:56:35","date_gmt":"2018-05-04T11:56:35","guid":{"rendered":"http:\/\/college-achille-grondin.ac-reunion.fr\/?p=2754"},"modified":"2019-12-05T18:24:44","modified_gmt":"2019-12-05T14:24:44","slug":"rencontre-avec-un-auteur-de-litterature-de-jeunesse-yves-grevet","status":"publish","type":"post","link":"https:\/\/etab.ac-reunion.fr\/clg-achille-grondin\/rencontre-avec-un-auteur-de-litterature-de-jeunesse-yves-grevet\/","title":{"rendered":"Rencontre avec un auteur de litt\u00e9rature de jeunesse : Yves Grevet"},"content":{"rendered":"<div>\n\n\t\t<style type=\"text\/css\">\n\t\t\t#gallery-1 {\n\t\t\t\tmargin: auto;\n\t\t\t}\n\t\t\t#gallery-1 .gallery-item {\n\t\t\t\tfloat: left;\n\t\t\t\tmargin-top: 10px;\n\t\t\t\ttext-align: center;\n\t\t\t\twidth: 33%;\n\t\t\t}\n\t\t\t#gallery-1 img {\n\t\t\t\tborder: 2px solid #cfcfcf;\n\t\t\t}\n\t\t\t#gallery-1 .gallery-caption {\n\t\t\t\tmargin-left: 0;\n\t\t\t}\n\t\t\t\/* see gallery_shortcode() in wp-includes\/media.php *\/\n\t\t<\/style>\n\t\t<div id='gallery-1' class='gallery galleryid-2754 gallery-columns-3 gallery-size-thumbnail'><dl class='gallery-item'>\n\t\t\t<dt class='gallery-icon portrait'>\n\t\t\t\t<a href='https:\/\/etab.ac-reunion.fr\/clg-achille-grondin\/rencontre-avec-un-auteur-de-litterature-de-jeunesse-yves-grevet\/dscn8784-bis\/'><img loading=\"lazy\" decoding=\"async\" width=\"150\" height=\"150\" src=\"https:\/\/etab.ac-reunion.fr\/clg-achille-grondin\/wp-content\/uploads\/sites\/95\/2018\/05\/DSCN8784-bis-150x150.jpg\" class=\"attachment-thumbnail size-thumbnail\" alt=\"\" srcset=\"https:\/\/etab.ac-reunion.fr\/clg-achille-grondin\/wp-content\/uploads\/sites\/95\/2018\/05\/DSCN8784-bis-150x150.jpg 150w, https:\/\/etab.ac-reunion.fr\/clg-achille-grondin\/wp-content\/uploads\/sites\/95\/2018\/05\/DSCN8784-bis-200x200.jpg 200w, https:\/\/etab.ac-reunion.fr\/clg-achille-grondin\/wp-content\/uploads\/sites\/95\/2018\/05\/DSCN8784-bis-130x130.jpg 130w, https:\/\/etab.ac-reunion.fr\/clg-achille-grondin\/wp-content\/uploads\/sites\/95\/2018\/05\/DSCN8784-bis-67x67.jpg 67w, https:\/\/etab.ac-reunion.fr\/clg-achille-grondin\/wp-content\/uploads\/sites\/95\/2018\/05\/DSCN8784-bis-40x40.jpg 40w, https:\/\/etab.ac-reunion.fr\/clg-achille-grondin\/wp-content\/uploads\/sites\/95\/2018\/05\/DSCN8784-bis-184x184.jpg 184w\" sizes=\"auto, (max-width: 150px) 100vw, 150px\" \/><\/a>\n\t\t\t<\/dt><\/dl><dl class='gallery-item'>\n\t\t\t<dt class='gallery-icon landscape'>\n\t\t\t\t<a href='https:\/\/etab.ac-reunion.fr\/clg-achille-grondin\/rencontre-avec-un-auteur-de-litterature-de-jeunesse-yves-grevet\/20180427_135053\/'><img loading=\"lazy\" decoding=\"async\" width=\"150\" height=\"150\" src=\"https:\/\/etab.ac-reunion.fr\/clg-achille-grondin\/wp-content\/uploads\/sites\/95\/2018\/05\/20180427_135053-150x150.jpg\" class=\"attachment-thumbnail size-thumbnail\" alt=\"\" srcset=\"https:\/\/etab.ac-reunion.fr\/clg-achille-grondin\/wp-content\/uploads\/sites\/95\/2018\/05\/20180427_135053-150x150.jpg 150w, https:\/\/etab.ac-reunion.fr\/clg-achille-grondin\/wp-content\/uploads\/sites\/95\/2018\/05\/20180427_135053-200x200.jpg 200w, https:\/\/etab.ac-reunion.fr\/clg-achille-grondin\/wp-content\/uploads\/sites\/95\/2018\/05\/20180427_135053-130x130.jpg 130w, https:\/\/etab.ac-reunion.fr\/clg-achille-grondin\/wp-content\/uploads\/sites\/95\/2018\/05\/20180427_135053-67x67.jpg 67w, https:\/\/etab.ac-reunion.fr\/clg-achille-grondin\/wp-content\/uploads\/sites\/95\/2018\/05\/20180427_135053-40x40.jpg 40w, https:\/\/etab.ac-reunion.fr\/clg-achille-grondin\/wp-content\/uploads\/sites\/95\/2018\/05\/20180427_135053-184x184.jpg 184w\" sizes=\"auto, (max-width: 150px) 100vw, 150px\" \/><\/a>\n\t\t\t<\/dt><\/dl><dl class='gallery-item'>\n\t\t\t<dt class='gallery-icon landscape'>\n\t\t\t\t<a href='https:\/\/etab.ac-reunion.fr\/clg-achille-grondin\/rencontre-avec-un-auteur-de-litterature-de-jeunesse-yves-grevet\/dscn8833-bis\/'><img loading=\"lazy\" decoding=\"async\" width=\"150\" height=\"150\" src=\"https:\/\/etab.ac-reunion.fr\/clg-achille-grondin\/wp-content\/uploads\/sites\/95\/2018\/05\/DSCN8833-bis-150x150.jpg\" class=\"attachment-thumbnail size-thumbnail\" alt=\"\" srcset=\"https:\/\/etab.ac-reunion.fr\/clg-achille-grondin\/wp-content\/uploads\/sites\/95\/2018\/05\/DSCN8833-bis-150x150.jpg 150w, https:\/\/etab.ac-reunion.fr\/clg-achille-grondin\/wp-content\/uploads\/sites\/95\/2018\/05\/DSCN8833-bis-200x200.jpg 200w, https:\/\/etab.ac-reunion.fr\/clg-achille-grondin\/wp-content\/uploads\/sites\/95\/2018\/05\/DSCN8833-bis-130x130.jpg 130w, https:\/\/etab.ac-reunion.fr\/clg-achille-grondin\/wp-content\/uploads\/sites\/95\/2018\/05\/DSCN8833-bis-67x67.jpg 67w, https:\/\/etab.ac-reunion.fr\/clg-achille-grondin\/wp-content\/uploads\/sites\/95\/2018\/05\/DSCN8833-bis-40x40.jpg 40w, https:\/\/etab.ac-reunion.fr\/clg-achille-grondin\/wp-content\/uploads\/sites\/95\/2018\/05\/DSCN8833-bis-184x184.jpg 184w\" sizes=\"auto, (max-width: 150px) 100vw, 150px\" \/><\/a>\n\t\t\t<\/dt><\/dl><br style=\"clear: both\" \/><dl class='gallery-item'>\n\t\t\t<dt class='gallery-icon landscape'>\n\t\t\t\t<a href='https:\/\/etab.ac-reunion.fr\/clg-achille-grondin\/rencontre-avec-un-auteur-de-litterature-de-jeunesse-yves-grevet\/20180427_135548-bis\/'><img loading=\"lazy\" decoding=\"async\" width=\"150\" height=\"150\" src=\"https:\/\/etab.ac-reunion.fr\/clg-achille-grondin\/wp-content\/uploads\/sites\/95\/2018\/05\/20180427_135548-bis-150x150.jpg\" class=\"attachment-thumbnail size-thumbnail\" alt=\"\" srcset=\"https:\/\/etab.ac-reunion.fr\/clg-achille-grondin\/wp-content\/uploads\/sites\/95\/2018\/05\/20180427_135548-bis-150x150.jpg 150w, https:\/\/etab.ac-reunion.fr\/clg-achille-grondin\/wp-content\/uploads\/sites\/95\/2018\/05\/20180427_135548-bis-200x200.jpg 200w, https:\/\/etab.ac-reunion.fr\/clg-achille-grondin\/wp-content\/uploads\/sites\/95\/2018\/05\/20180427_135548-bis-130x130.jpg 130w, https:\/\/etab.ac-reunion.fr\/clg-achille-grondin\/wp-content\/uploads\/sites\/95\/2018\/05\/20180427_135548-bis-67x67.jpg 67w, https:\/\/etab.ac-reunion.fr\/clg-achille-grondin\/wp-content\/uploads\/sites\/95\/2018\/05\/20180427_135548-bis-40x40.jpg 40w, https:\/\/etab.ac-reunion.fr\/clg-achille-grondin\/wp-content\/uploads\/sites\/95\/2018\/05\/20180427_135548-bis-184x184.jpg 184w\" sizes=\"auto, (max-width: 150px) 100vw, 150px\" \/><\/a>\n\t\t\t<\/dt><\/dl><dl class='gallery-item'>\n\t\t\t<dt class='gallery-icon landscape'>\n\t\t\t\t<a href='https:\/\/etab.ac-reunion.fr\/clg-achille-grondin\/rencontre-avec-un-auteur-de-litterature-de-jeunesse-yves-grevet\/20180427_135528-bis\/'><img loading=\"lazy\" decoding=\"async\" width=\"150\" height=\"150\" src=\"https:\/\/etab.ac-reunion.fr\/clg-achille-grondin\/wp-content\/uploads\/sites\/95\/2018\/05\/20180427_135528-bis-150x150.jpg\" class=\"attachment-thumbnail size-thumbnail\" alt=\"\" srcset=\"https:\/\/etab.ac-reunion.fr\/clg-achille-grondin\/wp-content\/uploads\/sites\/95\/2018\/05\/20180427_135528-bis-150x150.jpg 150w, https:\/\/etab.ac-reunion.fr\/clg-achille-grondin\/wp-content\/uploads\/sites\/95\/2018\/05\/20180427_135528-bis-200x200.jpg 200w, https:\/\/etab.ac-reunion.fr\/clg-achille-grondin\/wp-content\/uploads\/sites\/95\/2018\/05\/20180427_135528-bis-130x130.jpg 130w, https:\/\/etab.ac-reunion.fr\/clg-achille-grondin\/wp-content\/uploads\/sites\/95\/2018\/05\/20180427_135528-bis-67x67.jpg 67w, https:\/\/etab.ac-reunion.fr\/clg-achille-grondin\/wp-content\/uploads\/sites\/95\/2018\/05\/20180427_135528-bis-40x40.jpg 40w, https:\/\/etab.ac-reunion.fr\/clg-achille-grondin\/wp-content\/uploads\/sites\/95\/2018\/05\/20180427_135528-bis-184x184.jpg 184w\" sizes=\"auto, (max-width: 150px) 100vw, 150px\" \/><\/a>\n\t\t\t<\/dt><\/dl><dl class='gallery-item'>\n\t\t\t<dt class='gallery-icon landscape'>\n\t\t\t\t<a href='https:\/\/etab.ac-reunion.fr\/clg-achille-grondin\/rencontre-avec-un-auteur-de-litterature-de-jeunesse-yves-grevet\/20180427_131610-bis\/'><img loading=\"lazy\" decoding=\"async\" width=\"150\" height=\"150\" src=\"https:\/\/etab.ac-reunion.fr\/clg-achille-grondin\/wp-content\/uploads\/sites\/95\/2018\/05\/20180427_131610-bis-150x150.jpg\" class=\"attachment-thumbnail size-thumbnail\" alt=\"\" srcset=\"https:\/\/etab.ac-reunion.fr\/clg-achille-grondin\/wp-content\/uploads\/sites\/95\/2018\/05\/20180427_131610-bis-150x150.jpg 150w, https:\/\/etab.ac-reunion.fr\/clg-achille-grondin\/wp-content\/uploads\/sites\/95\/2018\/05\/20180427_131610-bis-200x200.jpg 200w, https:\/\/etab.ac-reunion.fr\/clg-achille-grondin\/wp-content\/uploads\/sites\/95\/2018\/05\/20180427_131610-bis-130x130.jpg 130w, https:\/\/etab.ac-reunion.fr\/clg-achille-grondin\/wp-content\/uploads\/sites\/95\/2018\/05\/20180427_131610-bis-67x67.jpg 67w, https:\/\/etab.ac-reunion.fr\/clg-achille-grondin\/wp-content\/uploads\/sites\/95\/2018\/05\/20180427_131610-bis-40x40.jpg 40w, https:\/\/etab.ac-reunion.fr\/clg-achille-grondin\/wp-content\/uploads\/sites\/95\/2018\/05\/20180427_131610-bis-184x184.jpg 184w\" sizes=\"auto, (max-width: 150px) 100vw, 150px\" \/><\/a>\n\t\t\t<\/dt><\/dl><br style=\"clear: both\" \/><dl class='gallery-item'>\n\t\t\t<dt class='gallery-icon landscape'>\n\t\t\t\t<a href='https:\/\/etab.ac-reunion.fr\/clg-achille-grondin\/rencontre-avec-un-auteur-de-litterature-de-jeunesse-yves-grevet\/20180427_144212-bis\/'><img loading=\"lazy\" decoding=\"async\" width=\"150\" height=\"150\" src=\"https:\/\/etab.ac-reunion.fr\/clg-achille-grondin\/wp-content\/uploads\/sites\/95\/2018\/05\/20180427_144212-bis-150x150.jpg\" class=\"attachment-thumbnail size-thumbnail\" alt=\"\" srcset=\"https:\/\/etab.ac-reunion.fr\/clg-achille-grondin\/wp-content\/uploads\/sites\/95\/2018\/05\/20180427_144212-bis-150x150.jpg 150w, https:\/\/etab.ac-reunion.fr\/clg-achille-grondin\/wp-content\/uploads\/sites\/95\/2018\/05\/20180427_144212-bis-200x200.jpg 200w, https:\/\/etab.ac-reunion.fr\/clg-achille-grondin\/wp-content\/uploads\/sites\/95\/2018\/05\/20180427_144212-bis-130x130.jpg 130w, https:\/\/etab.ac-reunion.fr\/clg-achille-grondin\/wp-content\/uploads\/sites\/95\/2018\/05\/20180427_144212-bis-67x67.jpg 67w, https:\/\/etab.ac-reunion.fr\/clg-achille-grondin\/wp-content\/uploads\/sites\/95\/2018\/05\/20180427_144212-bis-40x40.jpg 40w, https:\/\/etab.ac-reunion.fr\/clg-achille-grondin\/wp-content\/uploads\/sites\/95\/2018\/05\/20180427_144212-bis-184x184.jpg 184w\" sizes=\"auto, (max-width: 150px) 100vw, 150px\" \/><\/a>\n\t\t\t<\/dt><\/dl><dl class='gallery-item'>\n\t\t\t<dt class='gallery-icon landscape'>\n\t\t\t\t<a href='https:\/\/etab.ac-reunion.fr\/clg-achille-grondin\/rencontre-avec-un-auteur-de-litterature-de-jeunesse-yves-grevet\/20180427_144116-bis\/'><img loading=\"lazy\" decoding=\"async\" width=\"150\" height=\"150\" src=\"https:\/\/etab.ac-reunion.fr\/clg-achille-grondin\/wp-content\/uploads\/sites\/95\/2018\/05\/20180427_144116-bis-150x150.jpg\" class=\"attachment-thumbnail size-thumbnail\" alt=\"\" srcset=\"https:\/\/etab.ac-reunion.fr\/clg-achille-grondin\/wp-content\/uploads\/sites\/95\/2018\/05\/20180427_144116-bis-150x150.jpg 150w, https:\/\/etab.ac-reunion.fr\/clg-achille-grondin\/wp-content\/uploads\/sites\/95\/2018\/05\/20180427_144116-bis-200x200.jpg 200w, https:\/\/etab.ac-reunion.fr\/clg-achille-grondin\/wp-content\/uploads\/sites\/95\/2018\/05\/20180427_144116-bis-130x130.jpg 130w, https:\/\/etab.ac-reunion.fr\/clg-achille-grondin\/wp-content\/uploads\/sites\/95\/2018\/05\/20180427_144116-bis-67x67.jpg 67w, https:\/\/etab.ac-reunion.fr\/clg-achille-grondin\/wp-content\/uploads\/sites\/95\/2018\/05\/20180427_144116-bis-40x40.jpg 40w, https:\/\/etab.ac-reunion.fr\/clg-achille-grondin\/wp-content\/uploads\/sites\/95\/2018\/05\/20180427_144116-bis-184x184.jpg 184w\" sizes=\"auto, (max-width: 150px) 100vw, 150px\" \/><\/a>\n\t\t\t<\/dt><\/dl><dl class='gallery-item'>\n\t\t\t<dt class='gallery-icon landscape'>\n\t\t\t\t<a href='https:\/\/etab.ac-reunion.fr\/clg-achille-grondin\/rencontre-avec-un-auteur-de-litterature-de-jeunesse-yves-grevet\/20180427_144250-bis\/'><img loading=\"lazy\" decoding=\"async\" width=\"150\" height=\"150\" src=\"https:\/\/etab.ac-reunion.fr\/clg-achille-grondin\/wp-content\/uploads\/sites\/95\/2018\/05\/20180427_144250-bis-150x150.jpg\" class=\"attachment-thumbnail size-thumbnail\" alt=\"\" srcset=\"https:\/\/etab.ac-reunion.fr\/clg-achille-grondin\/wp-content\/uploads\/sites\/95\/2018\/05\/20180427_144250-bis-150x150.jpg 150w, https:\/\/etab.ac-reunion.fr\/clg-achille-grondin\/wp-content\/uploads\/sites\/95\/2018\/05\/20180427_144250-bis-200x200.jpg 200w, https:\/\/etab.ac-reunion.fr\/clg-achille-grondin\/wp-content\/uploads\/sites\/95\/2018\/05\/20180427_144250-bis-130x130.jpg 130w, https:\/\/etab.ac-reunion.fr\/clg-achille-grondin\/wp-content\/uploads\/sites\/95\/2018\/05\/20180427_144250-bis-67x67.jpg 67w, https:\/\/etab.ac-reunion.fr\/clg-achille-grondin\/wp-content\/uploads\/sites\/95\/2018\/05\/20180427_144250-bis-40x40.jpg 40w, https:\/\/etab.ac-reunion.fr\/clg-achille-grondin\/wp-content\/uploads\/sites\/95\/2018\/05\/20180427_144250-bis-184x184.jpg 184w\" sizes=\"auto, (max-width: 150px) 100vw, 150px\" \/><\/a>\n\t\t\t<\/dt><\/dl><br style=\"clear: both\" \/>\n\t\t<\/div>\n\n<\/div>\n<div><\/div>\n<div>Les \u00e9l\u00e8ves de la classe 602, accompagn\u00e9s de leur professeure de fran\u00e7ais, Nathalie De La Hogue et l&rsquo;\u00e9quipe du CDI, ont accueilli pour une rencontre, vendredi 27 avril 2018 dans l&rsquo;apr\u00e8s-midi, l&rsquo;auteur de\u00a0<i>L&rsquo;\u00e9cole est finie, Jacquot et le grand-p\u00e8re indigne, U4 Koridwen, M\u00e9to<\/i>\u00a0et de bien d&rsquo;autres titres. Cette rencontre men\u00e9e dans le cadre de l&rsquo;action \u00ab\u00a0un auteur, des lecteurs\u00a0\u00bb propos\u00e9e par l&rsquo;association \u00ab\u00a0Une \u00eele \u00e0 la page\u00a0\u00bb (autrefois nomm\u00e9es respectivement : un \u00e9crivain au CDI et l&rsquo;ADBEN R\u00e9union) a \u00e9t\u00e9 l&rsquo;aboutissement de s\u00e9ances de travail au CDI et en salle informatique.<\/div>\n<div><\/div>\n<div><\/div>\n<div>Les \u00e9l\u00e8ves de la 602 avaient totalement pris en charge l&rsquo;organisation de cette rencontre avec \u00e9nergie et enthousiasme : de l&rsquo;am\u00e9nagement du lieu CDI pour l&rsquo;occasion, au contenu du programme. Nous avions pour objectif de les mobiliser collectivement autour de ce projet de rencontre :\u00a0La\u00a0<span class=\"m_-9005402101603955415m_2691684565900238906gmail-m_-4704880651505206236gmail-m_-2264207001189001239m_-213077961114255542m_-401023393929060870m_6996414272925431485gmail-m_-2657218443601325164gmail-il\">rencontre<\/span>\u00a0d&rsquo;une classe\u00a0<span class=\"m_-9005402101603955415m_2691684565900238906gmail-m_-4704880651505206236gmail-m_-2264207001189001239m_-213077961114255542m_-401023393929060870m_6996414272925431485gmail-m_-2657218443601325164gmail-il\">avec<\/span>\u00a0un\u00a0<span class=\"m_-9005402101603955415m_2691684565900238906gmail-m_-4704880651505206236gmail-m_-2264207001189001239m_-213077961114255542m_-401023393929060870m_6996414272925431485gmail-m_-2657218443601325164gmail-il\">auteur<\/span>\u00a0est toujours un temps fort dans une ann\u00e9e scolaire. Elle permet aux \u00e9l\u00e8ves d&rsquo;approfondir la d\u00e9couverte d&rsquo;une \u0153uvre et d&rsquo;un univers artistique, d&rsquo;\u00eatre sensibilis\u00e9s \u00e0 la dimension humaine et cr\u00e9ative d&rsquo;une personne, de donner de l&rsquo;\u00e9lan suppl\u00e9mentaire \u00e0 une dynamique de classe gr\u00e2ce \u00e0 la perspective de cette\u00a0<span class=\"m_-9005402101603955415m_2691684565900238906gmail-m_-4704880651505206236gmail-m_-2264207001189001239m_-213077961114255542m_-401023393929060870m_6996414272925431485gmail-m_-2657218443601325164gmail-il\">rencontre tout en\u00a0<\/span>valorisant un travail collectif.<\/div>\n<div><\/div>\n<div><\/div>\n<div>Les \u00e9l\u00e8ves ont donc propos\u00e9 \u00e0 l&rsquo;auteur un discours de bienvenue, une devinette sous la forme d&rsquo;un extrait de texte d&rsquo;un de ses livres traduit en cr\u00e9ole et mis en voix. Ce dernier a reconnu sans difficult\u00e9 le d\u00e9but de\u00a0<i>l&rsquo;\u00e9cole est finie<\/i>, suivi d&rsquo;une lecture du m\u00eame extrait en fran\u00e7ais cette fois et une premi\u00e8re de couverture du m\u00eame titre r\u00e9alis\u00e9e par deux \u00e9l\u00e8ves lui ont \u00e9t\u00e9 \u00e9galement offertes. Le jeu des questions-r\u00e9ponses a permis a chacun de mieux conna\u00eetre Yves Grevet et d&rsquo;appr\u00e9cier sa gentillesse, son humour et\u00a0son talent de raconteur d&rsquo;histoires comme on les aime tout particuli\u00e8rement, ici, \u00e0 Saint Joseph !<\/div>\n<div><\/div>\n<div><\/div>\n<div>Les quelques \u00e9l\u00e8ves de quatri\u00e8me (classe 408) invit\u00e9s \u00e0 la rencontre ont propos\u00e9 \u00e0 l&rsquo;auteur le visionnage de quelques unes de leurs de capsules vid\u00e9os sur deux de ses titres\u00a0(visibles pour l&rsquo;instant seulement dans l&rsquo;espace travail de la classe 408 sur l&rsquo;ENT de l&rsquo;\u00e9tablissement.).<\/div>\n<div><\/div>\n<div><\/div>\n<div>La rencontre s&rsquo;est achev\u00e9e sur les remerciements des \u00e9l\u00e8ves \u00e0 notre invit\u00e9 et sur une note festive : un go\u00fbter partage organis\u00e9 par les \u00e9l\u00e8ves avec en toile de fond un montage de photographies de notre ville r\u00e9alis\u00e9es par les \u00e9l\u00e8ves du club photo sur des musiques choisies par quelques \u00e9l\u00e8ves de la 602 a mis en joie chacun des participants.<\/div>\n<div><\/div>\n<div>Nos objectifs de r\u00e9ussir la rencontre et de promouvoir et d&rsquo;inciter \u00e0 la lecture sont atteints !<\/div>\n<div><\/div>\n<div>N&rsquo;h\u00e9sitez pas \u00e0 lire les livres d&rsquo;Yves Grevet tout sp\u00e9cialement d\u00e9dicac\u00e9s pour tous les lecteurs du CDI du coll\u00e8ge Achille Grondin !<\/div>\n<div><\/div>\n<div>\n<div>Christine Caset<\/div>\n<div>professeure documentaliste<\/div>\n<\/div>\n<div><\/div>\n<div><\/div>\n<div><b>Quelques mots d&rsquo;\u00e9l\u00e8ves :\u00a0<\/b><\/div>\n<div><\/div>\n<div><b>Oc\u00e9ane H<\/b>. : c&rsquo;\u00e9tait un tr\u00e8s bon moment pass\u00e9 avec Yves Grevet dans la bonne humeur et\u00a0 la joie parce qu\u2019il\u00a0est gentil et il r\u00e9pond avec humour.<\/div>\n<div><\/div>\n<div><b>Noah<\/b>\u00a0: j&rsquo;ai aim\u00e9 le moment des d\u00e9dicaces car vous avez \u00e9t\u00e9 patient.<\/div>\n<div><\/div>\n<div><b>Aliz\u00e9e et Oc\u00e9ane P<\/b>.: Merci, j&rsquo;esp\u00e8re que vous avez appr\u00e9ci\u00e9 ce moment autant que nous.<\/div>\n<div><\/div>\n<div><b>Brice<\/b>\u00a0: j&rsquo;ai ador\u00e9 vous poser des questions et j&rsquo;ai aim\u00e9 lire\u00a0<i>l&rsquo;Ecole est finie<\/i>. En ce moment je lis le premier tome de<i>\u00a0M\u00e9to<\/i>. J&rsquo;esp\u00e8re que vous continuerez \u00e0 \u00e9crire des livres cools.<\/div>\n<div><\/div>\n<div><b>Fabrice<\/b>\u00a0: J&rsquo;aimerais bien lire votre futur livre sur la R\u00e9union et je vous souhaite plein de succ\u00e8s.<\/div>\n<div><\/div>\n<div><b>Dany et Louane\u00a0<\/b>: on a appris plein de choses sur vous.<\/div>\n<div><\/div>\n<div><b>L\u00e9o-Paul\u00a0<\/b>: j&rsquo;ai aim\u00e9 vous offrir la premi\u00e8re de couverture et je vais lire le tome 1 de\u00a0<i>Nox<\/i>.<\/div>\n<div><\/div>\n<div><b>Caroline et Myl\u00e9na<\/b>: J&rsquo;ai bien aim\u00e9 car tout le monde a particip\u00e9.<\/div>\n<div><\/div>\n<div><b>Rapha\u00ebl<\/b>\u00a0: c&rsquo;\u00e9tait amusant et joyeux.<\/div>\n<div><\/div>\n<div><b>Shana\u00a0<\/b>: j&rsquo;ai bien aim\u00e9 la journ\u00e9e type d&rsquo;un \u00e9crivain, \u00e7a m&rsquo;a presque donn\u00e9 envie d&rsquo;\u00e9crire.<\/div>\n<div><\/div>\n<div><b>Doloriane\u00a0<\/b>: mon moment pr\u00e9f\u00e9r\u00e9 c&rsquo;\u00e9tait la capsule vid\u00e9o de Louna : \u00e7a m&rsquo;a donn\u00e9 envie de lire\u00a0<i>U4 Koridwen<\/i>.<\/div>\n<div><\/div>\n<div><b>Sofiane<\/b>\u00a0: mon livre pr\u00e9f\u00e9r\u00e9 est\u00a0<i>M\u00e9to<\/i>\u00a02 et je suis ravi que vous continuiez \u00e0 \u00e9crire.<\/div>\n<div><\/div>\n<div><b>S\u00e9bastien\u00a0<\/b>: j&rsquo;ai aim\u00e9 sa fa\u00e7on de r\u00e9pondre aux questions c&rsquo;est-\u00e0-dire avec des histoires.<\/div>\n<div><\/div>\n<div><b>Lucas<\/b>\u00a0: Yves Grevet est cool, s\u00e9rieux, sympa, patient.<\/div>\n<div><\/div>\n<div><b>Jade\u00a0<\/b>: j&rsquo;ai aim\u00e9 quand il a nous a partag\u00e9 ses souvenirs avec nous.<\/div>\n<div><\/div>\n<div><b>Enzo<\/b>\u00a0: j&rsquo;ai beaucoup aim\u00e9 quand il a r\u00e9pondu aux questions.<\/div>\n<div><\/div>\n<div><b>Camille<\/b>\u00a0: il r\u00e9pondait pr\u00e9cis\u00e9ment aux questions et c&rsquo;\u00e9tait super et j&rsquo;ai beaucoup aim\u00e9 le go\u00fbter.<\/div>\n<div><\/div>\n<div><b>Lucas<\/b>\u00a0: j&rsquo;ai aim\u00e9 dire le texte en cr\u00e9ole et \u00e7a m&rsquo;a fait plaisir quand il a dit : \u00ab\u00a0c&rsquo;est peut-\u00eatre vous qui le traduirez plus tard en cr\u00e9ole ?\u00a0\u00bb<\/div>\n<div><\/div>\n<div><\/div>\n<!-- AddThis Advanced Settings generic via filter on the_content --><!-- AddThis Share Buttons generic via filter on the_content -->","protected":false},"excerpt":{"rendered":"<p>Les \u00e9l\u00e8ves de la classe 602, accompagn\u00e9s de leur professeure de fran\u00e7ais, Nathalie De La Hogue et l&rsquo;\u00e9quipe du CDI, ont accueilli pour une rencontre, vendredi 27 avril 2018 dans l&rsquo;apr\u00e8s-midi, l&rsquo;auteur de\u00a0L&rsquo;\u00e9cole est finie, Jacquot et le grand-p\u00e8re indigne, U4 Koridwen, M\u00e9to\u00a0et de bien d&rsquo;autres titres. Cette rencontre men\u00e9e dans le cadre de l&rsquo;action [&hellip;]<!-- AddThis Advanced Settings generic via filter on get_the_excerpt --><!-- AddThis Share Buttons generic via filter on get_the_excerpt --><\/p>\n","protected":false},"author":2760,"featured_media":2764,"comment_status":"open","ping_status":"open","sticky":false,"template":"","format":"standard","meta":{"footnotes":""},"categories":[2,31],"tags":[],"class_list":["post-2754","post","type-post","status-publish","format-standard","has-post-thumbnail","hentry","category-actus","category-international"],"_links":{"self":[{"href":"https:\/\/etab.ac-reunion.fr\/clg-achille-grondin\/wp-json\/wp\/v2\/posts\/2754","targetHints":{"allow":["GET"]}}],"collection":[{"href":"https:\/\/etab.ac-reunion.fr\/clg-achille-grondin\/wp-json\/wp\/v2\/posts"}],"about":[{"href":"https:\/\/etab.ac-reunion.fr\/clg-achille-grondin\/wp-json\/wp\/v2\/types\/post"}],"author":[{"embeddable":true,"href":"https:\/\/etab.ac-reunion.fr\/clg-achille-grondin\/wp-json\/wp\/v2\/users\/2760"}],"replies":[{"embeddable":true,"href":"https:\/\/etab.ac-reunion.fr\/clg-achille-grondin\/wp-json\/wp\/v2\/comments?post=2754"}],"version-history":[{"count":5,"href":"https:\/\/etab.ac-reunion.fr\/clg-achille-grondin\/wp-json\/wp\/v2\/posts\/2754\/revisions"}],"predecessor-version":[{"id":2768,"href":"https:\/\/etab.ac-reunion.fr\/clg-achille-grondin\/wp-json\/wp\/v2\/posts\/2754\/revisions\/2768"}],"wp:featuredmedia":[{"embeddable":true,"href":"https:\/\/etab.ac-reunion.fr\/clg-achille-grondin\/wp-json\/wp\/v2\/media\/2764"}],"wp:attachment":[{"href":"https:\/\/etab.ac-reunion.fr\/clg-achille-grondin\/wp-json\/wp\/v2\/media?parent=2754"}],"wp:term":[{"taxonomy":"category","embeddable":true,"href":"https:\/\/etab.ac-reunion.fr\/clg-achille-grondin\/wp-json\/wp\/v2\/categories?post=2754"},{"taxonomy":"post_tag","embeddable":true,"href":"https:\/\/etab.ac-reunion.fr\/clg-achille-grondin\/wp-json\/wp\/v2\/tags?post=2754"}],"curies":[{"name":"wp","href":"https:\/\/api.w.org\/{rel}","templated":true}]}}