{"id":3044,"date":"2018-09-14T15:44:58","date_gmt":"2018-09-14T11:44:58","guid":{"rendered":"http:\/\/college-achille-grondin.ac-reunion.fr\/?p=3044"},"modified":"2018-09-14T16:10:19","modified_gmt":"2018-09-14T12:10:19","slug":"journee-de-lutte-contre-la-dengue","status":"publish","type":"post","link":"https:\/\/etab.ac-reunion.fr\/clg-achille-grondin\/journee-de-lutte-contre-la-dengue\/","title":{"rendered":"Journ\u00e9e de Lutte contre la Dengue"},"content":{"rendered":"<p>Ce mardi 11 septembre, une s\u00e9ance de cours a \u00e9t\u00e9 consacr\u00e9e au th\u00e8me de la lutte contre la dengue.<\/p>\n<p>A cette occasion les \u00e9l\u00e8ves de 3\u00e8me Pr\u00e9pa Pro (308) sont intervenus par bin\u00f4me dans chaque classe pour montrer \u00e0 leurs camarades comment r\u00e9aliser un pi\u00e8ge \u00e0 moustiques \u00e0 partir d&rsquo;une bouteille en plastique, d&rsquo;eau et d&rsquo;un peu de sucre et de levure. Ils leur ont \u00e9galement expliquer pourquoi ce pi\u00e8ge fonctionnait et l&rsquo;importance pour chacun d&rsquo;agir contre ce fl\u00e9au.<a href=\"https:\/\/etab.ac-reunion.fr\/clg-achille-grondin\/wp-content\/uploads\/sites\/95\/2018\/09\/lutte-dengue.jpg\"><img loading=\"lazy\" decoding=\"async\" class=\"alignnone size-medium wp-image-3037\" src=\"https:\/\/etab.ac-reunion.fr\/clg-achille-grondin\/wp-content\/uploads\/sites\/95\/2018\/09\/lutte-dengue-300x169.jpg\" alt=\"\" width=\"300\" height=\"169\" srcset=\"https:\/\/etab.ac-reunion.fr\/clg-achille-grondin\/wp-content\/uploads\/sites\/95\/2018\/09\/lutte-dengue-300x169.jpg 300w, https:\/\/etab.ac-reunion.fr\/clg-achille-grondin\/wp-content\/uploads\/sites\/95\/2018\/09\/lutte-dengue-1024x576.jpg 1024w, https:\/\/etab.ac-reunion.fr\/clg-achille-grondin\/wp-content\/uploads\/sites\/95\/2018\/09\/lutte-dengue-95x54.jpg 95w, https:\/\/etab.ac-reunion.fr\/clg-achille-grondin\/wp-content\/uploads\/sites\/95\/2018\/09\/lutte-dengue.jpg 1280w\" sizes=\"auto, (max-width: 300px) 100vw, 300px\" \/><\/a><\/p>\n<!-- AddThis Advanced Settings generic via filter on the_content --><!-- AddThis Share Buttons generic via filter on the_content -->","protected":false},"excerpt":{"rendered":"<p>Ce mardi 11 septembre, une s\u00e9ance de cours a \u00e9t\u00e9 consacr\u00e9e au th\u00e8me de la lutte contre la dengue. A cette occasion les \u00e9l\u00e8ves de 3\u00e8me Pr\u00e9pa Pro (308) sont intervenus par bin\u00f4me dans chaque classe pour montrer \u00e0 leurs camarades comment r\u00e9aliser un pi\u00e8ge \u00e0 moustiques \u00e0 partir d&rsquo;une bouteille en plastique, d&rsquo;eau et [&hellip;]<!-- AddThis Advanced Settings generic via filter on get_the_excerpt --><!-- AddThis Share Buttons generic via filter on get_the_excerpt --><\/p>\n","protected":false},"author":19116,"featured_media":3037,"comment_status":"open","ping_status":"open","sticky":false,"template":"","format":"standard","meta":{"footnotes":""},"categories":[2],"tags":[],"class_list":["post-3044","post","type-post","status-publish","format-standard","has-post-thumbnail","hentry","category-actus"],"_links":{"self":[{"href":"https:\/\/etab.ac-reunion.fr\/clg-achille-grondin\/wp-json\/wp\/v2\/posts\/3044","targetHints":{"allow":["GET"]}}],"collection":[{"href":"https:\/\/etab.ac-reunion.fr\/clg-achille-grondin\/wp-json\/wp\/v2\/posts"}],"about":[{"href":"https:\/\/etab.ac-reunion.fr\/clg-achille-grondin\/wp-json\/wp\/v2\/types\/post"}],"author":[{"embeddable":true,"href":"https:\/\/etab.ac-reunion.fr\/clg-achille-grondin\/wp-json\/wp\/v2\/users\/19116"}],"replies":[{"embeddable":true,"href":"https:\/\/etab.ac-reunion.fr\/clg-achille-grondin\/wp-json\/wp\/v2\/comments?post=3044"}],"version-history":[{"count":1,"href":"https:\/\/etab.ac-reunion.fr\/clg-achille-grondin\/wp-json\/wp\/v2\/posts\/3044\/revisions"}],"predecessor-version":[{"id":3045,"href":"https:\/\/etab.ac-reunion.fr\/clg-achille-grondin\/wp-json\/wp\/v2\/posts\/3044\/revisions\/3045"}],"wp:featuredmedia":[{"embeddable":true,"href":"https:\/\/etab.ac-reunion.fr\/clg-achille-grondin\/wp-json\/wp\/v2\/media\/3037"}],"wp:attachment":[{"href":"https:\/\/etab.ac-reunion.fr\/clg-achille-grondin\/wp-json\/wp\/v2\/media?parent=3044"}],"wp:term":[{"taxonomy":"category","embeddable":true,"href":"https:\/\/etab.ac-reunion.fr\/clg-achille-grondin\/wp-json\/wp\/v2\/categories?post=3044"},{"taxonomy":"post_tag","embeddable":true,"href":"https:\/\/etab.ac-reunion.fr\/clg-achille-grondin\/wp-json\/wp\/v2\/tags?post=3044"}],"curies":[{"name":"wp","href":"https:\/\/api.w.org\/{rel}","templated":true}]}}