{"id":3229,"date":"2018-11-20T07:27:35","date_gmt":"2018-11-20T03:27:35","guid":{"rendered":"http:\/\/college-achille-grondin.ac-reunion.fr\/?p=3229"},"modified":"2018-12-04T06:41:36","modified_gmt":"2018-12-04T02:41:36","slug":"information-mardi-20-novembre","status":"publish","type":"post","link":"https:\/\/etab.ac-reunion.fr\/clg-achille-grondin\/information-mardi-20-novembre\/","title":{"rendered":"communiqu\u00e9 de presse du rectorat"},"content":{"rendered":"<h3>Le communiqu\u00e9 de presse du rectorat re\u00e7u le 28\/11\/18 \u00e0 19h22 est consultable <a href=\"https:\/\/etab.ac-reunion.fr\/clg-achille-grondin\/wp-content\/uploads\/sites\/95\/2018\/11\/2018_11_28_CP_Ouverture-ecoles-et-etablissements-scolaires.pdf\"><span style=\"text-decoration: underline\"><span style=\"color: #3366ff;text-decoration: underline\">en cliquant sur ce lien<\/span><\/span><\/a>.<\/h3>\n<p><!--more--><\/p>\n<h4>Pour information l&rsquo;article R421-12 du code de l&rsquo;\u00e9ducation est consultable <span style=\"text-decoration: underline;color: #ff9900\"><a style=\"color: #ff9900;text-decoration: underline\" href=\"https:\/\/etab.ac-reunion.fr\/clg-achille-grondin\/wp-content\/uploads\/sites\/95\/2018\/11\/article-R421-12.pdf\">en cliquant sur ce lien<\/a><\/span>.<\/h4>\n<p>(pour m\u00e9moire, message du Principal du 26\/11\/18)<\/p>\n<h4><em>En raison des difficult\u00e9s de circulation persistantes, les cours au coll\u00e8ge restent suspendus jusqu&rsquo;\u00e0 nouvel ordre.<\/em><\/h4>\n<h4><em>Il n&rsquo;y aura pas de conseil de classe avant jeudi 29 novembre.<\/em><\/h4>\n<h4><em>Les parents voudront bien consulter Pronote afin d&rsquo;y trouver travail demand\u00e9 et conseils de r\u00e9vision donn\u00e9s par les enseignants aux \u00e9l\u00e8ves.<\/em><\/h4>\n<h4><em>A cette fin les cours n&rsquo;appara\u00eetront plus comme \u00ab\u00a0supprim\u00e9s\u00a0\u00bb sur Pronote.<\/em><\/h4>\n<h4><\/h4>\n<!-- AddThis Advanced Settings generic via filter on the_content --><!-- AddThis Share Buttons generic via filter on the_content -->","protected":false},"excerpt":{"rendered":"<p>Le communiqu\u00e9 de presse du rectorat re\u00e7u le 28\/11\/18 \u00e0 19h22 est consultable en cliquant sur ce lien.<!-- AddThis Advanced Settings generic via filter on get_the_excerpt --><!-- AddThis Share Buttons generic via filter on get_the_excerpt --><\/p>\n","protected":false},"author":19116,"featured_media":3279,"comment_status":"open","ping_status":"open","sticky":false,"template":"","format":"standard","meta":{"footnotes":""},"categories":[2],"tags":[],"class_list":["post-3229","post","type-post","status-publish","format-standard","has-post-thumbnail","hentry","category-actus"],"_links":{"self":[{"href":"https:\/\/etab.ac-reunion.fr\/clg-achille-grondin\/wp-json\/wp\/v2\/posts\/3229","targetHints":{"allow":["GET"]}}],"collection":[{"href":"https:\/\/etab.ac-reunion.fr\/clg-achille-grondin\/wp-json\/wp\/v2\/posts"}],"about":[{"href":"https:\/\/etab.ac-reunion.fr\/clg-achille-grondin\/wp-json\/wp\/v2\/types\/post"}],"author":[{"embeddable":true,"href":"https:\/\/etab.ac-reunion.fr\/clg-achille-grondin\/wp-json\/wp\/v2\/users\/19116"}],"replies":[{"embeddable":true,"href":"https:\/\/etab.ac-reunion.fr\/clg-achille-grondin\/wp-json\/wp\/v2\/comments?post=3229"}],"version-history":[{"count":22,"href":"https:\/\/etab.ac-reunion.fr\/clg-achille-grondin\/wp-json\/wp\/v2\/posts\/3229\/revisions"}],"predecessor-version":[{"id":3280,"href":"https:\/\/etab.ac-reunion.fr\/clg-achille-grondin\/wp-json\/wp\/v2\/posts\/3229\/revisions\/3280"}],"wp:featuredmedia":[{"embeddable":true,"href":"https:\/\/etab.ac-reunion.fr\/clg-achille-grondin\/wp-json\/wp\/v2\/media\/3279"}],"wp:attachment":[{"href":"https:\/\/etab.ac-reunion.fr\/clg-achille-grondin\/wp-json\/wp\/v2\/media?parent=3229"}],"wp:term":[{"taxonomy":"category","embeddable":true,"href":"https:\/\/etab.ac-reunion.fr\/clg-achille-grondin\/wp-json\/wp\/v2\/categories?post=3229"},{"taxonomy":"post_tag","embeddable":true,"href":"https:\/\/etab.ac-reunion.fr\/clg-achille-grondin\/wp-json\/wp\/v2\/tags?post=3229"}],"curies":[{"name":"wp","href":"https:\/\/api.w.org\/{rel}","templated":true}]}}