{"id":3311,"date":"2019-02-03T21:31:39","date_gmt":"2019-02-03T17:31:39","guid":{"rendered":"http:\/\/college-achille-grondin.ac-reunion.fr\/?p=3311"},"modified":"2019-02-03T21:31:39","modified_gmt":"2019-02-03T17:31:39","slug":"cross-academique","status":"publish","type":"post","link":"https:\/\/etab.ac-reunion.fr\/clg-achille-grondin\/cross-academique\/","title":{"rendered":"Cross Acad\u00e9mique"},"content":{"rendered":"<h3>Ce mercredi 30 janvier, 10 \u00e9l\u00e8ves du coll\u00e8ge, accompagn\u00e9s d&rsquo;un professeur, se sont rendus \u00e0 la Plaine-des-Cafres pour participer au cross acad\u00e9mique, apr\u00e8s s&rsquo;\u00eatre brillamment sectionn\u00e9s au titre du Bassin Sud.<\/h3>\n<p>&nbsp;<\/p>\n<h3>F\u00e9licitations \u00e0 Daniel, Kelly, L\u00e9ana, Lohanne, Lucas, Martin, Maxime, Nathan, Valentin et Z\u00e9lie pour avoir d\u00e9fendu les couleurs du coll\u00e8ge.<\/h3>\n<p>&nbsp;<\/p>\n<h3>L&rsquo;\u00e9quipe Minimes termine \u00e0 une honorable 14 \u00e8me place (sur 34 \u00e9quipes class\u00e9es), avec notamment les bonnes performances de Z\u00e9lie (9\u00e8me Fille sur 147) et Martin (13 \u00e8me Gar\u00e7on sur 143). L&rsquo;\u00e9quipe Benjamins n&rsquo;ayant pas pu \u00eatre class\u00e9e suite \u00e0 2 d\u00e9fections mais on notera la bonne performance de Lohanne (25 \u00e8me Fille sur 154).<\/h3>\n<p>&nbsp;<\/p>\n<h3><span style=\"text-decoration: underline\"><strong><a href=\"https:\/\/etab.ac-reunion.fr\/clg-achille-grondin\/wp-content\/uploads\/sites\/95\/2019\/02\/\u00e9l\u00e8ves-cross-acad\u00e9mique.jpg\">Photo de groupe<\/a><\/strong><\/span><\/h3>\n<!-- AddThis Advanced Settings generic via filter on the_content --><!-- AddThis Share Buttons generic via filter on the_content -->","protected":false},"excerpt":{"rendered":"<p>Ce mercredi 30 janvier, 10 \u00e9l\u00e8ves du coll\u00e8ge, accompagn\u00e9s d&rsquo;un professeur, se sont rendus \u00e0 la Plaine-des-Cafres pour participer au cross acad\u00e9mique, apr\u00e8s s&rsquo;\u00eatre brillamment sectionn\u00e9s au titre du Bassin Sud. &nbsp; F\u00e9licitations \u00e0 Daniel, Kelly, L\u00e9ana, Lohanne, Lucas, Martin, Maxime, Nathan, Valentin et Z\u00e9lie pour avoir d\u00e9fendu les couleurs du coll\u00e8ge. &nbsp; L&rsquo;\u00e9quipe Minimes [&hellip;]<!-- AddThis Advanced Settings generic via filter on get_the_excerpt --><!-- AddThis Share Buttons generic via filter on get_the_excerpt --><\/p>\n","protected":false},"author":19116,"featured_media":3299,"comment_status":"open","ping_status":"open","sticky":false,"template":"","format":"standard","meta":{"footnotes":""},"categories":[2,29],"tags":[],"class_list":["post-3311","post","type-post","status-publish","format-standard","has-post-thumbnail","hentry","category-actus","category-section-sportive"],"_links":{"self":[{"href":"https:\/\/etab.ac-reunion.fr\/clg-achille-grondin\/wp-json\/wp\/v2\/posts\/3311","targetHints":{"allow":["GET"]}}],"collection":[{"href":"https:\/\/etab.ac-reunion.fr\/clg-achille-grondin\/wp-json\/wp\/v2\/posts"}],"about":[{"href":"https:\/\/etab.ac-reunion.fr\/clg-achille-grondin\/wp-json\/wp\/v2\/types\/post"}],"author":[{"embeddable":true,"href":"https:\/\/etab.ac-reunion.fr\/clg-achille-grondin\/wp-json\/wp\/v2\/users\/19116"}],"replies":[{"embeddable":true,"href":"https:\/\/etab.ac-reunion.fr\/clg-achille-grondin\/wp-json\/wp\/v2\/comments?post=3311"}],"version-history":[{"count":4,"href":"https:\/\/etab.ac-reunion.fr\/clg-achille-grondin\/wp-json\/wp\/v2\/posts\/3311\/revisions"}],"predecessor-version":[{"id":3315,"href":"https:\/\/etab.ac-reunion.fr\/clg-achille-grondin\/wp-json\/wp\/v2\/posts\/3311\/revisions\/3315"}],"wp:featuredmedia":[{"embeddable":true,"href":"https:\/\/etab.ac-reunion.fr\/clg-achille-grondin\/wp-json\/wp\/v2\/media\/3299"}],"wp:attachment":[{"href":"https:\/\/etab.ac-reunion.fr\/clg-achille-grondin\/wp-json\/wp\/v2\/media?parent=3311"}],"wp:term":[{"taxonomy":"category","embeddable":true,"href":"https:\/\/etab.ac-reunion.fr\/clg-achille-grondin\/wp-json\/wp\/v2\/categories?post=3311"},{"taxonomy":"post_tag","embeddable":true,"href":"https:\/\/etab.ac-reunion.fr\/clg-achille-grondin\/wp-json\/wp\/v2\/tags?post=3311"}],"curies":[{"name":"wp","href":"https:\/\/api.w.org\/{rel}","templated":true}]}}