{"id":3325,"date":"2019-02-25T17:18:58","date_gmt":"2019-02-25T13:18:58","guid":{"rendered":"http:\/\/college-achille-grondin.ac-reunion.fr\/?p=3325"},"modified":"2019-03-07T08:18:28","modified_gmt":"2019-03-07T04:18:28","slug":"journee-lutte-pour-le-primaire","status":"publish","type":"post","link":"https:\/\/etab.ac-reunion.fr\/clg-achille-grondin\/journee-lutte-pour-le-primaire\/","title":{"rendered":"Journ\u00e9e lutte pour le primaire"},"content":{"rendered":"<h3>Jeudi 14 f\u00e9vrier, les \u00e9l\u00e8ves de 12 classes du primaire de Saint-Joseph se sont retrouv\u00e9s au gymnase Ganofsky pour une matin\u00e9e de rencontres de lutte.<\/h3>\n<h3>L&rsquo;arbitrage \u00e9tait assur\u00e9 par nos \u00e9l\u00e8ves de section sportive dont l&rsquo;implication a \u00e9t\u00e9 unanimement appr\u00e9ci\u00e9e.<\/h3>\n<h3>Une seconde s\u00e9ance avec les \u00e9l\u00e8ves d&rsquo;autres \u00e9coles se d\u00e9roulera en fin d&rsquo;ann\u00e9e scolaire.<\/h3>\n<h3><a href=\"https:\/\/etab.ac-reunion.fr\/clg-achille-grondin\/wp-content\/uploads\/sites\/95\/2019\/02\/journ\u00e9e-lutte.jpg\">Cliquer pour d\u00e9couvrir une vue d&rsquo;ensemble.<\/a><\/h3>\n<!-- AddThis Advanced Settings generic via filter on the_content --><!-- AddThis Share Buttons generic via filter on the_content -->","protected":false},"excerpt":{"rendered":"<p>Jeudi 14 f\u00e9vrier, les \u00e9l\u00e8ves de 12 classes du primaire de Saint-Joseph se sont retrouv\u00e9s au gymnase Ganofsky pour une matin\u00e9e de rencontres de lutte. L&rsquo;arbitrage \u00e9tait assur\u00e9 par nos \u00e9l\u00e8ves de section sportive dont l&rsquo;implication a \u00e9t\u00e9 unanimement appr\u00e9ci\u00e9e. Une seconde s\u00e9ance avec les \u00e9l\u00e8ves d&rsquo;autres \u00e9coles se d\u00e9roulera en fin d&rsquo;ann\u00e9e scolaire. Cliquer [&hellip;]<!-- AddThis Advanced Settings generic via filter on get_the_excerpt --><!-- AddThis Share Buttons generic via filter on get_the_excerpt --><\/p>\n","protected":false},"author":19116,"featured_media":3330,"comment_status":"open","ping_status":"open","sticky":false,"template":"","format":"standard","meta":{"footnotes":""},"categories":[2,29],"tags":[],"class_list":["post-3325","post","type-post","status-publish","format-standard","has-post-thumbnail","hentry","category-actus","category-section-sportive"],"_links":{"self":[{"href":"https:\/\/etab.ac-reunion.fr\/clg-achille-grondin\/wp-json\/wp\/v2\/posts\/3325","targetHints":{"allow":["GET"]}}],"collection":[{"href":"https:\/\/etab.ac-reunion.fr\/clg-achille-grondin\/wp-json\/wp\/v2\/posts"}],"about":[{"href":"https:\/\/etab.ac-reunion.fr\/clg-achille-grondin\/wp-json\/wp\/v2\/types\/post"}],"author":[{"embeddable":true,"href":"https:\/\/etab.ac-reunion.fr\/clg-achille-grondin\/wp-json\/wp\/v2\/users\/19116"}],"replies":[{"embeddable":true,"href":"https:\/\/etab.ac-reunion.fr\/clg-achille-grondin\/wp-json\/wp\/v2\/comments?post=3325"}],"version-history":[{"count":2,"href":"https:\/\/etab.ac-reunion.fr\/clg-achille-grondin\/wp-json\/wp\/v2\/posts\/3325\/revisions"}],"predecessor-version":[{"id":3327,"href":"https:\/\/etab.ac-reunion.fr\/clg-achille-grondin\/wp-json\/wp\/v2\/posts\/3325\/revisions\/3327"}],"wp:featuredmedia":[{"embeddable":true,"href":"https:\/\/etab.ac-reunion.fr\/clg-achille-grondin\/wp-json\/wp\/v2\/media\/3330"}],"wp:attachment":[{"href":"https:\/\/etab.ac-reunion.fr\/clg-achille-grondin\/wp-json\/wp\/v2\/media?parent=3325"}],"wp:term":[{"taxonomy":"category","embeddable":true,"href":"https:\/\/etab.ac-reunion.fr\/clg-achille-grondin\/wp-json\/wp\/v2\/categories?post=3325"},{"taxonomy":"post_tag","embeddable":true,"href":"https:\/\/etab.ac-reunion.fr\/clg-achille-grondin\/wp-json\/wp\/v2\/tags?post=3325"}],"curies":[{"name":"wp","href":"https:\/\/api.w.org\/{rel}","templated":true}]}}