{"id":3337,"date":"2019-03-07T18:29:45","date_gmt":"2019-03-07T14:29:45","guid":{"rendered":"http:\/\/college-achille-grondin.ac-reunion.fr\/?p=3337"},"modified":"2019-03-08T12:58:05","modified_gmt":"2019-03-08T08:58:05","slug":"portraits-de-femmes","status":"publish","type":"post","link":"https:\/\/etab.ac-reunion.fr\/clg-achille-grondin\/portraits-de-femmes\/","title":{"rendered":"Portraits de Femmes"},"content":{"rendered":"<p>A l&rsquo;occasion de la journ\u00e9e internationale des droits de la femme, le club UniTeens est fier de vous pr\u00e9senter 5 portraits de femmes ayant marqu\u00e9 l&rsquo;Histoire.<!--more--><\/p>\n<p><a href=\"https:\/\/youtu.be\/FGj3CmQLclk\">https:\/\/youtu.be\/FGj3CmQLclk<\/a><\/p>\n<!-- AddThis Advanced Settings generic via filter on the_content --><!-- AddThis Share Buttons generic via filter on the_content -->","protected":false},"excerpt":{"rendered":"<p>A l&rsquo;occasion de la journ\u00e9e internationale des droits de la femme, le club UniTeens est fier de vous pr\u00e9senter 5 portraits de femmes ayant marqu\u00e9 l&rsquo;Histoire.<!-- AddThis Advanced Settings generic via filter on get_the_excerpt --><!-- AddThis Share Buttons generic via filter on get_the_excerpt --><\/p>\n","protected":false},"author":4349,"featured_media":3346,"comment_status":"open","ping_status":"open","sticky":false,"template":"","format":"standard","meta":{"footnotes":""},"categories":[2],"tags":[],"class_list":["post-3337","post","type-post","status-publish","format-standard","has-post-thumbnail","hentry","category-actus"],"_links":{"self":[{"href":"https:\/\/etab.ac-reunion.fr\/clg-achille-grondin\/wp-json\/wp\/v2\/posts\/3337","targetHints":{"allow":["GET"]}}],"collection":[{"href":"https:\/\/etab.ac-reunion.fr\/clg-achille-grondin\/wp-json\/wp\/v2\/posts"}],"about":[{"href":"https:\/\/etab.ac-reunion.fr\/clg-achille-grondin\/wp-json\/wp\/v2\/types\/post"}],"author":[{"embeddable":true,"href":"https:\/\/etab.ac-reunion.fr\/clg-achille-grondin\/wp-json\/wp\/v2\/users\/4349"}],"replies":[{"embeddable":true,"href":"https:\/\/etab.ac-reunion.fr\/clg-achille-grondin\/wp-json\/wp\/v2\/comments?post=3337"}],"version-history":[{"count":3,"href":"https:\/\/etab.ac-reunion.fr\/clg-achille-grondin\/wp-json\/wp\/v2\/posts\/3337\/revisions"}],"predecessor-version":[{"id":3343,"href":"https:\/\/etab.ac-reunion.fr\/clg-achille-grondin\/wp-json\/wp\/v2\/posts\/3337\/revisions\/3343"}],"wp:featuredmedia":[{"embeddable":true,"href":"https:\/\/etab.ac-reunion.fr\/clg-achille-grondin\/wp-json\/wp\/v2\/media\/3346"}],"wp:attachment":[{"href":"https:\/\/etab.ac-reunion.fr\/clg-achille-grondin\/wp-json\/wp\/v2\/media?parent=3337"}],"wp:term":[{"taxonomy":"category","embeddable":true,"href":"https:\/\/etab.ac-reunion.fr\/clg-achille-grondin\/wp-json\/wp\/v2\/categories?post=3337"},{"taxonomy":"post_tag","embeddable":true,"href":"https:\/\/etab.ac-reunion.fr\/clg-achille-grondin\/wp-json\/wp\/v2\/tags?post=3337"}],"curies":[{"name":"wp","href":"https:\/\/api.w.org\/{rel}","templated":true}]}}