{"id":4103,"date":"2020-05-16T04:45:05","date_gmt":"2020-05-16T00:45:05","guid":{"rendered":"http:\/\/college-achille-grondin.ac-reunion.fr\/?p=4103"},"modified":"2020-05-16T04:46:05","modified_gmt":"2020-05-16T00:46:05","slug":"rentree-du-18-mai","status":"publish","type":"post","link":"https:\/\/etab.ac-reunion.fr\/clg-achille-grondin\/rentree-du-18-mai\/","title":{"rendered":"Rentr\u00e9e du 18 mai"},"content":{"rendered":"\n<p>Le Conseil d&rsquo;Administration Extraordinaire de ce jour, vendredi 15 mai 2020, a valid\u00e9 les modalit\u00e9s de reprise suivantes :<\/p>\n\n\n\n<p>&#8211; Reprise des 6\u00e8me : lundi 18 mai \u00e0 7h20<br>&#8211; Reprise des 5\u00e8me : mardi 19 mai \u00e0 7h20<\/p>\n\n\n\n<!--more-->\n\n\n\n<p><br>Une deuxi\u00e8me vague de reprise est pr\u00e9vue pour le 2 juin (\u00e9largissement aux autres niveaux).<br>Un accueil des certains \u00e9l\u00e8ves et parents de 3\u00e8me pour l&rsquo;orientation sera organis\u00e9 le mercredi 27 mai.<br>Les cours se terminent \u00e0 15h pour l&rsquo;ensemble des \u00e9l\u00e8ves.<br>Le service de restauration fonctionne d\u00e8s lundi 18 mai.<br>Pour les \u00e9l\u00e8ves rentrant d\u00e9jeuner chez eux, pause m\u00e9ridienne de 11h30 \u00e0 13h.<\/p>\n\n\n\n<p>Les nouveaux emplois du temps ainsi que des notices d&rsquo;information seront remises aux \u00e9l\u00e8ves lundi et mardi.<\/p>\n\n\n\n<p>Si les effectifs le permettent les \u00e9l\u00e8ves de 6\u00e8me et de 5\u00e8me pour lesquels les parents ont indiqu\u00e9s qu&rsquo;ils reprenaient en pr\u00e9sentiel auront cours \u00e0 compter du 22 mai, tous les jours de la semaine sauf le mercredi matin.<\/p>\n\n\n\n<p>Le protocole sanitaire du Minist\u00e8re de l&rsquo;int\u00e9rieur s&rsquo;applique \u00e0 tous au sein du coll\u00e8ge.<br>Les \u00e9l\u00e8ves b\u00e9n\u00e9ficieront d&rsquo;un masque jetable par 1\/2 journ\u00e9e mais pourront utiliser \u00e9galement leurs propres masques (pr\u00e9voir un masque de rechange pour l&rsquo;apr\u00e8s-midi).<br>Les \u00e9l\u00e8ves qui disposent d&rsquo;une gourde sont invit\u00e9s \u00e0 l&rsquo;amener, l&rsquo;usage des fontaine \u00e0 eau \u00e9tant prohib\u00e9.<\/p>\n\n\n\n<p>Des informations sur la poursuite de l&rsquo;enseignement en distanciel seront diffus\u00e9es en d\u00e9but de semaine prochaine.<\/p>\n\n\n\n<p>La CASUD a annonc\u00e9 ce matin la suspension du transport scolaire jusqu&rsquo;au 4 juillet.<br>Les parents concern\u00e9s sont invit\u00e9s \u00e0 suivre les informations \u00e9ventuelles sur cette probl\u00e9matique et \u00e0 nous faire savoir si le retour de leur enfant au coll\u00e8ge est annul\u00e9 ou maintenu suite \u00e0 cette d\u00e9cision<br>(adresse mail : ce.9740578k@ac-reunion.fr)<\/p>\n\n\n\n<p>Le Principal<\/p>\n<!-- AddThis Advanced Settings generic via filter on the_content --><!-- AddThis Share Buttons generic via filter on the_content -->","protected":false},"excerpt":{"rendered":"<p>Le Conseil d&rsquo;Administration Extraordinaire de ce jour, vendredi 15 mai 2020, a valid\u00e9 les modalit\u00e9s de reprise suivantes : &#8211; Reprise des 6\u00e8me : lundi 18 mai \u00e0 7h20&#8211; Reprise des 5\u00e8me : mardi 19 mai \u00e0 7h20<!-- AddThis Advanced Settings generic via filter on get_the_excerpt --><!-- AddThis Share Buttons generic via filter on get_the_excerpt --><\/p>\n","protected":false},"author":2249,"featured_media":4104,"comment_status":"open","ping_status":"open","sticky":true,"template":"","format":"standard","meta":{"footnotes":""},"categories":[2],"tags":[],"class_list":["post-4103","post","type-post","status-publish","format-standard","has-post-thumbnail","hentry","category-actus"],"_links":{"self":[{"href":"https:\/\/etab.ac-reunion.fr\/clg-achille-grondin\/wp-json\/wp\/v2\/posts\/4103","targetHints":{"allow":["GET"]}}],"collection":[{"href":"https:\/\/etab.ac-reunion.fr\/clg-achille-grondin\/wp-json\/wp\/v2\/posts"}],"about":[{"href":"https:\/\/etab.ac-reunion.fr\/clg-achille-grondin\/wp-json\/wp\/v2\/types\/post"}],"author":[{"embeddable":true,"href":"https:\/\/etab.ac-reunion.fr\/clg-achille-grondin\/wp-json\/wp\/v2\/users\/2249"}],"replies":[{"embeddable":true,"href":"https:\/\/etab.ac-reunion.fr\/clg-achille-grondin\/wp-json\/wp\/v2\/comments?post=4103"}],"version-history":[{"count":2,"href":"https:\/\/etab.ac-reunion.fr\/clg-achille-grondin\/wp-json\/wp\/v2\/posts\/4103\/revisions"}],"predecessor-version":[{"id":4106,"href":"https:\/\/etab.ac-reunion.fr\/clg-achille-grondin\/wp-json\/wp\/v2\/posts\/4103\/revisions\/4106"}],"wp:featuredmedia":[{"embeddable":true,"href":"https:\/\/etab.ac-reunion.fr\/clg-achille-grondin\/wp-json\/wp\/v2\/media\/4104"}],"wp:attachment":[{"href":"https:\/\/etab.ac-reunion.fr\/clg-achille-grondin\/wp-json\/wp\/v2\/media?parent=4103"}],"wp:term":[{"taxonomy":"category","embeddable":true,"href":"https:\/\/etab.ac-reunion.fr\/clg-achille-grondin\/wp-json\/wp\/v2\/categories?post=4103"},{"taxonomy":"post_tag","embeddable":true,"href":"https:\/\/etab.ac-reunion.fr\/clg-achille-grondin\/wp-json\/wp\/v2\/tags?post=4103"}],"curies":[{"name":"wp","href":"https:\/\/api.w.org\/{rel}","templated":true}]}}