{"id":4143,"date":"2020-07-06T14:00:59","date_gmt":"2020-07-06T10:00:59","guid":{"rendered":"http:\/\/college-achille-grondin.ac-reunion.fr\/?p=4143"},"modified":"2021-07-01T09:16:57","modified_gmt":"2021-07-01T05:16:57","slug":"etwinnerstown-citizens-in-action-for-sustainability","status":"publish","type":"post","link":"https:\/\/etab.ac-reunion.fr\/clg-achille-grondin\/etwinnerstown-citizens-in-action-for-sustainability\/","title":{"rendered":"\u00ab\u00a0Etwinnerstown citizens in action for sustainability\u00a0\u00bb 2019-2020"},"content":{"rendered":"\n<p class=\"has-drop-cap has-medium-font-size\">En 2018-2019, le projet etwinning \u00ab\u00a0Etwinnerstown\u00a0\u00bb avait abouti \u00e0 la cr\u00e9ation d&rsquo;une ville regroupant les pays participants : Espagne , Italie, Turquie, Gr\u00e8ce et bien-s\u00fbr La R\u00e9union. Pour la seconde ann\u00e9e du projet, la ville a \u00e9volu\u00e9 et a impliqu\u00e9 les \u00e9l\u00e8ves de 603 et 604 qui y ont particip\u00e9 en tant que citoyens actifs pour le d\u00e9veloppement durable.<\/p>\n\n\n\n<p class=\"has-medium-font-size\">L&rsquo;\u00e9pisode de Covid-19 et de confinement a consid\u00e9rablement ralenti le projet et les activit\u00e9s ont \u00e9t\u00e9 adapt\u00e9es en cons\u00e9quence. Malgr\u00e9 tout, le projet s&rsquo;est achev\u00e9 en juin. Pour en savoir plus, vous pouvez vous rendre sur : <\/p>\n\n\n\n<p class=\"has-text-align-left has-medium-font-size\">le twinspace de la plateforme etwinning : <a href=\"https:\/\/twinspace.etwinning.net\/92926\/home\" target=\"_blank\" rel=\"noreferrer noopener\">https:\/\/twinspace.etwinning.net\/92926\/home<\/a><\/p>\n\n\n\n<p class=\"has-medium-font-size\"> le site internet du projet  : <a href=\"https:\/\/sites.google.com\/educarex.es\/etwinnerstown-citizens-in-acti\/p%C3%A1gina-principal\" target=\"_blank\" rel=\"noreferrer noopener\">https:\/\/sites.google.com\/educarex.es\/etwinnerstown-citizens-in-acti\/p%C3%A1gina-principal<\/a><\/p>\n\n\n\n<p class=\"has-medium-font-size\">le magazine du projet  : <a href=\"https:\/\/madmagz.com\/fr\/magazine\/1784583\" target=\"_blank\" rel=\"noreferrer noopener\">https:\/\/madmagz.com\/fr\/magazine\/1784583<\/a><\/p>\n<!-- AddThis Advanced Settings generic via filter on the_content --><!-- AddThis Share Buttons generic via filter on the_content -->","protected":false},"excerpt":{"rendered":"<p>En 2018-2019, le projet etwinning \u00ab\u00a0Etwinnerstown\u00a0\u00bb avait abouti \u00e0 la cr\u00e9ation d&rsquo;une ville regroupant les pays participants : Espagne , Italie, Turquie, Gr\u00e8ce et bien-s\u00fbr La R\u00e9union. Pour la seconde ann\u00e9e du projet, la ville a \u00e9volu\u00e9 et a impliqu\u00e9 les \u00e9l\u00e8ves de 603 et 604 qui y ont particip\u00e9 en tant que citoyens actifs [&hellip;]<!-- AddThis Advanced Settings generic via filter on get_the_excerpt --><!-- AddThis Share Buttons generic via filter on get_the_excerpt --><\/p>\n","protected":false},"author":2656,"featured_media":4144,"comment_status":"open","ping_status":"open","sticky":false,"template":"","format":"standard","meta":{"footnotes":""},"categories":[2,18,32,31],"tags":[],"class_list":["post-4143","post","type-post","status-publish","format-standard","has-post-thumbnail","hentry","category-actus","category-blog-danglais","category-etwinning","category-international"],"_links":{"self":[{"href":"https:\/\/etab.ac-reunion.fr\/clg-achille-grondin\/wp-json\/wp\/v2\/posts\/4143","targetHints":{"allow":["GET"]}}],"collection":[{"href":"https:\/\/etab.ac-reunion.fr\/clg-achille-grondin\/wp-json\/wp\/v2\/posts"}],"about":[{"href":"https:\/\/etab.ac-reunion.fr\/clg-achille-grondin\/wp-json\/wp\/v2\/types\/post"}],"author":[{"embeddable":true,"href":"https:\/\/etab.ac-reunion.fr\/clg-achille-grondin\/wp-json\/wp\/v2\/users\/2656"}],"replies":[{"embeddable":true,"href":"https:\/\/etab.ac-reunion.fr\/clg-achille-grondin\/wp-json\/wp\/v2\/comments?post=4143"}],"version-history":[{"count":3,"href":"https:\/\/etab.ac-reunion.fr\/clg-achille-grondin\/wp-json\/wp\/v2\/posts\/4143\/revisions"}],"predecessor-version":[{"id":4435,"href":"https:\/\/etab.ac-reunion.fr\/clg-achille-grondin\/wp-json\/wp\/v2\/posts\/4143\/revisions\/4435"}],"wp:featuredmedia":[{"embeddable":true,"href":"https:\/\/etab.ac-reunion.fr\/clg-achille-grondin\/wp-json\/wp\/v2\/media\/4144"}],"wp:attachment":[{"href":"https:\/\/etab.ac-reunion.fr\/clg-achille-grondin\/wp-json\/wp\/v2\/media?parent=4143"}],"wp:term":[{"taxonomy":"category","embeddable":true,"href":"https:\/\/etab.ac-reunion.fr\/clg-achille-grondin\/wp-json\/wp\/v2\/categories?post=4143"},{"taxonomy":"post_tag","embeddable":true,"href":"https:\/\/etab.ac-reunion.fr\/clg-achille-grondin\/wp-json\/wp\/v2\/tags?post=4143"}],"curies":[{"name":"wp","href":"https:\/\/api.w.org\/{rel}","templated":true}]}}