{"id":5118,"date":"2023-11-15T05:25:24","date_gmt":"2023-11-15T01:25:24","guid":{"rendered":"https:\/\/etab.ac-reunion.fr\/clg-achille-grondin\/?p=5118"},"modified":"2023-11-15T05:25:26","modified_gmt":"2023-11-15T01:25:26","slug":"remise-de-diplomes","status":"publish","type":"post","link":"https:\/\/etab.ac-reunion.fr\/clg-achille-grondin\/remise-de-diplomes\/","title":{"rendered":"Remise de dipl\u00f4mes"},"content":{"rendered":"\n<p><em>La Mairie de Saint-Joseph remettra<strong> les dipl\u00f4mes du DNB et du CFG <\/strong>aux jeunes de la Commune, lors d&rsquo;une c\u00e9r\u00e9monie officielle,\u00a0<strong><u> le Samedi 25 novembre 2023 \u00e0 partir de 13h00 \u00e0 la Halle FRANCOIS MITTERRAND<\/u><\/strong>, en pr\u00e9sence des familles.<\/em><\/p>\n\n\n\n<!--more-->\n\n\n\n<p><em>Les trois coll\u00e8ges de la Commun e seront r\u00e9unis, et Monsieur le Maire pr\u00e9sidera la c\u00e9r\u00e9monie.<\/em><\/p>\n\n\n\n<p><em>L&rsquo;organisation sera la suivante :<\/em><\/p>\n\n\n\n<ul class=\"wp-block-list\">\n<li><strong><em>13H00<\/em><\/strong><em>: Accueil des \u00e9l\u00e8ves et leurs parents par l\u2019\u00e9quipe de Village Boug\u00e9 Jeunesse. Des animations seront propos\u00e9es aux jeunes d\u00e8s leur arriv\u00e9e (photomaton, ring 360,\u2026).<\/em><\/li>\n\n\n\n<li><strong><em>14H30<\/em><\/strong><em>: Arriv\u00e9e du Maire, des \u00e9lus et des chefs d&rsquo;\u00e9tablissements.<\/em><br><br><em>D\u00e9but des discours:<\/em><\/li>\n<\/ul>\n\n\n\n<p><em>&nbsp;&nbsp;&nbsp; &#8211; La pr\u00e9sidente du Conseil Municipal des coll\u00e9giens<\/em><br><em>&nbsp; &nbsp; &#8211; L\u2019\u00e9lue d\u00e9l\u00e9gu\u00e9e \u00e0 la Jeunesse<\/em><br>&nbsp;&nbsp;&nbsp;&nbsp; <em>&#8211; Prise de paroles des 4 chefs d\u2019\u00e9tablissements (3 coll\u00e8ges et l\u2019IMS)<\/em><br>&nbsp;&nbsp;&nbsp;&nbsp; <em>&#8211; Monsieur le Maire<\/em><\/p>\n\n\n\n<ul class=\"wp-block-list\">\n<li><strong><em>15H00<\/em><\/strong><em>: remise des dipl\u00f4mes de 3 \u00e9l\u00e8ves par \u00e9tablissement par \u00eelots<\/em><\/li>\n\n\n\n<li><strong><em>15H15<\/em><\/strong><em>: Remise g\u00e9n\u00e9rale des dipl\u00f4mes et des cadeaux<\/em><\/li>\n\n\n\n<li><strong><em>15H45<\/em><\/strong><em>: Pot<\/em><\/li>\n\n\n\n<li><strong><em>16H00<\/em><\/strong><em>: La nouveaut\u00e9 est le mini concert&nbsp;<\/em><\/li>\n<\/ul>\n<!-- AddThis Advanced Settings generic via filter on the_content --><!-- AddThis Share Buttons generic via filter on the_content -->","protected":false},"excerpt":{"rendered":"<p>La Mairie de Saint-Joseph remettra les dipl\u00f4mes du DNB et du CFG aux jeunes de la Commune, lors d&rsquo;une c\u00e9r\u00e9monie officielle,\u00a0 le Samedi 25 novembre 2023 \u00e0 partir de 13h00 \u00e0 la Halle FRANCOIS MITTERRAND, en pr\u00e9sence des familles.<!-- AddThis Advanced Settings generic via filter on get_the_excerpt --><!-- AddThis Share Buttons generic via filter on get_the_excerpt --><\/p>\n","protected":false},"author":2249,"featured_media":5119,"comment_status":"open","ping_status":"open","sticky":true,"template":"","format":"standard","meta":{"footnotes":""},"categories":[2],"tags":[],"class_list":["post-5118","post","type-post","status-publish","format-standard","has-post-thumbnail","hentry","category-actus"],"_links":{"self":[{"href":"https:\/\/etab.ac-reunion.fr\/clg-achille-grondin\/wp-json\/wp\/v2\/posts\/5118","targetHints":{"allow":["GET"]}}],"collection":[{"href":"https:\/\/etab.ac-reunion.fr\/clg-achille-grondin\/wp-json\/wp\/v2\/posts"}],"about":[{"href":"https:\/\/etab.ac-reunion.fr\/clg-achille-grondin\/wp-json\/wp\/v2\/types\/post"}],"author":[{"embeddable":true,"href":"https:\/\/etab.ac-reunion.fr\/clg-achille-grondin\/wp-json\/wp\/v2\/users\/2249"}],"replies":[{"embeddable":true,"href":"https:\/\/etab.ac-reunion.fr\/clg-achille-grondin\/wp-json\/wp\/v2\/comments?post=5118"}],"version-history":[{"count":1,"href":"https:\/\/etab.ac-reunion.fr\/clg-achille-grondin\/wp-json\/wp\/v2\/posts\/5118\/revisions"}],"predecessor-version":[{"id":5120,"href":"https:\/\/etab.ac-reunion.fr\/clg-achille-grondin\/wp-json\/wp\/v2\/posts\/5118\/revisions\/5120"}],"wp:featuredmedia":[{"embeddable":true,"href":"https:\/\/etab.ac-reunion.fr\/clg-achille-grondin\/wp-json\/wp\/v2\/media\/5119"}],"wp:attachment":[{"href":"https:\/\/etab.ac-reunion.fr\/clg-achille-grondin\/wp-json\/wp\/v2\/media?parent=5118"}],"wp:term":[{"taxonomy":"category","embeddable":true,"href":"https:\/\/etab.ac-reunion.fr\/clg-achille-grondin\/wp-json\/wp\/v2\/categories?post=5118"},{"taxonomy":"post_tag","embeddable":true,"href":"https:\/\/etab.ac-reunion.fr\/clg-achille-grondin\/wp-json\/wp\/v2\/tags?post=5118"}],"curies":[{"name":"wp","href":"https:\/\/api.w.org\/{rel}","templated":true}]}}