{"id":3075,"date":"2022-04-07T17:32:38","date_gmt":"2022-04-07T13:32:38","guid":{"rendered":"http:\/\/college-adrien-cadet.ac-reunion.fr\/?p=3075"},"modified":"2022-04-07T17:36:41","modified_gmt":"2022-04-07T13:36:41","slug":"acoso-y-discriminaciones","status":"publish","type":"post","link":"https:\/\/etab.ac-reunion.fr\/clg-adrien-cadet\/2022\/04\/07\/acoso-y-discriminaciones\/","title":{"rendered":"Acoso y discriminaciones"},"content":{"rendered":"<div>\n<p>Lors de la s\u00e9quence \u00ab\u00a0Acoso y discriminaciones\u00a0\u00bb (= Harc\u00e8lement et discriminations),deux \u00e9l\u00e8ves de 306 ont fait preuve de beaucoup d&rsquo;imagination (et de talent) lors de la t\u00e2che finale qui consistait \u00e0 d\u00e9noncer\u00a0 le harc\u00e8lement \/ la discrimination, puis sensibiliser en donnant des conseils \u00e0 la victime, aux t\u00e9moins et aux harceleurs.<\/p>\n<div style=\"width: 993px;\" class=\"wp-video\"><video class=\"wp-video-shortcode\" id=\"video-3075-1\" width=\"993\" height=\"559\" preload=\"metadata\" controls=\"controls\"><source type=\"video\/mp4\" src=\"http:\/\/wpetab.ac-reunion.fr\/adrien-cadet\/wp-content\/uploads\/sites\/115\/2022\/04\/Acoso-y-discriminaciones.mp4?_=1\" \/><a href=\"http:\/\/wpetab.ac-reunion.fr\/adrien-cadet\/wp-content\/uploads\/sites\/115\/2022\/04\/Acoso-y-discriminaciones.mp4\">http:\/\/wpetab.ac-reunion.fr\/adrien-cadet\/wp-content\/uploads\/sites\/115\/2022\/04\/Acoso-y-discriminaciones.mp4<\/a><\/video><\/div>\n<\/div>\n<div><strong>L\u00e9na et C\u00e9lia<\/strong> ont donc dessin\u00e9 puis fait un montage particuli\u00e8rement int\u00e9ressant sur les discriminations.<\/div>\n<div><\/div>\n<div>On ne peut que les f\u00e9liciter pour leur investissement dans ce projet!<\/div>\n","protected":false},"excerpt":{"rendered":"<p>Lors de la s\u00e9quence \u00ab\u00a0Acoso y discriminaciones\u00a0\u00bb (= Harc\u00e8lement et discriminations),deux \u00e9l\u00e8ves de 306 ont fait preuve de beaucoup d&rsquo;imagination (et de talent) lors de la t\u00e2che finale qui consistait \u00e0 d\u00e9noncer\u00a0 le harc\u00e8lement \/ la discrimination, puis sensibiliser en donnant des conseils \u00e0 la victime, aux t\u00e9moins et aux &hellip;<\/p>\n","protected":false},"author":1035,"featured_media":0,"comment_status":"closed","ping_status":"closed","sticky":false,"template":"","format":"standard","meta":{"footnotes":""},"categories":[49,88,89,92],"tags":[],"class_list":["post-3075","post","type-post","status-publish","format-standard","hentry","category-langues-vivantes","category-mise-en-avant-accueil","category-page-daccueil-mis-en-avant","category-sejour-linguistique"],"_links":{"self":[{"href":"https:\/\/etab.ac-reunion.fr\/clg-adrien-cadet\/wp-json\/wp\/v2\/posts\/3075","targetHints":{"allow":["GET"]}}],"collection":[{"href":"https:\/\/etab.ac-reunion.fr\/clg-adrien-cadet\/wp-json\/wp\/v2\/posts"}],"about":[{"href":"https:\/\/etab.ac-reunion.fr\/clg-adrien-cadet\/wp-json\/wp\/v2\/types\/post"}],"author":[{"embeddable":true,"href":"https:\/\/etab.ac-reunion.fr\/clg-adrien-cadet\/wp-json\/wp\/v2\/users\/1035"}],"replies":[{"embeddable":true,"href":"https:\/\/etab.ac-reunion.fr\/clg-adrien-cadet\/wp-json\/wp\/v2\/comments?post=3075"}],"version-history":[{"count":3,"href":"https:\/\/etab.ac-reunion.fr\/clg-adrien-cadet\/wp-json\/wp\/v2\/posts\/3075\/revisions"}],"predecessor-version":[{"id":3078,"href":"https:\/\/etab.ac-reunion.fr\/clg-adrien-cadet\/wp-json\/wp\/v2\/posts\/3075\/revisions\/3078"}],"wp:attachment":[{"href":"https:\/\/etab.ac-reunion.fr\/clg-adrien-cadet\/wp-json\/wp\/v2\/media?parent=3075"}],"wp:term":[{"taxonomy":"category","embeddable":true,"href":"https:\/\/etab.ac-reunion.fr\/clg-adrien-cadet\/wp-json\/wp\/v2\/categories?post=3075"},{"taxonomy":"post_tag","embeddable":true,"href":"https:\/\/etab.ac-reunion.fr\/clg-adrien-cadet\/wp-json\/wp\/v2\/tags?post=3075"}],"curies":[{"name":"wp","href":"https:\/\/api.w.org\/{rel}","templated":true}]}}