{"id":11150,"date":"2022-06-24T15:37:47","date_gmt":"2022-06-24T11:37:47","guid":{"rendered":"http:\/\/college-adrien-cerneau.ac-reunion.fr\/?p=11150"},"modified":"2022-06-24T15:48:20","modified_gmt":"2022-06-24T11:48:20","slug":"la-sortie-du-vendredi-03-juin-son-deroulement-et-ses-objectifs","status":"publish","type":"post","link":"https:\/\/etab.ac-reunion.fr\/clg-adrien-cerneau\/la-sortie-du-vendredi-03-juin-son-deroulement-et-ses-objectifs\/","title":{"rendered":"La sortie du vendredi 03 Juin : Son d\u00e9roulement et  Ses objectifs"},"content":{"rendered":"<h5>La sortie du vendredi 03 Juin avait pour buts de familiariser nos \u00e9l\u00e8ves \u00e0 l&rsquo;architecture cr\u00e9ole de notre \u00eele, ils ont \u00e9t\u00e9 \u00e9blouis par la beaut\u00e9 des <strong><em>Cases cr\u00e9oles<\/em><\/strong> situ\u00e9es dans les <strong>rues de Paris et Monseigneur de Beaumont.<\/strong><\/h5>\n<p>Nous avons \u00e9t\u00e9 accueillis par un architecte conseiller du CAUE : Mr Jacquemart,\u00a0 qui a su transmettre sa passion pour le patrimoine architectural \u00e0 nos apprenants. Nos \u00e9l\u00e8ves ont pu appr\u00e9cier combien ce patrimoine architectural d&rsquo;antan est r\u00e9investi\u00a0 \u00ab\u00a0\u00e9cologiquement\u00a0\u00bb aujourd&rsquo;hui.<\/p>\n<p>Ces \u00e9changes ont permis \u00e0 nos coll\u00e9giens de mesurer le <em>Savoir-Faire<\/em> de nos pr\u00e9d\u00e9cesseurs et de r\u00e9fl\u00e9chir au <span style=\"text-decoration: underline\">Mieux Vivre de demain \u00e0 la R\u00e9union.<\/span><\/p>\n<h5>Il s&rsquo;en est suivi d&rsquo;une visite assur\u00e9e par Mr Niob\u00e9 d&rsquo;une maison cr\u00e9ole et de son jardin <strong>\u00e0 Saint-Andr\u00e9 aux Jardins des 1001 saveurs. <\/strong>Nos \u00e9l\u00e8ves ont \u00e9t\u00e9 \u00e9bahis par nos richesses culturelles :<\/h5>\n<ul>\n<li>L&#8217;emprunt anglais (The conservatory)<\/li>\n<li>Les plantes m\u00e9dicinales de l&rsquo;Inde (L&rsquo; ayuveda, le sapoti ou les bredes Mourougai par exemple ..)<\/li>\n<li>Le savoir-faire architectural fran\u00e7ais\/cr\u00e9ole<\/li>\n<\/ul>\n<p>Nous vous invitons \u00e0 d\u00e9couvrir leurs r\u00e9alisations et leur journ\u00e9e de d\u00e9couvertes en compagnie de Mr Minatchy ( Leur professeur d&rsquo;anglais ), Mde Rodot ( Documentaliste ) et Mde Nugent ( Membre de la Gestion ).<\/p>\n<p>&nbsp;<\/p>\n<p data-wp-editing=\"1\"><a href=\"https:\/\/etab.ac-reunion.fr\/clg-adrien-cerneau\/wp-content\/uploads\/sites\/68\/2022\/06\/PHOTO-1-DEPART-DU-COLLEGE-1024x768-1.jpg\"><img loading=\"lazy\" decoding=\"async\" class=\"alignleft wp-image-11227 size-medium\" src=\"https:\/\/etab.ac-reunion.fr\/clg-adrien-cerneau\/wp-content\/uploads\/sites\/68\/2022\/06\/PHOTO-1-DEPART-DU-COLLEGE-1024x768-1-300x225.jpg\" alt=\"\" width=\"300\" height=\"225\" \/><\/a><a href=\"https:\/\/etab.ac-reunion.fr\/clg-adrien-cerneau\/wp-content\/uploads\/sites\/68\/2022\/06\/PHOTO-4-VISITE-EN-VILLE-1024x768-1.jpg\"><img loading=\"lazy\" decoding=\"async\" class=\"alignleft wp-image-11228 size-medium\" src=\"https:\/\/etab.ac-reunion.fr\/clg-adrien-cerneau\/wp-content\/uploads\/sites\/68\/2022\/06\/PHOTO-4-VISITE-EN-VILLE-1024x768-1-300x225.jpg\" alt=\"\" width=\"300\" height=\"225\" \/><\/a><a href=\"https:\/\/etab.ac-reunion.fr\/clg-adrien-cerneau\/wp-content\/uploads\/sites\/68\/2022\/06\/PHTOT-10-CASE-DE-MR-MARTIN.jpg\"><img loading=\"lazy\" decoding=\"async\" class=\"alignnone wp-image-11138 size-medium\" src=\"https:\/\/etab.ac-reunion.fr\/clg-adrien-cerneau\/wp-content\/uploads\/sites\/68\/2022\/06\/PHTOT-10-CASE-DE-MR-MARTIN-225x300.jpg\" alt=\"\" width=\"225\" height=\"300\" \/><\/a><\/p>\n","protected":false},"excerpt":{"rendered":"<p>La sortie du vendredi 03 Juin avait pour buts de familiariser nos \u00e9l\u00e8ves \u00e0 l&rsquo;architecture cr\u00e9ole de notre \u00eele, ils ont \u00e9t\u00e9 \u00e9blouis par la beaut\u00e9 des Cases cr\u00e9oles situ\u00e9es dans les rues de Paris et Monseigneur de Beaumont. Nous avons \u00e9t\u00e9 accueillis par un architecte conseiller du CAUE : Mr Jacquemart,\u00a0 qui a su [&hellip;]<\/p>\n","protected":false},"author":31621,"featured_media":11130,"comment_status":"closed","ping_status":"closed","sticky":false,"template":"","format":"standard","meta":{"_et_pb_use_builder":"","_et_pb_old_content":"","_et_gb_content_width":"","footnotes":""},"categories":[88,108,71],"tags":[],"class_list":["post-11150","post","type-post","status-publish","format-standard","has-post-thumbnail","hentry","category-articles","category-expav","category-slider"],"_links":{"self":[{"href":"https:\/\/etab.ac-reunion.fr\/clg-adrien-cerneau\/wp-json\/wp\/v2\/posts\/11150","targetHints":{"allow":["GET"]}}],"collection":[{"href":"https:\/\/etab.ac-reunion.fr\/clg-adrien-cerneau\/wp-json\/wp\/v2\/posts"}],"about":[{"href":"https:\/\/etab.ac-reunion.fr\/clg-adrien-cerneau\/wp-json\/wp\/v2\/types\/post"}],"author":[{"embeddable":true,"href":"https:\/\/etab.ac-reunion.fr\/clg-adrien-cerneau\/wp-json\/wp\/v2\/users\/31621"}],"replies":[{"embeddable":true,"href":"https:\/\/etab.ac-reunion.fr\/clg-adrien-cerneau\/wp-json\/wp\/v2\/comments?post=11150"}],"version-history":[{"count":13,"href":"https:\/\/etab.ac-reunion.fr\/clg-adrien-cerneau\/wp-json\/wp\/v2\/posts\/11150\/revisions"}],"predecessor-version":[{"id":11245,"href":"https:\/\/etab.ac-reunion.fr\/clg-adrien-cerneau\/wp-json\/wp\/v2\/posts\/11150\/revisions\/11245"}],"wp:featuredmedia":[{"embeddable":true,"href":"https:\/\/etab.ac-reunion.fr\/clg-adrien-cerneau\/wp-json\/wp\/v2\/media\/11130"}],"wp:attachment":[{"href":"https:\/\/etab.ac-reunion.fr\/clg-adrien-cerneau\/wp-json\/wp\/v2\/media?parent=11150"}],"wp:term":[{"taxonomy":"category","embeddable":true,"href":"https:\/\/etab.ac-reunion.fr\/clg-adrien-cerneau\/wp-json\/wp\/v2\/categories?post=11150"},{"taxonomy":"post_tag","embeddable":true,"href":"https:\/\/etab.ac-reunion.fr\/clg-adrien-cerneau\/wp-json\/wp\/v2\/tags?post=11150"}],"curies":[{"name":"wp","href":"https:\/\/api.w.org\/{rel}","templated":true}]}}