{"id":11446,"date":"2022-12-15T08:45:42","date_gmt":"2022-12-15T04:45:42","guid":{"rendered":"https:\/\/etab.ac-reunion.fr\/clg-adrien-cerneau\/?p=11446"},"modified":"2022-12-15T08:47:41","modified_gmt":"2022-12-15T04:47:41","slug":"latelier-ph-en-couleur-avec-les-classes-de-5eme","status":"publish","type":"post","link":"https:\/\/etab.ac-reunion.fr\/clg-adrien-cerneau\/latelier-ph-en-couleur-avec-les-classes-de-5eme\/","title":{"rendered":"L&rsquo;atelier \u00ab\u00a0pH en couleur\u00a0\u00bb avec les classes de 5eme"},"content":{"rendered":"<p>Cette ann\u00e9e, tous les \u00e9l\u00e8ves de 5eme du coll\u00e8ge ont pu participer \u00e0 l&rsquo; atelier scientifique \u00ab\u00a0<strong>pH en couleur<\/strong>\u00ab\u00a0. Gr\u00e2ce \u00e0 cette animation propos\u00e9e par Sciences R\u00e9union , les \u00e9l\u00e8ves ont plong\u00e9 dans la <strong>d\u00e9marche scientifique<\/strong> en <strong>s&rsquo;\u00e9merveillant<\/strong> devant des exp\u00e9riences qui leur en ont fait voir de toutes les couleurs!<\/p>\n<p><!--more--><\/p>\n","protected":false},"excerpt":{"rendered":"<p>Cette ann\u00e9e, tous les \u00e9l\u00e8ves de 5eme du coll\u00e8ge ont pu participer \u00e0 l&rsquo; atelier scientifique \u00ab\u00a0pH en couleur\u00ab\u00a0. Gr\u00e2ce \u00e0 cette animation propos\u00e9e par Sciences R\u00e9union , les \u00e9l\u00e8ves ont plong\u00e9 dans la d\u00e9marche scientifique en s&rsquo;\u00e9merveillant devant des exp\u00e9riences qui leur en ont fait voir de toutes les couleurs!<\/p>\n","protected":false},"author":3754,"featured_media":11453,"comment_status":"closed","ping_status":"closed","sticky":false,"template":"","format":"standard","meta":{"_et_pb_use_builder":"","_et_pb_old_content":"","_et_gb_content_width":"","footnotes":""},"categories":[88,71],"tags":[],"class_list":["post-11446","post","type-post","status-publish","format-standard","has-post-thumbnail","hentry","category-articles","category-slider"],"_links":{"self":[{"href":"https:\/\/etab.ac-reunion.fr\/clg-adrien-cerneau\/wp-json\/wp\/v2\/posts\/11446","targetHints":{"allow":["GET"]}}],"collection":[{"href":"https:\/\/etab.ac-reunion.fr\/clg-adrien-cerneau\/wp-json\/wp\/v2\/posts"}],"about":[{"href":"https:\/\/etab.ac-reunion.fr\/clg-adrien-cerneau\/wp-json\/wp\/v2\/types\/post"}],"author":[{"embeddable":true,"href":"https:\/\/etab.ac-reunion.fr\/clg-adrien-cerneau\/wp-json\/wp\/v2\/users\/3754"}],"replies":[{"embeddable":true,"href":"https:\/\/etab.ac-reunion.fr\/clg-adrien-cerneau\/wp-json\/wp\/v2\/comments?post=11446"}],"version-history":[{"count":2,"href":"https:\/\/etab.ac-reunion.fr\/clg-adrien-cerneau\/wp-json\/wp\/v2\/posts\/11446\/revisions"}],"predecessor-version":[{"id":11448,"href":"https:\/\/etab.ac-reunion.fr\/clg-adrien-cerneau\/wp-json\/wp\/v2\/posts\/11446\/revisions\/11448"}],"wp:featuredmedia":[{"embeddable":true,"href":"https:\/\/etab.ac-reunion.fr\/clg-adrien-cerneau\/wp-json\/wp\/v2\/media\/11453"}],"wp:attachment":[{"href":"https:\/\/etab.ac-reunion.fr\/clg-adrien-cerneau\/wp-json\/wp\/v2\/media?parent=11446"}],"wp:term":[{"taxonomy":"category","embeddable":true,"href":"https:\/\/etab.ac-reunion.fr\/clg-adrien-cerneau\/wp-json\/wp\/v2\/categories?post=11446"},{"taxonomy":"post_tag","embeddable":true,"href":"https:\/\/etab.ac-reunion.fr\/clg-adrien-cerneau\/wp-json\/wp\/v2\/tags?post=11446"}],"curies":[{"name":"wp","href":"https:\/\/api.w.org\/{rel}","templated":true}]}}