{"id":1527,"date":"2015-09-10T15:02:49","date_gmt":"2015-09-10T11:02:49","guid":{"rendered":"http:\/\/college-alougnon.ac-reunion.fr\/?p=1527"},"modified":"2015-09-10T15:10:30","modified_gmt":"2015-09-10T11:10:30","slug":"elections-des-representants-au-conseil-dadministration-2015-2016","status":"publish","type":"post","link":"https:\/\/etab.ac-reunion.fr\/clg-albert-lougnon\/archives\/1527","title":{"rendered":"Elections au conseil d&rsquo;administration 2015-2016"},"content":{"rendered":"<p><span style=\"color: #000000;font-size: 12pt\">Les \u00e9lections des repr\u00e9sentants au conseil d&rsquo;administration pour l&rsquo;ann\u00e9e scolaire 2015-2016 auront lieu le <strong>Vendredi 2 Octobre 2015.<\/strong><\/span><\/p>\n<p><span style=\"color: #000000;font-size: 12pt\"><span style=\"text-decoration: underline\"><em><strong>Pour les parents<\/strong><\/em><\/span> :<\/span><\/p>\n<ul>\n<li><span style=\"color: #000000;font-size: 12pt\">Vote par correspondance durant la semaine du lundi 28 septembre au vendredi 2 octobre 2015. Une urne sera dispos\u00e9e devant le secr\u00e9tariat.<\/span><\/li>\n<li><span style=\"color: #000000;font-size: 12pt\">Sur place le vendredi 2 octobre 2015 de 13h \u00e0 17h<\/span><\/li>\n<\/ul>\n<p><span style=\"color: #000000;font-size: 12pt\"><span style=\"text-decoration: underline\"><em><strong>Pour les personnels du coll\u00e8ge<\/strong><\/em><\/span> :<\/span><\/p>\n<p><span style=\"color: #000000;font-size: 12pt\">Vote de 7h45 \u00e0 15h45 dans la salle de R\u00e9union<\/span><\/p>\n","protected":false},"excerpt":{"rendered":"<p> <a class=\"continue-reading-link\" href=\"https:\/\/etab.ac-reunion.fr\/clg-albert-lougnon\/archives\/1527\"><span><\/span><i class=\"crycon-right-dir\"><\/i><\/a> <\/p>\n","protected":false},"author":4109,"featured_media":1528,"comment_status":"closed","ping_status":"closed","sticky":false,"template":"","format":"standard","meta":{"footnotes":""},"categories":[1],"tags":[],"class_list":["post-1527","post","type-post","status-publish","format-standard","has-post-thumbnail","hentry","category-non-classe"],"_links":{"self":[{"href":"https:\/\/etab.ac-reunion.fr\/clg-albert-lougnon\/wp-json\/wp\/v2\/posts\/1527","targetHints":{"allow":["GET"]}}],"collection":[{"href":"https:\/\/etab.ac-reunion.fr\/clg-albert-lougnon\/wp-json\/wp\/v2\/posts"}],"about":[{"href":"https:\/\/etab.ac-reunion.fr\/clg-albert-lougnon\/wp-json\/wp\/v2\/types\/post"}],"author":[{"embeddable":true,"href":"https:\/\/etab.ac-reunion.fr\/clg-albert-lougnon\/wp-json\/wp\/v2\/users\/4109"}],"replies":[{"embeddable":true,"href":"https:\/\/etab.ac-reunion.fr\/clg-albert-lougnon\/wp-json\/wp\/v2\/comments?post=1527"}],"version-history":[{"count":6,"href":"https:\/\/etab.ac-reunion.fr\/clg-albert-lougnon\/wp-json\/wp\/v2\/posts\/1527\/revisions"}],"predecessor-version":[{"id":1534,"href":"https:\/\/etab.ac-reunion.fr\/clg-albert-lougnon\/wp-json\/wp\/v2\/posts\/1527\/revisions\/1534"}],"wp:featuredmedia":[{"embeddable":true,"href":"https:\/\/etab.ac-reunion.fr\/clg-albert-lougnon\/wp-json\/wp\/v2\/media\/1528"}],"wp:attachment":[{"href":"https:\/\/etab.ac-reunion.fr\/clg-albert-lougnon\/wp-json\/wp\/v2\/media?parent=1527"}],"wp:term":[{"taxonomy":"category","embeddable":true,"href":"https:\/\/etab.ac-reunion.fr\/clg-albert-lougnon\/wp-json\/wp\/v2\/categories?post=1527"},{"taxonomy":"post_tag","embeddable":true,"href":"https:\/\/etab.ac-reunion.fr\/clg-albert-lougnon\/wp-json\/wp\/v2\/tags?post=1527"}],"curies":[{"name":"wp","href":"https:\/\/api.w.org\/{rel}","templated":true}]}}