{"id":1693,"date":"2020-03-05T10:31:06","date_gmt":"2020-03-05T06:31:06","guid":{"rendered":"http:\/\/college-alougnon.ac-reunion.fr\/?p=1693"},"modified":"2020-03-06T15:44:35","modified_gmt":"2020-03-06T11:44:35","slug":"les-6emes-celebrent-les-droits-de-lenfant-en-chanson","status":"publish","type":"post","link":"https:\/\/etab.ac-reunion.fr\/clg-albert-lougnon\/archives\/1693","title":{"rendered":"Les 6e c\u00e9l\u00e8brent les Droits de l&rsquo;Enfant en chanson!"},"content":{"rendered":"<p>Les \u00e9l\u00e8ves des classes de 6eme ont r\u00e9alis\u00e9 de petites chansons et des illustrations autour du th\u00e8me des Droits de l&rsquo;Enfant. Le point de d\u00e9part est l&rsquo;hymne officiel des droits de l&rsquo;enfant (HODE &#8211; chanson r\u00e9alis\u00e9e par des enfants en 2012, accompagn\u00e9s de Yannick Noah).<\/p>\n<p>(Les fautes n&rsquo;ont pas \u00e9t\u00e9 corrig\u00e9es sur les illustrations &#8211; le son n&rsquo;est pas toujours de tr\u00e8s bonne qualit\u00e9&#8230; Mais c&rsquo;est un bon d\u00e9but!)<\/p>\n<p>P.Martinet<\/p>\n<p><a href=\"https:\/\/youtu.be\/mDskYTVg0yY\">chanson des 601<\/a> &#8211; <a href=\"https:\/\/youtu.be\/HFCjpl5G6ks\">chanson des 604<\/a> &#8211; <a href=\"https:\/\/youtu.be\/Wcj_-LGZc1I\">chanson des 610<\/a> &#8211; <a href=\"https:\/\/youtu.be\/iiLSxDH84Bo\">chanson des 607<\/a><\/p>\n\n\n<figure class=\"wp-block-gallery alignleft columns-1 is-cropped wp-block-gallery-1 is-layout-flex wp-block-gallery-is-layout-flex\"><ul class=\"blocks-gallery-grid\"><li class=\"blocks-gallery-item\"><figure><img loading=\"lazy\" decoding=\"async\" width=\"768\" height=\"1024\" src=\"https:\/\/etab.ac-reunion.fr\/clg-albert-lougnon\/wp-content\/uploads\/sites\/81\/2020\/03\/20191218_095345-768x1024.jpg\" alt=\"\" data-id=\"4936\" class=\"wp-image-4936\" srcset=\"https:\/\/etab.ac-reunion.fr\/clg-albert-lougnon\/wp-content\/uploads\/sites\/81\/2020\/03\/20191218_095345-768x1024.jpg 768w, https:\/\/etab.ac-reunion.fr\/clg-albert-lougnon\/wp-content\/uploads\/sites\/81\/2020\/03\/20191218_095345-225x300.jpg 225w, https:\/\/etab.ac-reunion.fr\/clg-albert-lougnon\/wp-content\/uploads\/sites\/81\/2020\/03\/20191218_095345-1152x1536.jpg 1152w, https:\/\/etab.ac-reunion.fr\/clg-albert-lougnon\/wp-content\/uploads\/sites\/81\/2020\/03\/20191218_095345-1536x2048.jpg 1536w, https:\/\/etab.ac-reunion.fr\/clg-albert-lougnon\/wp-content\/uploads\/sites\/81\/2020\/03\/20191218_095345-113x150.jpg 113w, https:\/\/etab.ac-reunion.fr\/clg-albert-lougnon\/wp-content\/uploads\/sites\/81\/2020\/03\/20191218_095345-338x450.jpg 338w, https:\/\/etab.ac-reunion.fr\/clg-albert-lougnon\/wp-content\/uploads\/sites\/81\/2020\/03\/20191218_095345-scaled.jpg 1920w\" sizes=\"auto, (max-width: 768px) 100vw, 768px\" \/><figcaption class=\"blocks-gallery-item__caption\">Illustration par un groupe d&rsquo;\u00e9l\u00e8ves de la 601. Bravo \u00e0 elles!<\/figcaption><\/figure><\/li><\/ul><\/figure>\n","protected":false},"excerpt":{"rendered":"<p> <a class=\"continue-reading-link\" href=\"https:\/\/etab.ac-reunion.fr\/clg-albert-lougnon\/archives\/1693\"><span><\/span><i class=\"crycon-right-dir\"><\/i><\/a> <\/p>\n","protected":false},"author":7542,"featured_media":0,"comment_status":"closed","ping_status":"closed","sticky":false,"template":"","format":"standard","meta":{"footnotes":""},"categories":[72],"tags":[],"class_list":["post-1693","post","type-post","status-publish","format-standard","hentry","category-informations-parents"],"_links":{"self":[{"href":"https:\/\/etab.ac-reunion.fr\/clg-albert-lougnon\/wp-json\/wp\/v2\/posts\/1693","targetHints":{"allow":["GET"]}}],"collection":[{"href":"https:\/\/etab.ac-reunion.fr\/clg-albert-lougnon\/wp-json\/wp\/v2\/posts"}],"about":[{"href":"https:\/\/etab.ac-reunion.fr\/clg-albert-lougnon\/wp-json\/wp\/v2\/types\/post"}],"author":[{"embeddable":true,"href":"https:\/\/etab.ac-reunion.fr\/clg-albert-lougnon\/wp-json\/wp\/v2\/users\/7542"}],"replies":[{"embeddable":true,"href":"https:\/\/etab.ac-reunion.fr\/clg-albert-lougnon\/wp-json\/wp\/v2\/comments?post=1693"}],"version-history":[{"count":7,"href":"https:\/\/etab.ac-reunion.fr\/clg-albert-lougnon\/wp-json\/wp\/v2\/posts\/1693\/revisions"}],"predecessor-version":[{"id":4940,"href":"https:\/\/etab.ac-reunion.fr\/clg-albert-lougnon\/wp-json\/wp\/v2\/posts\/1693\/revisions\/4940"}],"wp:attachment":[{"href":"https:\/\/etab.ac-reunion.fr\/clg-albert-lougnon\/wp-json\/wp\/v2\/media?parent=1693"}],"wp:term":[{"taxonomy":"category","embeddable":true,"href":"https:\/\/etab.ac-reunion.fr\/clg-albert-lougnon\/wp-json\/wp\/v2\/categories?post=1693"},{"taxonomy":"post_tag","embeddable":true,"href":"https:\/\/etab.ac-reunion.fr\/clg-albert-lougnon\/wp-json\/wp\/v2\/tags?post=1693"}],"curies":[{"name":"wp","href":"https:\/\/api.w.org\/{rel}","templated":true}]}}