{"id":2818,"date":"2016-10-06T21:43:13","date_gmt":"2016-10-06T17:43:13","guid":{"rendered":"http:\/\/college-alougnon.ac-reunion.fr\/?p=2818"},"modified":"2017-07-27T16:26:17","modified_gmt":"2017-07-27T12:26:17","slug":"visite-des-archives-departementales","status":"publish","type":"post","link":"https:\/\/etab.ac-reunion.fr\/clg-albert-lougnon\/archives\/2818","title":{"rendered":"Visite des archives d\u00e9partementales"},"content":{"rendered":"<h3>Aujourd&rsquo;hui, les \u00e9l\u00e8ves de 404 se sont rendus \u00e0 Saint-Denis pour visiter les archives d\u00e9partementales et rencontrer M. Prosper EVE, historien \u00e0 l&rsquo;Universit\u00e9 de La R\u00e9union.<\/h3>\n<div id=\"attachment_2830\" style=\"width: 210px\" class=\"wp-caption alignleft\"><a href=\"https:\/\/etab.ac-reunion.fr\/clg-albert-lougnon\/wp-content\/uploads\/sites\/81\/2016\/10\/IMG_2393-1.jpg\"><img loading=\"lazy\" decoding=\"async\" aria-describedby=\"caption-attachment-2830\" class=\"wp-image-2830\" src=\"https:\/\/etab.ac-reunion.fr\/clg-albert-lougnon\/wp-content\/uploads\/sites\/81\/2016\/10\/IMG_2393-1-300x225.jpg\" alt=\"Les \u00e9l\u00e8ves du coll\u00e8ge Albert Lougnon aux Archives d\u00e9partementales\" width=\"200\" height=\"150\" srcset=\"https:\/\/etab.ac-reunion.fr\/clg-albert-lougnon\/wp-content\/uploads\/sites\/81\/2016\/10\/IMG_2393-1-300x225.jpg 300w, https:\/\/etab.ac-reunion.fr\/clg-albert-lougnon\/wp-content\/uploads\/sites\/81\/2016\/10\/IMG_2393-1-1024x768.jpg 1024w\" sizes=\"auto, (max-width: 200px) 100vw, 200px\" \/><\/a><p id=\"caption-attachment-2830\" class=\"wp-caption-text\"><span style=\"font-size: 8pt\">Les \u00e9l\u00e8ves du coll\u00e8ge Albert Lougnon aux Archives d\u00e9partementales<\/span><\/p><\/div>\n<p style=\"text-align: justify\"><span style=\"font-size: 10pt\">\u00c7a a \u00e9t\u00e9 une excellente journ\u00e9e riche en \u00e9motions. Le matin, les \u00e9l\u00e8ves ont d\u00e9couvert des documents datant de la R\u00e9volution, impressionnant ! Certains documents sont tr\u00e8s ab\u00eem\u00e9s, d&rsquo;autres non. Mais il est souvent difficile de les lire, les personnes vivant au XVIII\u00e8me si\u00e8cle avaient une dr\u00f4le d&rsquo;\u00e9criture !<\/span><\/p>\n<p style=\"text-align: justify\"><span style=\"font-size: 10pt\">Les \u00e9l\u00e8ves ont aussi d\u00e9couvert l&rsquo;atelier de restauration, reliure et dorure des documents. Les personnes qui travaillent dans cet atelier restaurent les documents ab\u00eem\u00e9s, pour qu&rsquo;ils ne se d\u00e9gradent pas d&rsquo;avantage. Ils fabriquent aussi les couvertures des livres et y gravent \u00e0 l&rsquo;or fin le titre.<\/span><\/p>\n<div id=\"attachment_2819\" style=\"width: 160px\" class=\"wp-caption alignright\"><a href=\"https:\/\/etab.ac-reunion.fr\/clg-albert-lougnon\/wp-content\/uploads\/sites\/81\/2016\/10\/IMG_1866.jpg\" target=\"_blank\"><img loading=\"lazy\" decoding=\"async\" aria-describedby=\"caption-attachment-2819\" class=\"wp-image-2819\" src=\"https:\/\/etab.ac-reunion.fr\/clg-albert-lougnon\/wp-content\/uploads\/sites\/81\/2016\/10\/IMG_1866-225x300.jpg\" alt=\"Relev\u00e9 des esclaves enfuis, Sainte-Marie, 1790.\" width=\"150\" height=\"200\" srcset=\"https:\/\/etab.ac-reunion.fr\/clg-albert-lougnon\/wp-content\/uploads\/sites\/81\/2016\/10\/IMG_1866-225x300.jpg 225w, https:\/\/etab.ac-reunion.fr\/clg-albert-lougnon\/wp-content\/uploads\/sites\/81\/2016\/10\/IMG_1866-768x1024.jpg 768w\" sizes=\"auto, (max-width: 150px) 100vw, 150px\" \/><\/a><p id=\"caption-attachment-2819\" class=\"wp-caption-text\"><span style=\"font-size: 8pt\">Relev\u00e9 des esclaves enfuis, Sainte-Marie, 1790.<\/span><\/p><\/div>\n<p style=\"text-align: justify\"><span style=\"font-size: 10pt\">Apr\u00e8s un pique-nique un peu humide, les \u00e9l\u00e8ves ont pu \u00e9changer avec M. Prosper EVE sur l&rsquo;esclavage. L&rsquo;entretien a pris la forme de r\u00e9ponses aux questions pos\u00e9es par les \u00e9l\u00e8ves. Cet homme est vraiment un puits de science ! Il nous a expliqu\u00e9 l&rsquo;origine, li\u00e9e \u00e0 l&rsquo;esclavage, des chapelles rouges que l&rsquo;on trouve sur le bord des routes r\u00e9unionnaises : la tradition est en effet n\u00e9e avec des tumulus faits pour honorer la m\u00e9moire des esclaves marrons morts sur les chemins r\u00e9unionnais&#8230;<\/span><\/p>\n<p style=\"text-align: justify\"><span style=\"font-size: 10pt\">Demain, la d\u00e9couverte du patrimoine r\u00e9unionnais continue avec la visite du mus\u00e9e de Vill\u00e8le&#8230;<\/span><\/p>\n","protected":false},"excerpt":{"rendered":"<p> <a class=\"continue-reading-link\" href=\"https:\/\/etab.ac-reunion.fr\/clg-albert-lougnon\/archives\/2818\"><span><\/span><i class=\"crycon-right-dir\"><\/i><\/a> <\/p>\n","protected":false},"author":12196,"featured_media":2852,"comment_status":"closed","ping_status":"closed","sticky":false,"template":"","format":"standard","meta":{"footnotes":""},"categories":[44],"tags":[],"class_list":["post-2818","post","type-post","status-publish","format-standard","has-post-thumbnail","hentry","category-histoire-geographie"],"_links":{"self":[{"href":"https:\/\/etab.ac-reunion.fr\/clg-albert-lougnon\/wp-json\/wp\/v2\/posts\/2818","targetHints":{"allow":["GET"]}}],"collection":[{"href":"https:\/\/etab.ac-reunion.fr\/clg-albert-lougnon\/wp-json\/wp\/v2\/posts"}],"about":[{"href":"https:\/\/etab.ac-reunion.fr\/clg-albert-lougnon\/wp-json\/wp\/v2\/types\/post"}],"author":[{"embeddable":true,"href":"https:\/\/etab.ac-reunion.fr\/clg-albert-lougnon\/wp-json\/wp\/v2\/users\/12196"}],"replies":[{"embeddable":true,"href":"https:\/\/etab.ac-reunion.fr\/clg-albert-lougnon\/wp-json\/wp\/v2\/comments?post=2818"}],"version-history":[{"count":17,"href":"https:\/\/etab.ac-reunion.fr\/clg-albert-lougnon\/wp-json\/wp\/v2\/posts\/2818\/revisions"}],"predecessor-version":[{"id":2855,"href":"https:\/\/etab.ac-reunion.fr\/clg-albert-lougnon\/wp-json\/wp\/v2\/posts\/2818\/revisions\/2855"}],"wp:featuredmedia":[{"embeddable":true,"href":"https:\/\/etab.ac-reunion.fr\/clg-albert-lougnon\/wp-json\/wp\/v2\/media\/2852"}],"wp:attachment":[{"href":"https:\/\/etab.ac-reunion.fr\/clg-albert-lougnon\/wp-json\/wp\/v2\/media?parent=2818"}],"wp:term":[{"taxonomy":"category","embeddable":true,"href":"https:\/\/etab.ac-reunion.fr\/clg-albert-lougnon\/wp-json\/wp\/v2\/categories?post=2818"},{"taxonomy":"post_tag","embeddable":true,"href":"https:\/\/etab.ac-reunion.fr\/clg-albert-lougnon\/wp-json\/wp\/v2\/tags?post=2818"}],"curies":[{"name":"wp","href":"https:\/\/api.w.org\/{rel}","templated":true}]}}