{"id":3189,"date":"2017-05-29T08:34:41","date_gmt":"2017-05-29T04:34:41","guid":{"rendered":"http:\/\/college-alougnon.ac-reunion.fr\/?p=3189"},"modified":"2017-07-27T16:17:41","modified_gmt":"2017-07-27T12:17:41","slug":"rencontre-avec-lauteur-isabelle-hoarau-joly","status":"publish","type":"post","link":"https:\/\/etab.ac-reunion.fr\/clg-albert-lougnon\/archives\/3189","title":{"rendered":"Rencontre avec l&rsquo;auteur Isabelle Hoarau Joly"},"content":{"rendered":"<p>Le lundi 22 mai dernier, quatre classes de sixi\u00e8me ont pu rencontrer et \u00e9changer avec l&rsquo;auteur Isabelle Hoarau Joly autour de son recueil\u00a0\u00ab\u00a0Contes de la r\u00e9union\u00a0\u00bb paru en 2012 aux \u00e9ditions Reflets d&rsquo;ailleurs. En amont, les \u00e9l\u00e8ves avaient \u00e9tudi\u00e9 le livre avec leur professeur de fran\u00e7ais, Mesdames Fung\u00e8re et Garrigou et pr\u00e9par\u00e9 des questions \u00a0autour des diff\u00e9rents r\u00e9cits qui composent le recueil. Cette rencontre a \u00e9galement \u00e9t\u00e9 l&rsquo;occasion d&rsquo;\u00e9changer autour du m\u00e9tier d&rsquo;\u00e9crivain, du parcours d&rsquo;Isabelle Hoarau Joly ou encore des sources d&rsquo;inspirations qui nourrissent l&rsquo;imagination de l&rsquo;auteure. Merci \u00e0 elle d&rsquo;\u00eatre venue \u00e0 la rencontre des \u00e9l\u00e8ves !<\/p>\n","protected":false},"excerpt":{"rendered":"<p> <a class=\"continue-reading-link\" href=\"https:\/\/etab.ac-reunion.fr\/clg-albert-lougnon\/archives\/3189\"><span><\/span><i class=\"crycon-right-dir\"><\/i><\/a> <\/p>\n","protected":false},"author":4440,"featured_media":3190,"comment_status":"closed","ping_status":"closed","sticky":false,"template":"","format":"standard","meta":{"footnotes":""},"categories":[48],"tags":[],"class_list":["post-3189","post","type-post","status-publish","format-standard","has-post-thumbnail","hentry","category-francais"],"_links":{"self":[{"href":"https:\/\/etab.ac-reunion.fr\/clg-albert-lougnon\/wp-json\/wp\/v2\/posts\/3189","targetHints":{"allow":["GET"]}}],"collection":[{"href":"https:\/\/etab.ac-reunion.fr\/clg-albert-lougnon\/wp-json\/wp\/v2\/posts"}],"about":[{"href":"https:\/\/etab.ac-reunion.fr\/clg-albert-lougnon\/wp-json\/wp\/v2\/types\/post"}],"author":[{"embeddable":true,"href":"https:\/\/etab.ac-reunion.fr\/clg-albert-lougnon\/wp-json\/wp\/v2\/users\/4440"}],"replies":[{"embeddable":true,"href":"https:\/\/etab.ac-reunion.fr\/clg-albert-lougnon\/wp-json\/wp\/v2\/comments?post=3189"}],"version-history":[{"count":1,"href":"https:\/\/etab.ac-reunion.fr\/clg-albert-lougnon\/wp-json\/wp\/v2\/posts\/3189\/revisions"}],"predecessor-version":[{"id":3191,"href":"https:\/\/etab.ac-reunion.fr\/clg-albert-lougnon\/wp-json\/wp\/v2\/posts\/3189\/revisions\/3191"}],"wp:featuredmedia":[{"embeddable":true,"href":"https:\/\/etab.ac-reunion.fr\/clg-albert-lougnon\/wp-json\/wp\/v2\/media\/3190"}],"wp:attachment":[{"href":"https:\/\/etab.ac-reunion.fr\/clg-albert-lougnon\/wp-json\/wp\/v2\/media?parent=3189"}],"wp:term":[{"taxonomy":"category","embeddable":true,"href":"https:\/\/etab.ac-reunion.fr\/clg-albert-lougnon\/wp-json\/wp\/v2\/categories?post=3189"},{"taxonomy":"post_tag","embeddable":true,"href":"https:\/\/etab.ac-reunion.fr\/clg-albert-lougnon\/wp-json\/wp\/v2\/tags?post=3189"}],"curies":[{"name":"wp","href":"https:\/\/api.w.org\/{rel}","templated":true}]}}