{"id":3268,"date":"2017-06-07T20:35:50","date_gmt":"2017-06-07T16:35:50","guid":{"rendered":"http:\/\/college-alougnon.ac-reunion.fr\/?p=3268"},"modified":"2017-07-27T17:27:15","modified_gmt":"2017-07-27T13:27:15","slug":"la-radio-lougnon-des-406-hommage-au-dramaturge-moliere","status":"publish","type":"post","link":"https:\/\/etab.ac-reunion.fr\/clg-albert-lougnon\/archives\/3268","title":{"rendered":"La radio Lougnon des 406 rend hommage \u00e0 Moli\u00e8re !"},"content":{"rendered":"<div class=\"wp-playlist wp-audio-playlist wp-playlist-light\">\n\t\t\t<div class=\"wp-playlist-current-item\"><\/div>\n\t\t<audio controls=\"controls\" preload=\"none\" width=\"828\"\n\t\t\t><\/audio>\n\t<div class=\"wp-playlist-next\"><\/div>\n\t<div class=\"wp-playlist-prev\"><\/div>\n\t<noscript>\n\t<ol>\n\t\t<li><a href='https:\/\/etab.ac-reunion.fr\/clg-albert-lougnon\/wp-content\/uploads\/sites\/81\/2017\/06\/Partie-I-406.m4a'>RADIO LOUGNON DES 406<\/a><\/li><li><a href='https:\/\/etab.ac-reunion.fr\/clg-albert-lougnon\/wp-content\/uploads\/sites\/81\/2017\/06\/E\u0301milie-Et-Cleora.m4a'>INTERPR\u00c9TATION E\u0301milie Et Cleora<\/a><\/li><li><a href='https:\/\/etab.ac-reunion.fr\/clg-albert-lougnon\/wp-content\/uploads\/sites\/81\/2017\/06\/Enzo-Et-Cloe\u0301.m4a'>INTERPR\u00c9TATION Enzo Et Cloe\u0301<\/a><\/li><li><a href='https:\/\/etab.ac-reunion.fr\/clg-albert-lougnon\/wp-content\/uploads\/sites\/81\/2017\/06\/Partie-II-406.m4a'>RADIO DEUXI\u00c8ME PARTIE<\/a><\/li>\t<\/ol>\n\t<\/noscript>\n\t<script type=\"application\/json\" class=\"wp-playlist-script\">{\"type\":\"audio\",\"tracklist\":true,\"tracknumbers\":true,\"images\":true,\"artists\":true,\"tracks\":[{\"src\":\"https:\/\/etab.ac-reunion.fr\/clg-albert-lougnon\/wp-content\/uploads\/sites\/81\/2017\/06\/Partie-I-406.m4a\",\"type\":\"audio\/mpeg\",\"title\":\"RADIO LOUGNON DES 406\",\"caption\":\"\",\"description\":\"\\u003Ci\\u003EPartie I 406\\u003C\/i\\u003E.\",\"meta\":{\"length_formatted\":\"5:10\"},\"image\":{\"src\":\"https:\/\/etab.ac-reunion.fr\/clg-albert-lougnon\/wp-includes\/images\/media\/audio.svg\",\"width\":48,\"height\":64},\"thumb\":{\"src\":\"https:\/\/etab.ac-reunion.fr\/clg-albert-lougnon\/wp-includes\/images\/media\/audio.svg\",\"width\":48,\"height\":64}},{\"src\":\"https:\/\/etab.ac-reunion.fr\/clg-albert-lougnon\/wp-content\/uploads\/sites\/81\/2017\/06\/E\\u0301milie-Et-Cleora.m4a\",\"type\":\"audio\/mpeg\",\"title\":\"INTERPR\\u00c9TATION E\\u0301milie Et Cleora\",\"caption\":\"\",\"description\":\"\\u003Ci\\u003EE\\u0301milie Et Cleora\\u003C\/i\\u003E.\",\"meta\":{\"length_formatted\":\"2:23\"},\"image\":{\"src\":\"https:\/\/etab.ac-reunion.fr\/clg-albert-lougnon\/wp-includes\/images\/media\/audio.svg\",\"width\":48,\"height\":64},\"thumb\":{\"src\":\"https:\/\/etab.ac-reunion.fr\/clg-albert-lougnon\/wp-includes\/images\/media\/audio.svg\",\"width\":48,\"height\":64}},{\"src\":\"https:\/\/etab.ac-reunion.fr\/clg-albert-lougnon\/wp-content\/uploads\/sites\/81\/2017\/06\/Enzo-Et-Cloe\\u0301.m4a\",\"type\":\"audio\/mpeg\",\"title\":\"INTERPR\\u00c9TATION Enzo Et Cloe\\u0301\",\"caption\":\"\",\"description\":\"\\u003Ci\\u003EEnzo Et Cloe\\u0301\\u003C\/i\\u003E.\",\"meta\":{\"length_formatted\":\"3:06\"},\"image\":{\"src\":\"https:\/\/etab.ac-reunion.fr\/clg-albert-lougnon\/wp-includes\/images\/media\/audio.svg\",\"width\":48,\"height\":64},\"thumb\":{\"src\":\"https:\/\/etab.ac-reunion.fr\/clg-albert-lougnon\/wp-includes\/images\/media\/audio.svg\",\"width\":48,\"height\":64}},{\"src\":\"https:\/\/etab.ac-reunion.fr\/clg-albert-lougnon\/wp-content\/uploads\/sites\/81\/2017\/06\/Partie-II-406.m4a\",\"type\":\"audio\/mpeg\",\"title\":\"RADIO DEUXI\\u00c8ME PARTIE\",\"caption\":\"\",\"description\":\"\\u003Ci\\u003EPartie II 406\\u003C\/i\\u003E.\",\"meta\":{\"length_formatted\":\"3:11\"},\"image\":{\"src\":\"https:\/\/etab.ac-reunion.fr\/clg-albert-lougnon\/wp-includes\/images\/media\/audio.svg\",\"width\":48,\"height\":64},\"thumb\":{\"src\":\"https:\/\/etab.ac-reunion.fr\/clg-albert-lougnon\/wp-includes\/images\/media\/audio.svg\",\"width\":48,\"height\":64}}]}<\/script>\n<\/div>\n\t\n<p>Dans le cadre de l&rsquo;\u00e9tude du <span style=\"text-decoration: underline\">Malade Imaginaire<\/span> de Moli\u00e8re, les \u00e9l\u00e8ves de 406 ont redonn\u00e9 vie \u00e0 leur radio. Ils lancent sur les ondes un grand concours fictif\u00a0 qui verra les meilleurs acteurs r\u00e9compens\u00e9s pour leur interpr\u00e9tation. L&rsquo;\u00e9mission est anim\u00e9e par Pauline et M\u00e9lisane et ponctu\u00e9e par les interventions de tous les \u00e9l\u00e8ves de la classe.<\/p>\n<p>Nous vous souhaitons une bonne \u00e9coute et esp\u00e9rons que la radio ne s&rsquo;arr\u00eatera pas en si bon chemin&#8230;<\/p>\n","protected":false},"excerpt":{"rendered":"<p> <a class=\"continue-reading-link\" href=\"https:\/\/etab.ac-reunion.fr\/clg-albert-lougnon\/archives\/3268\"><span><\/span><i class=\"crycon-right-dir\"><\/i><\/a> <\/p>\n","protected":false},"author":13540,"featured_media":3393,"comment_status":"closed","ping_status":"closed","sticky":false,"template":"","format":"standard","meta":{"footnotes":""},"categories":[48],"tags":[],"class_list":["post-3268","post","type-post","status-publish","format-standard","has-post-thumbnail","hentry","category-francais"],"_links":{"self":[{"href":"https:\/\/etab.ac-reunion.fr\/clg-albert-lougnon\/wp-json\/wp\/v2\/posts\/3268","targetHints":{"allow":["GET"]}}],"collection":[{"href":"https:\/\/etab.ac-reunion.fr\/clg-albert-lougnon\/wp-json\/wp\/v2\/posts"}],"about":[{"href":"https:\/\/etab.ac-reunion.fr\/clg-albert-lougnon\/wp-json\/wp\/v2\/types\/post"}],"author":[{"embeddable":true,"href":"https:\/\/etab.ac-reunion.fr\/clg-albert-lougnon\/wp-json\/wp\/v2\/users\/13540"}],"replies":[{"embeddable":true,"href":"https:\/\/etab.ac-reunion.fr\/clg-albert-lougnon\/wp-json\/wp\/v2\/comments?post=3268"}],"version-history":[{"count":3,"href":"https:\/\/etab.ac-reunion.fr\/clg-albert-lougnon\/wp-json\/wp\/v2\/posts\/3268\/revisions"}],"predecessor-version":[{"id":3275,"href":"https:\/\/etab.ac-reunion.fr\/clg-albert-lougnon\/wp-json\/wp\/v2\/posts\/3268\/revisions\/3275"}],"wp:featuredmedia":[{"embeddable":true,"href":"https:\/\/etab.ac-reunion.fr\/clg-albert-lougnon\/wp-json\/wp\/v2\/media\/3393"}],"wp:attachment":[{"href":"https:\/\/etab.ac-reunion.fr\/clg-albert-lougnon\/wp-json\/wp\/v2\/media?parent=3268"}],"wp:term":[{"taxonomy":"category","embeddable":true,"href":"https:\/\/etab.ac-reunion.fr\/clg-albert-lougnon\/wp-json\/wp\/v2\/categories?post=3268"},{"taxonomy":"post_tag","embeddable":true,"href":"https:\/\/etab.ac-reunion.fr\/clg-albert-lougnon\/wp-json\/wp\/v2\/tags?post=3268"}],"curies":[{"name":"wp","href":"https:\/\/api.w.org\/{rel}","templated":true}]}}