{"id":3715,"date":"2018-02-27T15:59:10","date_gmt":"2018-02-27T11:59:10","guid":{"rendered":"http:\/\/college-alougnon.ac-reunion.fr\/?p=3715"},"modified":"2018-03-06T13:30:35","modified_gmt":"2018-03-06T09:30:35","slug":"3715","status":"publish","type":"post","link":"https:\/\/etab.ac-reunion.fr\/clg-albert-lougnon\/archives\/3715","title":{"rendered":"Journ\u00e9e Internationale des Droits des Femmes"},"content":{"rendered":"<p><a href=\"https:\/\/etab.ac-reunion.fr\/clg-albert-lougnon\/wp-content\/uploads\/sites\/81\/2018\/02\/bandeau-JDF-2017_727159.jpg\"><img loading=\"lazy\" decoding=\"async\" class=\"size-medium wp-image-3716 alignleft\" src=\"https:\/\/etab.ac-reunion.fr\/clg-albert-lougnon\/wp-content\/uploads\/sites\/81\/2018\/02\/bandeau-JDF-2017_727159-300x122.jpg\" alt=\"\" width=\"300\" height=\"122\" srcset=\"https:\/\/etab.ac-reunion.fr\/clg-albert-lougnon\/wp-content\/uploads\/sites\/81\/2018\/02\/bandeau-JDF-2017_727159-300x122.jpg 300w, https:\/\/etab.ac-reunion.fr\/clg-albert-lougnon\/wp-content\/uploads\/sites\/81\/2018\/02\/bandeau-JDF-2017_727159-150x61.jpg 150w, https:\/\/etab.ac-reunion.fr\/clg-albert-lougnon\/wp-content\/uploads\/sites\/81\/2018\/02\/bandeau-JDF-2017_727159.jpg 740w\" sizes=\"auto, (max-width: 300px) 100vw, 300px\" \/><\/a>Ce jeudi 08 mars, le coll\u00e8ge c\u00e9l\u00e8brera la Journ\u00e9e Internationale des Droits des Femmes en accueillant deux personnalit\u00e9s fortes et inspirantes : <strong>Val\u00e9rie FILAIN<\/strong>, journaliste \u00e0 R\u00e9union 1\u00e8re et <strong>Ericka BAREIGTS<\/strong>, D\u00e9put\u00e9e de La R\u00e9union et ancienne Ministre des outre-mer et ancienne Secr\u00e9taire d\u2019\u00c9tat \u00e0 l&rsquo;\u00e9galit\u00e9 r\u00e9elle aupr\u00e8s du Premier Ministre.<\/p>\n<p>Tous les \u00e9l\u00e8ves de quatri\u00e8me pourront les rencontrer. Au cours d&rsquo;un travail pr\u00e9paratoire dans le cadre des cours d&rsquo;EMC (Enseignement Moral et Civique), les \u00e9l\u00e8ves ont \u00e9t\u00e9 sensibilis\u00e9s \u00e0 la question de l&rsquo;\u00e9galit\u00e9 fille\/gar\u00e7on, notamment dans une perspective d&rsquo;orientation.<\/p>\n<p>Gageons que cette double rencontre leur permettra de r\u00eaver plus haut et fera na\u00eetre des ambitions !<\/p>\n","protected":false},"excerpt":{"rendered":"<p> <a class=\"continue-reading-link\" href=\"https:\/\/etab.ac-reunion.fr\/clg-albert-lougnon\/archives\/3715\"><span><\/span><i class=\"crycon-right-dir\"><\/i><\/a> <\/p>\n","protected":false},"author":12196,"featured_media":3716,"comment_status":"closed","ping_status":"closed","sticky":false,"template":"","format":"standard","meta":{"footnotes":""},"categories":[44],"tags":[],"class_list":["post-3715","post","type-post","status-publish","format-standard","has-post-thumbnail","hentry","category-histoire-geographie"],"_links":{"self":[{"href":"https:\/\/etab.ac-reunion.fr\/clg-albert-lougnon\/wp-json\/wp\/v2\/posts\/3715","targetHints":{"allow":["GET"]}}],"collection":[{"href":"https:\/\/etab.ac-reunion.fr\/clg-albert-lougnon\/wp-json\/wp\/v2\/posts"}],"about":[{"href":"https:\/\/etab.ac-reunion.fr\/clg-albert-lougnon\/wp-json\/wp\/v2\/types\/post"}],"author":[{"embeddable":true,"href":"https:\/\/etab.ac-reunion.fr\/clg-albert-lougnon\/wp-json\/wp\/v2\/users\/12196"}],"replies":[{"embeddable":true,"href":"https:\/\/etab.ac-reunion.fr\/clg-albert-lougnon\/wp-json\/wp\/v2\/comments?post=3715"}],"version-history":[{"count":6,"href":"https:\/\/etab.ac-reunion.fr\/clg-albert-lougnon\/wp-json\/wp\/v2\/posts\/3715\/revisions"}],"predecessor-version":[{"id":3770,"href":"https:\/\/etab.ac-reunion.fr\/clg-albert-lougnon\/wp-json\/wp\/v2\/posts\/3715\/revisions\/3770"}],"wp:featuredmedia":[{"embeddable":true,"href":"https:\/\/etab.ac-reunion.fr\/clg-albert-lougnon\/wp-json\/wp\/v2\/media\/3716"}],"wp:attachment":[{"href":"https:\/\/etab.ac-reunion.fr\/clg-albert-lougnon\/wp-json\/wp\/v2\/media?parent=3715"}],"wp:term":[{"taxonomy":"category","embeddable":true,"href":"https:\/\/etab.ac-reunion.fr\/clg-albert-lougnon\/wp-json\/wp\/v2\/categories?post=3715"},{"taxonomy":"post_tag","embeddable":true,"href":"https:\/\/etab.ac-reunion.fr\/clg-albert-lougnon\/wp-json\/wp\/v2\/tags?post=3715"}],"curies":[{"name":"wp","href":"https:\/\/api.w.org\/{rel}","templated":true}]}}