{"id":3932,"date":"2018-06-07T20:49:02","date_gmt":"2018-06-07T16:49:02","guid":{"rendered":"http:\/\/college-alougnon.ac-reunion.fr\/?p=3932"},"modified":"2018-06-07T20:50:33","modified_gmt":"2018-06-07T16:50:33","slug":"retranches-sur-culture-1ere","status":"publish","type":"post","link":"https:\/\/etab.ac-reunion.fr\/clg-albert-lougnon\/archives\/3932","title":{"rendered":"RETRANCH\u00c9S sur Culture 1\u00e8re"},"content":{"rendered":"<p>Ce soir, les \u00e9l\u00e8ves de la 304, repr\u00e9sent\u00e9s par Jade et Ilana \u00e9taient les invit\u00e9s de l&rsquo;\u00e9mission CULTURE PREMI\u00c8RE, anim\u00e9e par Jean Paul M\u00e9lade. L&rsquo;occasion de dresser le bialn du travail accompli durant l&rsquo;ann\u00e9e scolaire \u00e0 la veille de la repr\u00e9sentation de la pi\u00e8ce \u00e0 LESPAS ! Pour revoir l&rsquo;\u00e9mission, cliquez sur l&rsquo;image !<\/p>\n<p>[youtube]https:\/\/www.youtube.com\/watch?v=lX0FwU0AsD0[\/youtube]<\/p>\n","protected":false},"excerpt":{"rendered":"<p> <a class=\"continue-reading-link\" href=\"https:\/\/etab.ac-reunion.fr\/clg-albert-lougnon\/archives\/3932\"><span><\/span><i class=\"crycon-right-dir\"><\/i><\/a> <\/p>\n","protected":false},"author":4440,"featured_media":3933,"comment_status":"closed","ping_status":"closed","sticky":false,"template":"","format":"standard","meta":{"footnotes":""},"categories":[71,59,48,44,1],"tags":[],"class_list":["post-3932","post","type-post","status-publish","format-standard","has-post-thumbnail","hentry","category-cdi","category-enseignements","category-francais","category-histoire-geographie","category-non-classe"],"_links":{"self":[{"href":"https:\/\/etab.ac-reunion.fr\/clg-albert-lougnon\/wp-json\/wp\/v2\/posts\/3932","targetHints":{"allow":["GET"]}}],"collection":[{"href":"https:\/\/etab.ac-reunion.fr\/clg-albert-lougnon\/wp-json\/wp\/v2\/posts"}],"about":[{"href":"https:\/\/etab.ac-reunion.fr\/clg-albert-lougnon\/wp-json\/wp\/v2\/types\/post"}],"author":[{"embeddable":true,"href":"https:\/\/etab.ac-reunion.fr\/clg-albert-lougnon\/wp-json\/wp\/v2\/users\/4440"}],"replies":[{"embeddable":true,"href":"https:\/\/etab.ac-reunion.fr\/clg-albert-lougnon\/wp-json\/wp\/v2\/comments?post=3932"}],"version-history":[{"count":2,"href":"https:\/\/etab.ac-reunion.fr\/clg-albert-lougnon\/wp-json\/wp\/v2\/posts\/3932\/revisions"}],"predecessor-version":[{"id":3935,"href":"https:\/\/etab.ac-reunion.fr\/clg-albert-lougnon\/wp-json\/wp\/v2\/posts\/3932\/revisions\/3935"}],"wp:featuredmedia":[{"embeddable":true,"href":"https:\/\/etab.ac-reunion.fr\/clg-albert-lougnon\/wp-json\/wp\/v2\/media\/3933"}],"wp:attachment":[{"href":"https:\/\/etab.ac-reunion.fr\/clg-albert-lougnon\/wp-json\/wp\/v2\/media?parent=3932"}],"wp:term":[{"taxonomy":"category","embeddable":true,"href":"https:\/\/etab.ac-reunion.fr\/clg-albert-lougnon\/wp-json\/wp\/v2\/categories?post=3932"},{"taxonomy":"post_tag","embeddable":true,"href":"https:\/\/etab.ac-reunion.fr\/clg-albert-lougnon\/wp-json\/wp\/v2\/tags?post=3932"}],"curies":[{"name":"wp","href":"https:\/\/api.w.org\/{rel}","templated":true}]}}