{"id":4085,"date":"2018-06-18T14:04:32","date_gmt":"2018-06-18T10:04:32","guid":{"rendered":"http:\/\/college-alougnon.ac-reunion.fr\/?p=4085"},"modified":"2018-07-09T17:06:26","modified_gmt":"2018-07-09T13:06:26","slug":"madame-manglou-une-cpe-comme-les-autres","status":"publish","type":"post","link":"https:\/\/etab.ac-reunion.fr\/clg-albert-lougnon\/archives\/4085","title":{"rendered":"Mme Manglou, une CPE comme les autres !"},"content":{"rendered":"<p align=\"LEFT\"><span style=\"font-family: Andalus, serif\"><span style=\"color: #000000\"><span style=\"font-size: medium\"><i><b>Apr\u00e8s douze ans de travail Madame MANGLOU parle du parcours professionnel qui lui a permis de devenir CPE<\/b><\/i><\/span><\/span><span style=\"color: #000000\"><span style=\"font-size: medium\"><i>. <\/i><\/span><\/span><\/span><\/p>\n<p align=\"JUSTIFY\"><span style=\"color: #000000\"><span style=\"font-family: Andalus, serif\"><span style=\"font-size: medium\">Le m\u00e9tier de CPE est devenu le moyen de communication entre les \u00e9l\u00e8ves, les parents et les professeurs. Le m\u00e9tier permet aussi de r\u00e9soudre les probl\u00e8mes des adolescents.<\/span><\/span><\/span><\/p>\n<p align=\"JUSTIFY\"><span style=\"color: #000000\"><span style=\"font-family: Andalus, serif\"><span style=\"font-size: medium\">Si vous pensez que madame MANGLOU est une CPE diff\u00e9rente, vous vous trompez\u00a0!<\/span><\/span><\/span><\/p>\n<p align=\"LEFT\"><span style=\"color: #000000\"><span style=\"font-family: Andalus, serif\"><span style=\"font-size: x-large\"><u><b>*Information personnelles <\/b><\/u><\/span><\/span><\/span><\/p>\n<p align=\"JUSTIFY\"><span style=\"color: #000000\"> <span style=\"font-family: Andalus, serif\"><span style=\"font-size: large\"><span style=\"font-size: medium\">Madame Manglou Sarah n\u00e9e le 24 ao\u00fbt 1973 ag\u00e9e de 45 ans est CPE depuis 12ans.<\/span><\/span><\/span><\/span><\/p>\n<p align=\"JUSTIFY\"><span style=\"color: #000000\"><span style=\"font-family: Andalus, serif\"><span style=\"font-size: medium\">Madame Manglou nous affirme: \u00ab\u00a0J&rsquo;adore ce m\u00e9tier et je ne regrette pas !\u00a0\u00bb<\/span><\/span><\/span><\/p>\n<p align=\"JUSTIFY\"><span style=\"color: #000000\"><span style=\"font-family: Andalus, serif\"><span style=\"font-size: medium\">Elle nous explique aussi que g\u00e9rer vie professionnelle et vie familiale est assez difficile mais aue quoi qu&rsquo;il arrive elle s&rsquo;en sort.<\/span><\/span><\/span><\/p>\n<p align=\"LEFT\"><span style=\"color: #000000\"><span style=\"font-family: Andalus, serif\"><span style=\"font-size: x-large\"><u><b>*Le m\u00e9tier<\/b><\/u><\/span><\/span><\/span><\/p>\n<p align=\"JUSTIFY\"><span style=\"color: #000000\"><span style=\"font-family: Andalus, serif\"><span style=\"font-size: large\"> <span style=\"font-size: medium\">Au d\u00e9but de son parcours professionnel la CPE Sarah MANGLOU devait \u00eatre professeur d&rsquo;anglais, elle a fait un an d&rsquo;\u00e9tude en Angleterre mais pour les financer elle travaillait comme surveillante au coll\u00e8ge. Puis d\u00e9cide de passer le concours pour \u00eatre CPE. En \u00e9tant surveillante, le contact avec les adolescents lui a beaucoup plu car selon elle, ils sont \u201criches d&rsquo;\u00e9motions\u201d.<\/span><\/span><\/span><\/span><\/p>\n<p align=\"JUSTIFY\"><span style=\"color: #000000\"><span style=\"font-family: Andalus, serif\"><span style=\"font-size: medium\">Apr\u00e8s 9 ans de travail dans un coll\u00e8ge, elle parvient \u00e0 faire une demande de mutation au coll\u00e8ge Albert Lougnon.<\/span><\/span><\/span><\/p>\n<p align=\"JUSTIFY\"><span style=\"color: #000000\"><span style=\"font-family: Andalus, serif\"><span style=\"font-size: medium\">Durant son \u00e9poque pour passer le concours de CPE il fallait avoir une licence. Les effectifs \u00e9taient de 13 000 sur 300. Aujourd&rsquo;hui un MASTER 2 est suffisant.<\/span><\/span><\/span><\/p>\n<p align=\"JUSTIFY\"><span style=\"color: #000000\"><span style=\"font-family: Andalus, serif\"><span style=\"font-size: x-large\"><u><b>*Avantages et Incovenients <\/b><\/u><\/span><\/span><\/span><\/p>\n<p align=\"JUSTIFY\"><span style=\"color: #000000\"> <span style=\"font-family: Andalus, serif\"><span style=\"font-size: medium\"><b>L<\/b><\/span><\/span><span style=\"font-size: medium\">es avantages de ce m\u00e9tier sont: la relation avec les \u00e9l\u00e8ves, le fait de les voir grandir, \u00e9voluer et progresser.<\/span><\/span><\/p>\n<p style=\"text-align: justify\" align=\"RIGHT\"><span style=\"color: #000000\"> <span style=\"font-family: Andalus, serif\"><span style=\"font-size: large\"><span style=\"font-size: medium\">Les inconv\u00e9nients sont : les conflits, le lien entre les adultes du coll\u00e8ge et la masse de travail.<\/span> <\/span><\/span><\/span><\/p>\n<p style=\"text-align: justify\" align=\"RIGHT\"><span style=\"color: #000000\"><span style=\"font-family: Andalus, serif\"><span style=\"font-size: large\"><span style=\"font-size: small\"><i><b>Cl\u00e9ora GARDENAT et Line-Claire LEPINAY<\/b><\/i><\/span><\/span><\/span><\/span><\/p>\n","protected":false},"excerpt":{"rendered":"<p> <a class=\"continue-reading-link\" href=\"https:\/\/etab.ac-reunion.fr\/clg-albert-lougnon\/archives\/4085\"><span><\/span><i class=\"crycon-right-dir\"><\/i><\/a> <\/p>\n","protected":false},"author":13540,"featured_media":4071,"comment_status":"closed","ping_status":"closed","sticky":false,"template":"","format":"standard","meta":{"footnotes":""},"categories":[80],"tags":[],"class_list":["post-4085","post","type-post","status-publish","format-standard","has-post-thumbnail","hentry","category-le-collegien-974"],"_links":{"self":[{"href":"https:\/\/etab.ac-reunion.fr\/clg-albert-lougnon\/wp-json\/wp\/v2\/posts\/4085","targetHints":{"allow":["GET"]}}],"collection":[{"href":"https:\/\/etab.ac-reunion.fr\/clg-albert-lougnon\/wp-json\/wp\/v2\/posts"}],"about":[{"href":"https:\/\/etab.ac-reunion.fr\/clg-albert-lougnon\/wp-json\/wp\/v2\/types\/post"}],"author":[{"embeddable":true,"href":"https:\/\/etab.ac-reunion.fr\/clg-albert-lougnon\/wp-json\/wp\/v2\/users\/13540"}],"replies":[{"embeddable":true,"href":"https:\/\/etab.ac-reunion.fr\/clg-albert-lougnon\/wp-json\/wp\/v2\/comments?post=4085"}],"version-history":[{"count":3,"href":"https:\/\/etab.ac-reunion.fr\/clg-albert-lougnon\/wp-json\/wp\/v2\/posts\/4085\/revisions"}],"predecessor-version":[{"id":4140,"href":"https:\/\/etab.ac-reunion.fr\/clg-albert-lougnon\/wp-json\/wp\/v2\/posts\/4085\/revisions\/4140"}],"wp:featuredmedia":[{"embeddable":true,"href":"https:\/\/etab.ac-reunion.fr\/clg-albert-lougnon\/wp-json\/wp\/v2\/media\/4071"}],"wp:attachment":[{"href":"https:\/\/etab.ac-reunion.fr\/clg-albert-lougnon\/wp-json\/wp\/v2\/media?parent=4085"}],"wp:term":[{"taxonomy":"category","embeddable":true,"href":"https:\/\/etab.ac-reunion.fr\/clg-albert-lougnon\/wp-json\/wp\/v2\/categories?post=4085"},{"taxonomy":"post_tag","embeddable":true,"href":"https:\/\/etab.ac-reunion.fr\/clg-albert-lougnon\/wp-json\/wp\/v2\/tags?post=4085"}],"curies":[{"name":"wp","href":"https:\/\/api.w.org\/{rel}","templated":true}]}}