{"id":2031,"date":"2015-11-06T09:57:23","date_gmt":"2015-11-06T08:57:23","guid":{"rendered":"http:\/\/college-alexandre-monnet.ac-reunion.fr\/?p=2031"},"modified":"2018-07-17T13:32:34","modified_gmt":"2018-07-17T12:32:34","slug":"le-gaspillage-alimentaire-au-college","status":"publish","type":"post","link":"https:\/\/etab.ac-reunion.fr\/clg-alexandre-monnet\/2015\/11\/06\/le-gaspillage-alimentaire-au-college\/","title":{"rendered":"Le gaspillage alimentaire au coll\u00e8ge"},"content":{"rendered":"<p>Toujours dans l&rsquo;objectif d&rsquo;inscrire v\u00e9ritablement le coll\u00e8ge dans une logique de \u00ab\u00a0bon sens\u00a0\u00bb et de d\u00e9veloppement durable, M. Dumond et sa classe de 5\u00b0D vont mener durant toute l&rsquo;ann\u00e9e, un projet sur le th\u00e8me du gaspillage alimentaire.<br \/>\nEn partenariat avec la CIREST, repr\u00e9sent\u00e9e par \u00c9milie NATAF et en collaboration avec tous les membres de la communaut\u00e9 \u00e9ducative (personnel technique et de restauration, vie scolaire, parents d&rsquo;\u00e9l\u00e8ves, enseignants et \u00e9l\u00e8ves) ce projet s\u2019organise en 4 temps.<br \/>\nUne premi\u00e8re phase impliquera les \u00e9l\u00e8ves de la classe dans un diagnostic \u00e0 la fois qualitatif (sous forme d&rsquo;enqu\u00eate de satisfaction) et quantitatif (pes\u00e9es des restes alimentaires \u00e0 la cantine).<br \/>\nSur la base des donn\u00e9es r\u00e9colt\u00e9es, une deuxi\u00e8me phase nous am\u00e8nera \u00e0 r\u00e9unir diff\u00e9rents repr\u00e9sentants de la communaut\u00e9 \u00e9ducative afin de r\u00e9fl\u00e9chir sur des actions visant \u00e0 r\u00e9duire le gaspillage alimentaire.<br \/>\nLa troisi\u00e8me phase, toujours gr\u00e2ce \u00e0 la classe pilote de 5\u00b0D sera celle de l&rsquo;op\u00e9rationnalisation de ces actions et de la sensibilisation des personnes b\u00e9n\u00e9ficiant du service de restauration.<br \/>\nEnfin, une \u00e9valuation similaire \u00e0 la premi\u00e8re sera r\u00e9alis\u00e9e en fin d&rsquo;ann\u00e9e afin de dresser un bilan.<br \/>\nEn parall\u00e8le, une sortie en relation avec la th\u00e9matique du gaspillage alimentaire est envisag\u00e9e durant l&rsquo;ann\u00e9e.<\/p>\n<p>L&rsquo;\u00e9valuation initiale d\u00e9bute jeudi 12 novembre et s&rsquo;\u00e9talera sur 5 jours de restauration pleins (jusqu&rsquo;au 19 novembre inclus).<br \/>\nA ce titre, des groupes de 5 \u00e0 6 \u00e9l\u00e8ves de la classe de 5\u00b0D, diff\u00e9rents chaque jour, seront lib\u00e9r\u00e9s des cours en M4 (11h10-12h05) afin de r\u00e9aliser les pes\u00e9es sur l&rsquo;ensemble de la plage horaire de service. Par ailleurs, ils d\u00e9buteront \u00e9galement l&rsquo;enqu\u00eate de satisfaction \u00e0 la fois aupr\u00e8s des \u00e9l\u00e8ves et des adultes d\u00e9jeunant \u00e0 la cantine.<\/p>\n","protected":false},"excerpt":{"rendered":"<p>Toujours dans l&rsquo;objectif d&rsquo;inscrire v\u00e9ritablement le coll\u00e8ge dans une logique de \u00ab\u00a0bon sens\u00a0\u00bb et de d\u00e9veloppement durable, M. Dumond et sa classe de 5\u00b0D vont mener durant toute l&rsquo;ann\u00e9e, un projet sur le th\u00e8me du gaspillage alimentaire. En partenariat avec la CIREST, repr\u00e9sent\u00e9e par \u00c9milie NATAF et en collaboration avec tous les membres de la [&hellip;]<\/p>\n","protected":false},"author":3292,"featured_media":3490,"comment_status":"open","ping_status":"open","sticky":false,"template":"","format":"standard","meta":{"footnotes":""},"categories":[4],"tags":[],"class_list":["post-2031","post","type-post","status-publish","format-standard","has-post-thumbnail","hentry","category-eedd"],"_links":{"self":[{"href":"https:\/\/etab.ac-reunion.fr\/clg-alexandre-monnet\/wp-json\/wp\/v2\/posts\/2031","targetHints":{"allow":["GET"]}}],"collection":[{"href":"https:\/\/etab.ac-reunion.fr\/clg-alexandre-monnet\/wp-json\/wp\/v2\/posts"}],"about":[{"href":"https:\/\/etab.ac-reunion.fr\/clg-alexandre-monnet\/wp-json\/wp\/v2\/types\/post"}],"author":[{"embeddable":true,"href":"https:\/\/etab.ac-reunion.fr\/clg-alexandre-monnet\/wp-json\/wp\/v2\/users\/3292"}],"replies":[{"embeddable":true,"href":"https:\/\/etab.ac-reunion.fr\/clg-alexandre-monnet\/wp-json\/wp\/v2\/comments?post=2031"}],"version-history":[{"count":2,"href":"https:\/\/etab.ac-reunion.fr\/clg-alexandre-monnet\/wp-json\/wp\/v2\/posts\/2031\/revisions"}],"predecessor-version":[{"id":2034,"href":"https:\/\/etab.ac-reunion.fr\/clg-alexandre-monnet\/wp-json\/wp\/v2\/posts\/2031\/revisions\/2034"}],"wp:featuredmedia":[{"embeddable":true,"href":"https:\/\/etab.ac-reunion.fr\/clg-alexandre-monnet\/wp-json\/wp\/v2\/media\/3490"}],"wp:attachment":[{"href":"https:\/\/etab.ac-reunion.fr\/clg-alexandre-monnet\/wp-json\/wp\/v2\/media?parent=2031"}],"wp:term":[{"taxonomy":"category","embeddable":true,"href":"https:\/\/etab.ac-reunion.fr\/clg-alexandre-monnet\/wp-json\/wp\/v2\/categories?post=2031"},{"taxonomy":"post_tag","embeddable":true,"href":"https:\/\/etab.ac-reunion.fr\/clg-alexandre-monnet\/wp-json\/wp\/v2\/tags?post=2031"}],"curies":[{"name":"wp","href":"https:\/\/api.w.org\/{rel}","templated":true}]}}