{"id":2816,"date":"2016-06-03T15:07:15","date_gmt":"2016-06-03T14:07:15","guid":{"rendered":"http:\/\/college-alexandre-monnet.ac-reunion.fr\/?p=2816"},"modified":"2018-07-17T13:31:11","modified_gmt":"2018-07-17T12:31:11","slug":"gaspillage-alimentaire-et-label-e3d","status":"publish","type":"post","link":"https:\/\/etab.ac-reunion.fr\/clg-alexandre-monnet\/2016\/06\/03\/gaspillage-alimentaire-et-label-e3d\/","title":{"rendered":"Gaspillage alimentaire et label E3D"},"content":{"rendered":"<p><strong>Gaspillage alimentaire:<\/strong>\u00a0Les pes\u00e9es des restes alimentaires \u00e0 la cantine se d\u00e9rouleront du mardi 7\u00a0au mardi 14 juin et seront assur\u00e9es par les \u00e9l\u00e8ves de la classe de 5\u00b0D pour \u00e9valuer l&rsquo;impact des actions entreprises dans le projet sur le gaspillage alimentaire.<\/p>\n<p><strong><img loading=\"lazy\" decoding=\"async\" class=\"alignleft size-medium wp-image-2817\" src=\"https:\/\/etab.ac-reunion.fr\/clg-alexandre-monnet\/wp-content\/uploads\/sites\/99\/2016\/06\/DSC07532-259x300.jpg\" alt=\"DSC07532\" width=\"259\" height=\"300\" srcset=\"https:\/\/etab.ac-reunion.fr\/clg-alexandre-monnet\/wp-content\/uploads\/sites\/99\/2016\/06\/DSC07532-259x300.jpg 259w, https:\/\/etab.ac-reunion.fr\/clg-alexandre-monnet\/wp-content\/uploads\/sites\/99\/2016\/06\/DSC07532-885x1024.jpg 885w, https:\/\/etab.ac-reunion.fr\/clg-alexandre-monnet\/wp-content\/uploads\/sites\/99\/2016\/06\/DSC07532.jpg 933w\" sizes=\"auto, (max-width: 259px) 100vw, 259px\" \/>Coll\u00e8ge r\u00e9compens\u00e9 et labellis\u00e9 E3D:\u00a0<\/strong>Gr\u00e2ce au projet sur le gaspillage alimentaire et au ti raid \u00e9cocitoyen, le coll\u00e8ge a re\u00e7u de un label E3D (\u00c9tablissement en D\u00e9marche de D\u00e9veloppement Durable) de niveau 3, de l&rsquo;acad\u00e9mie de la R\u00e9union, le mercredi 1er juin.<br \/>\nCelui-ci est valable 3 ans et t\u00e9moigne d&rsquo;une v\u00e9ritable reconnaissance institutionnelle des projets entrepris en mati\u00e8re de d\u00e9veloppement durable.<\/p>\n<p style=\"text-align: right\">M. Dumond<\/p>\n","protected":false},"excerpt":{"rendered":"<p>Gaspillage alimentaire:\u00a0Les pes\u00e9es des restes alimentaires \u00e0 la cantine se d\u00e9rouleront du mardi 7\u00a0au mardi 14 juin et seront assur\u00e9es par les \u00e9l\u00e8ves de la classe de 5\u00b0D pour \u00e9valuer l&rsquo;impact des actions entreprises dans le projet sur le gaspillage alimentaire. Coll\u00e8ge r\u00e9compens\u00e9 et labellis\u00e9 E3D:\u00a0Gr\u00e2ce au projet sur le gaspillage alimentaire et au ti [&hellip;]<\/p>\n","protected":false},"author":3292,"featured_media":0,"comment_status":"open","ping_status":"open","sticky":false,"template":"","format":"standard","meta":{"footnotes":""},"categories":[4],"tags":[],"class_list":["post-2816","post","type-post","status-publish","format-standard","hentry","category-eedd"],"_links":{"self":[{"href":"https:\/\/etab.ac-reunion.fr\/clg-alexandre-monnet\/wp-json\/wp\/v2\/posts\/2816","targetHints":{"allow":["GET"]}}],"collection":[{"href":"https:\/\/etab.ac-reunion.fr\/clg-alexandre-monnet\/wp-json\/wp\/v2\/posts"}],"about":[{"href":"https:\/\/etab.ac-reunion.fr\/clg-alexandre-monnet\/wp-json\/wp\/v2\/types\/post"}],"author":[{"embeddable":true,"href":"https:\/\/etab.ac-reunion.fr\/clg-alexandre-monnet\/wp-json\/wp\/v2\/users\/3292"}],"replies":[{"embeddable":true,"href":"https:\/\/etab.ac-reunion.fr\/clg-alexandre-monnet\/wp-json\/wp\/v2\/comments?post=2816"}],"version-history":[{"count":1,"href":"https:\/\/etab.ac-reunion.fr\/clg-alexandre-monnet\/wp-json\/wp\/v2\/posts\/2816\/revisions"}],"predecessor-version":[{"id":2818,"href":"https:\/\/etab.ac-reunion.fr\/clg-alexandre-monnet\/wp-json\/wp\/v2\/posts\/2816\/revisions\/2818"}],"wp:attachment":[{"href":"https:\/\/etab.ac-reunion.fr\/clg-alexandre-monnet\/wp-json\/wp\/v2\/media?parent=2816"}],"wp:term":[{"taxonomy":"category","embeddable":true,"href":"https:\/\/etab.ac-reunion.fr\/clg-alexandre-monnet\/wp-json\/wp\/v2\/categories?post=2816"},{"taxonomy":"post_tag","embeddable":true,"href":"https:\/\/etab.ac-reunion.fr\/clg-alexandre-monnet\/wp-json\/wp\/v2\/tags?post=2816"}],"curies":[{"name":"wp","href":"https:\/\/api.w.org\/{rel}","templated":true}]}}