{"id":4016,"date":"2018-02-13T06:03:43","date_gmt":"2018-02-13T05:03:43","guid":{"rendered":"http:\/\/college-alexandre-monnet.ac-reunion.fr\/?p=4016"},"modified":"2018-02-13T06:04:25","modified_gmt":"2018-02-13T05:04:25","slug":"cross-national-blagnac-20-janvier-2018","status":"publish","type":"post","link":"https:\/\/etab.ac-reunion.fr\/clg-alexandre-monnet\/2018\/02\/13\/cross-national-blagnac-20-janvier-2018\/","title":{"rendered":"Cross National, Blagnac 20 janvier 2018"},"content":{"rendered":"<p>&nbsp;<\/p>\n<p>La semaine derni\u00e8re 6 \u00e9l\u00e8ves de 6i\u00e8me et 5i\u00e8me du coll\u00e8ge Alexandre Monnet se d\u00e9pla\u00e7aient en M\u00e9tropole \u00e0 Blagnac \u00e0 cot\u00e9 de Toulouse pour d\u00e9fendre les couleurs de notre coll\u00e8ge et de La R\u00e9union au Cross National UNSS.<\/p>\n<p>Nos champions acad\u00e9miques pr\u00e9paraient l\u2019\u00e9ch\u00e9ance depuis 1 mois, entrainement, cross amical et pr\u00e9paration du mat\u00e9riel adapt\u00e9.<\/p>\n<p><img loading=\"lazy\" decoding=\"async\" class=\"wp-image-4013 alignleft\" src=\"https:\/\/etab.ac-reunion.fr\/clg-alexandre-monnet\/wp-content\/uploads\/sites\/99\/2018\/02\/IMG_6246-300x130.jpg\" alt=\"\" width=\"316\" height=\"137\" srcset=\"https:\/\/etab.ac-reunion.fr\/clg-alexandre-monnet\/wp-content\/uploads\/sites\/99\/2018\/02\/IMG_6246-300x130.jpg 300w, https:\/\/etab.ac-reunion.fr\/clg-alexandre-monnet\/wp-content\/uploads\/sites\/99\/2018\/02\/IMG_6246-1024x444.jpg 1024w\" sizes=\"auto, (max-width: 316px) 100vw, 316px\" \/><\/p>\n<p>Le mercredi 17 au matin, les 6 \u00e9l\u00e8ves prennent l\u2019avion plein d\u2019espoir pour ramener une m\u00e9daille \u00e0 La R\u00e9union.<\/p>\n<p>Apr\u00e8s 2 nuits et une journ\u00e9e pass\u00e9e \u00e0 visiter Paris, nos champions d\u00e9collent en direction de Toulouse.<\/p>\n<p>Au programme du vendredi, rep\u00e9rage du parcours : 2200m de boue, \u00e9viter les trous, prendre un bon d\u00e9part acc\u00e9l\u00e9r<\/p>\n<p>&nbsp;<\/p>\n<p>er au point A\u2026\u00a0 les \u00e9l\u00e8ves sont pr\u00eats \u00e0 affronter le reste de la France.<\/p>\n<p>Le gymnase du Lyc\u00e9e Saint Exup\u00e9ry de Blagnac est aussi \u00e0 la disposition des athl\u00e8tes pour divers activit\u00e9s, stand de tir de biathlon, rameur, velo, stand de Premier secours, anti dopage.. de quoi s\u2019occuper toute l\u2019apr\u00e8s midi et se changer les id\u00e9es pour le stress qui commence \u00e0 monter<\/p>\n<p>La pr\u00e9paration commence d\u00e8s le matin, avec un \u00e9chauffement et une alimentation de grand champion. Mais les choses s\u00e9rieusement commencent en fin de matin\u00e9e.<\/p>\n<p>Vers 11h15, se sont nos 3 benjamines Thelma, Ciara et Blanche qui se pr\u00e9sentent en chambre d\u2019appel. Les conditions climatiques ne sont pas celles de la R\u00e9union, c\u2019est donc sur un terrain glissant et mouill\u00e9, dans le froid et la pluie que les filles disputent leur course.<\/p>\n<p>Malgr\u00e9 ses contraintes, Ciara et Blanche prennent un superbe d\u00e9part et<\/p>\n<p><img loading=\"lazy\" decoding=\"async\" class=\" wp-image-4014 alignright\" src=\"https:\/\/etab.ac-reunion.fr\/clg-alexandre-monnet\/wp-content\/uploads\/sites\/99\/2018\/02\/IMG_6363-300x142.jpg\" alt=\"\" width=\"353\" height=\"167\" srcset=\"https:\/\/etab.ac-reunion.fr\/clg-alexandre-monnet\/wp-content\/uploads\/sites\/99\/2018\/02\/IMG_6363-300x142.jpg 300w, https:\/\/etab.ac-reunion.fr\/clg-alexandre-monnet\/wp-content\/uploads\/sites\/99\/2018\/02\/IMG_6363-1024x484.jpg 1024w, https:\/\/etab.ac-reunion.fr\/clg-alexandre-monnet\/wp-content\/uploads\/sites\/99\/2018\/02\/IMG_6363.jpg 1865w\" sizes=\"auto, (max-width: 353px) 100vw, 353px\" \/><\/p>\n<p>finissent respectivement 24 et 38i\u00e8me. La course est plus compliqu\u00e9e pour Thelma qui d\u00e9marre derni\u00e8re de la course, mais arrive tout de \u00e0 remonter 30 places pour finir 170ieme sur 201 participantes.<\/p>\n<p>Pas le temps de f\u00e9liciter nos championnes c\u2019est au tour des gar\u00e7ons de se pr\u00e9senter sur la ligne de d\u00e9part. Il faut savoir jouer des coudes pour se faire une place strat\u00e9gique pour leurs d\u00e9parts.<\/p>\n<p>Le niveau est \u00e9lev\u00e9 et l\u2019ensemble des benjamins d\u00e9marrent \u00e0 une vitesse \u00e9lev\u00e9e. Nos petits Benedictains s\u2019accrochent tous de m\u00eame au peloton jusqu\u2019\u00e0 la fin de la course. Rapha\u00ebl notre champion du coll\u00e8ge fini 153ieme suivi de Luis \u00e0 la 180ieme place et de Aidan \u00e0 la 194ieme.<\/p>\n<p>L\u2019\u00e9quipe du coll\u00e8ge fini donc 56ieme sur 64 au classement g\u00e9n\u00e9ral. Un r\u00e9sultat pas \u00e0 la hauteur de leurs capacit\u00e9s mais pas sans l\u2019espoir de revenir plus fort et plus entrain\u00e9 une prochaine fois. A noter la tr\u00e8s belle performance de Ciara Lemaire n\u00e9e en 2007 qui finit 24ieme face \u00e0 des athl\u00e8tes \u00e2g\u00e9es de 1 ou 2 ans de plus qu\u2019elle.<\/p>\n<p>Les \u00e9l\u00e8ves ont par la suite pu profiter de la m\u00e9tropole en passant 3 jours \u00e0 la neige pour d\u00e9couvrir le ski alpin et les raquettes mais aussi visiter Toulouse et Carassonne.<\/p>\n<p>Des souvenirs qui resteront dans la t\u00eate de nos 6 \u00e9l\u00e8ves un long moment.<\/p>\n<p>&nbsp;<\/p>\n<p>\u00ab\u00a0si tu abandonnes une fois \u00e7a peut devenir une habitude; n&rsquo;abandonne jamais\u00a0\u00bb<\/p>\n<p><img loading=\"lazy\" decoding=\"async\" class=\"alignnone size-medium wp-image-4015 aligncenter\" src=\"https:\/\/etab.ac-reunion.fr\/clg-alexandre-monnet\/wp-content\/uploads\/sites\/99\/2018\/02\/IMG_6390-300x164.jpg\" alt=\"\" width=\"300\" height=\"164\" srcset=\"https:\/\/etab.ac-reunion.fr\/clg-alexandre-monnet\/wp-content\/uploads\/sites\/99\/2018\/02\/IMG_6390-300x164.jpg 300w, https:\/\/etab.ac-reunion.fr\/clg-alexandre-monnet\/wp-content\/uploads\/sites\/99\/2018\/02\/IMG_6390-1024x561.jpg 1024w\" sizes=\"auto, (max-width: 300px) 100vw, 300px\" \/><\/p>\n","protected":false},"excerpt":{"rendered":"<p>&nbsp; La semaine derni\u00e8re 6 \u00e9l\u00e8ves de 6i\u00e8me et 5i\u00e8me du coll\u00e8ge Alexandre Monnet se d\u00e9pla\u00e7aient en M\u00e9tropole \u00e0 Blagnac \u00e0 cot\u00e9 de Toulouse pour d\u00e9fendre les couleurs de notre coll\u00e8ge et de La R\u00e9union au Cross National UNSS. Nos champions acad\u00e9miques pr\u00e9paraient l\u2019\u00e9ch\u00e9ance depuis 1 mois, entrainement, cross amical et pr\u00e9paration du mat\u00e9riel adapt\u00e9. [&hellip;]<\/p>\n","protected":false},"author":8482,"featured_media":0,"comment_status":"open","ping_status":"open","sticky":false,"template":"","format":"standard","meta":{"footnotes":""},"categories":[1],"tags":[],"class_list":["post-4016","post","type-post","status-publish","format-standard","hentry","category-non-classe"],"_links":{"self":[{"href":"https:\/\/etab.ac-reunion.fr\/clg-alexandre-monnet\/wp-json\/wp\/v2\/posts\/4016","targetHints":{"allow":["GET"]}}],"collection":[{"href":"https:\/\/etab.ac-reunion.fr\/clg-alexandre-monnet\/wp-json\/wp\/v2\/posts"}],"about":[{"href":"https:\/\/etab.ac-reunion.fr\/clg-alexandre-monnet\/wp-json\/wp\/v2\/types\/post"}],"author":[{"embeddable":true,"href":"https:\/\/etab.ac-reunion.fr\/clg-alexandre-monnet\/wp-json\/wp\/v2\/users\/8482"}],"replies":[{"embeddable":true,"href":"https:\/\/etab.ac-reunion.fr\/clg-alexandre-monnet\/wp-json\/wp\/v2\/comments?post=4016"}],"version-history":[{"count":3,"href":"https:\/\/etab.ac-reunion.fr\/clg-alexandre-monnet\/wp-json\/wp\/v2\/posts\/4016\/revisions"}],"predecessor-version":[{"id":4019,"href":"https:\/\/etab.ac-reunion.fr\/clg-alexandre-monnet\/wp-json\/wp\/v2\/posts\/4016\/revisions\/4019"}],"wp:attachment":[{"href":"https:\/\/etab.ac-reunion.fr\/clg-alexandre-monnet\/wp-json\/wp\/v2\/media?parent=4016"}],"wp:term":[{"taxonomy":"category","embeddable":true,"href":"https:\/\/etab.ac-reunion.fr\/clg-alexandre-monnet\/wp-json\/wp\/v2\/categories?post=4016"},{"taxonomy":"post_tag","embeddable":true,"href":"https:\/\/etab.ac-reunion.fr\/clg-alexandre-monnet\/wp-json\/wp\/v2\/tags?post=4016"}],"curies":[{"name":"wp","href":"https:\/\/api.w.org\/{rel}","templated":true}]}}