{"id":5632,"date":"2025-10-03T09:02:41","date_gmt":"2025-10-03T05:02:41","guid":{"rendered":"https:\/\/etab.ac-reunion.fr\/clg-alsace-corre\/?p=5632"},"modified":"2025-10-03T09:05:13","modified_gmt":"2025-10-03T05:05:13","slug":"rapport-du-world-clean-day-2025","status":"publish","type":"post","link":"https:\/\/etab.ac-reunion.fr\/clg-alsace-corre\/2025\/10\/03\/rapport-du-world-clean-day-2025\/","title":{"rendered":"Rapport du Cilaos Clean Day 2025"},"content":{"rendered":"\n<figure class=\"wp-block-image size-large is-resized\"><img loading=\"lazy\" decoding=\"async\" width=\"1024\" height=\"734\" src=\"https:\/\/etab.ac-reunion.fr\/clg-alsace-corre\/wp-content\/uploads\/sites\/128\/2025\/10\/Sortie-EDD-du-24-06-2025-1024x734.jpg\" alt=\"\" class=\"wp-image-5635\" style=\"width:818px;height:auto\" srcset=\"https:\/\/etab.ac-reunion.fr\/clg-alsace-corre\/wp-content\/uploads\/sites\/128\/2025\/10\/Sortie-EDD-du-24-06-2025-1024x734.jpg 1024w, https:\/\/etab.ac-reunion.fr\/clg-alsace-corre\/wp-content\/uploads\/sites\/128\/2025\/10\/Sortie-EDD-du-24-06-2025-300x215.jpg 300w, https:\/\/etab.ac-reunion.fr\/clg-alsace-corre\/wp-content\/uploads\/sites\/128\/2025\/10\/Sortie-EDD-du-24-06-2025-768x550.jpg 768w, https:\/\/etab.ac-reunion.fr\/clg-alsace-corre\/wp-content\/uploads\/sites\/128\/2025\/10\/Sortie-EDD-du-24-06-2025-1536x1101.jpg 1536w, https:\/\/etab.ac-reunion.fr\/clg-alsace-corre\/wp-content\/uploads\/sites\/128\/2025\/10\/Sortie-EDD-du-24-06-2025-2048x1467.jpg 2048w\" sizes=\"(max-width: 1024px) 100vw, 1024px\" \/><\/figure>\n\n\n<a href=\"https:\/\/etab.ac-reunion.fr\/clg-alsace-corre\/wp-content\/uploads\/sites\/128\/2025\/10\/Tableau-resultats-WCD.pdf\" class=\"pdfemb-viewer\" style=\"\" data-width=\"max\" data-height=\"max\" data-toolbar=\"bottom\" data-toolbar-fixed=\"off\">Tableau-resultats-WCD<\/a>","protected":false},"excerpt":{"rendered":"<p>Cette ann\u00e9e une trentaine d\u2019\u00e9l\u00e8ves \u00e9co-d\u00e9l\u00e9gu\u00e9s et \u00e9co-volontaires ont particip\u00e9 au Cilaos Cleanup Day, ainsi que la classe de 5\u00e82.<\/p>\n","protected":false},"author":31029,"featured_media":5269,"comment_status":"closed","ping_status":"closed","sticky":true,"template":"","format":"standard","meta":{"_et_pb_use_builder":"","_et_pb_old_content":"","_et_gb_content_width":"","footnotes":""},"categories":[49],"tags":[],"class_list":["post-5632","post","type-post","status-publish","format-standard","has-post-thumbnail","hentry","category-ecodelegues"],"_links":{"self":[{"href":"https:\/\/etab.ac-reunion.fr\/clg-alsace-corre\/wp-json\/wp\/v2\/posts\/5632","targetHints":{"allow":["GET"]}}],"collection":[{"href":"https:\/\/etab.ac-reunion.fr\/clg-alsace-corre\/wp-json\/wp\/v2\/posts"}],"about":[{"href":"https:\/\/etab.ac-reunion.fr\/clg-alsace-corre\/wp-json\/wp\/v2\/types\/post"}],"author":[{"embeddable":true,"href":"https:\/\/etab.ac-reunion.fr\/clg-alsace-corre\/wp-json\/wp\/v2\/users\/31029"}],"replies":[{"embeddable":true,"href":"https:\/\/etab.ac-reunion.fr\/clg-alsace-corre\/wp-json\/wp\/v2\/comments?post=5632"}],"version-history":[{"count":3,"href":"https:\/\/etab.ac-reunion.fr\/clg-alsace-corre\/wp-json\/wp\/v2\/posts\/5632\/revisions"}],"predecessor-version":[{"id":5638,"href":"https:\/\/etab.ac-reunion.fr\/clg-alsace-corre\/wp-json\/wp\/v2\/posts\/5632\/revisions\/5638"}],"wp:featuredmedia":[{"embeddable":true,"href":"https:\/\/etab.ac-reunion.fr\/clg-alsace-corre\/wp-json\/wp\/v2\/media\/5269"}],"wp:attachment":[{"href":"https:\/\/etab.ac-reunion.fr\/clg-alsace-corre\/wp-json\/wp\/v2\/media?parent=5632"}],"wp:term":[{"taxonomy":"category","embeddable":true,"href":"https:\/\/etab.ac-reunion.fr\/clg-alsace-corre\/wp-json\/wp\/v2\/categories?post=5632"},{"taxonomy":"post_tag","embeddable":true,"href":"https:\/\/etab.ac-reunion.fr\/clg-alsace-corre\/wp-json\/wp\/v2\/tags?post=5632"}],"curies":[{"name":"wp","href":"https:\/\/api.w.org\/{rel}","templated":true}]}}