{"id":5639,"date":"2025-10-03T11:27:50","date_gmt":"2025-10-03T07:27:50","guid":{"rendered":"https:\/\/etab.ac-reunion.fr\/clg-alsace-corre\/?p=5639"},"modified":"2025-12-02T09:56:09","modified_gmt":"2025-12-02T05:56:09","slug":"recettes-de-cuisine-effectues-le-26-09-2025","status":"publish","type":"post","link":"https:\/\/etab.ac-reunion.fr\/clg-alsace-corre\/2025\/10\/03\/recettes-de-cuisine-effectues-le-26-09-2025\/","title":{"rendered":"CLASSE ULIS &#8211; ATELIER CUISINE DU 26\/09\/2025"},"content":{"rendered":"\n<p>Les \u00e9l\u00e8ves de la classe ULIS ont effectu\u00e9s les deux recettes suivante pendant l&rsquo;atelier cuisine du 26\/09\/2025<\/p>\n\n\n\n<div class=\"wp-block-columns is-layout-flex wp-container-core-columns-is-layout-9d6595d7 wp-block-columns-is-layout-flex\">\n<div class=\"wp-block-column is-layout-flow wp-block-column-is-layout-flow\"><a href=\"https:\/\/etab.ac-reunion.fr\/clg-alsace-corre\/wp-content\/uploads\/sites\/128\/2025\/10\/cake-thon-olives.pdf\" class=\"pdfemb-viewer\" style=\"\" data-width=\"max\" data-height=\"max\" data-toolbar=\"bottom\" data-toolbar-fixed=\"off\">cake-thon-olives<\/a>\n\n\n<p>Source : <a href=\"https:\/\/marineiscooking.com\/cake-thon-olives\">https:\/\/marineiscooking.com\/cake-thon-olives<\/a><\/p>\n<\/div>\n\n\n\n<div class=\"wp-block-column is-layout-flow wp-block-column-is-layout-flow\"><a href=\"https:\/\/etab.ac-reunion.fr\/clg-alsace-corre\/wp-content\/uploads\/sites\/128\/2025\/10\/cake-carottes-coco.pdf\" class=\"pdfemb-viewer\" style=\"\" data-width=\"max\" data-height=\"max\" data-toolbar=\"bottom\" data-toolbar-fixed=\"off\">cake-carottes-coco<\/a>\n\n\n<p>Source : <a href=\"https:\/\/www.chefnini.com\/gateau-de-carotte-a-la-noix-de-coco\">https:\/\/www.chefnini.com\/gateau-de-carotte-a-la-noix-de-coco<\/a><\/p>\n<\/div>\n<\/div>\n\n\n\n<p><\/p>\n","protected":false},"excerpt":{"rendered":"<p>Les \u00e9l\u00e8ves de la classe ULIS ont effectu\u00e9s les deux recettes suivante pendant l&rsquo;atelier cuisine du 26\/09\/2025 Source : https:\/\/marineiscooking.com\/cake-thon-olives Source : https:\/\/www.chefnini.com\/gateau-de-carotte-a-la-noix-de-coco<\/p>\n","protected":false},"author":31029,"featured_media":5794,"comment_status":"closed","ping_status":"closed","sticky":true,"template":"","format":"standard","meta":{"_et_pb_use_builder":"","_et_pb_old_content":"","_et_gb_content_width":"","footnotes":""},"categories":[70,69],"tags":[],"class_list":["post-5639","post","type-post","status-publish","format-standard","has-post-thumbnail","hentry","category-atelier-cuisine","category-ulis"],"_links":{"self":[{"href":"https:\/\/etab.ac-reunion.fr\/clg-alsace-corre\/wp-json\/wp\/v2\/posts\/5639","targetHints":{"allow":["GET"]}}],"collection":[{"href":"https:\/\/etab.ac-reunion.fr\/clg-alsace-corre\/wp-json\/wp\/v2\/posts"}],"about":[{"href":"https:\/\/etab.ac-reunion.fr\/clg-alsace-corre\/wp-json\/wp\/v2\/types\/post"}],"author":[{"embeddable":true,"href":"https:\/\/etab.ac-reunion.fr\/clg-alsace-corre\/wp-json\/wp\/v2\/users\/31029"}],"replies":[{"embeddable":true,"href":"https:\/\/etab.ac-reunion.fr\/clg-alsace-corre\/wp-json\/wp\/v2\/comments?post=5639"}],"version-history":[{"count":2,"href":"https:\/\/etab.ac-reunion.fr\/clg-alsace-corre\/wp-json\/wp\/v2\/posts\/5639\/revisions"}],"predecessor-version":[{"id":5796,"href":"https:\/\/etab.ac-reunion.fr\/clg-alsace-corre\/wp-json\/wp\/v2\/posts\/5639\/revisions\/5796"}],"wp:featuredmedia":[{"embeddable":true,"href":"https:\/\/etab.ac-reunion.fr\/clg-alsace-corre\/wp-json\/wp\/v2\/media\/5794"}],"wp:attachment":[{"href":"https:\/\/etab.ac-reunion.fr\/clg-alsace-corre\/wp-json\/wp\/v2\/media?parent=5639"}],"wp:term":[{"taxonomy":"category","embeddable":true,"href":"https:\/\/etab.ac-reunion.fr\/clg-alsace-corre\/wp-json\/wp\/v2\/categories?post=5639"},{"taxonomy":"post_tag","embeddable":true,"href":"https:\/\/etab.ac-reunion.fr\/clg-alsace-corre\/wp-json\/wp\/v2\/tags?post=5639"}],"curies":[{"name":"wp","href":"https:\/\/api.w.org\/{rel}","templated":true}]}}