{"id":5909,"date":"2025-11-26T08:48:00","date_gmt":"2025-11-26T04:48:00","guid":{"rendered":"https:\/\/etab.ac-reunion.fr\/clg-alsace-corre\/?p=5909"},"modified":"2026-02-09T14:00:46","modified_gmt":"2026-02-09T10:00:46","slug":"sortie-pal-plastique-a-la-loupe","status":"publish","type":"post","link":"https:\/\/etab.ac-reunion.fr\/clg-alsace-corre\/2025\/11\/26\/sortie-pal-plastique-a-la-loupe\/","title":{"rendered":"Sortie PAL Plastique \u00c0 la Loupe &#8211;"},"content":{"rendered":"\n<div data-wp-interactive=\"core\/file\" class=\"wp-block-file\"><object data-wp-bind--hidden=\"!state.hasPdfPreview\" hidden class=\"wp-block-file__embed\" data=\"https:\/\/etab.ac-reunion.fr\/clg-alsace-corre\/wp-content\/uploads\/sites\/128\/2026\/02\/Article-communication-PAL-25.11.25.pdf\" type=\"application\/pdf\" style=\"width:100%;height:1200px\" aria-label=\"Contenu embarqu\u00e9 Article communication PAL 25.11.25.\"><\/object><a id=\"wp-block-file--media-6a02b60d-7e99-4baf-823d-9e45084f7da4\" href=\"https:\/\/etab.ac-reunion.fr\/clg-alsace-corre\/wp-content\/uploads\/sites\/128\/2026\/02\/Article-communication-PAL-25.11.25.pdf\" target=\"_blank\" rel=\"noreferrer noopener\">Article communication PAL 25.11.25<\/a><\/div>\n","protected":false},"excerpt":{"rendered":"<p>Ramasser les d\u00e9chets, sensibiliser les gens, prot\u00e9ger la faune et la flore, telle \u00e9tait la mission des \u00e9co-volontaires pour cette sortie \u00e0 la plage de l&rsquo;\u00c9tang-Sal\u00e9.<\/p>\n","protected":false},"author":34058,"featured_media":5269,"comment_status":"closed","ping_status":"closed","sticky":false,"template":"","format":"standard","meta":{"_et_pb_use_builder":"off","_et_pb_old_content":"<!-- wp:pdfemb\/pdf-embedder-viewer {\"pdfID\":6272,\"url\":\"https:\/\/etab.ac-reunion.fr\/clg-alsace-corre\/wp-content\/uploads\/sites\/128\/2026\/02\/Article-communication-PAL-25.11.25.pdf\",\"toolbar\":\"top\"} \/-->\n\n<!-- wp:paragraph -->\n<p><\/p>\n<!-- \/wp:paragraph -->","_et_gb_content_width":"","footnotes":""},"categories":[20,49],"tags":[],"class_list":["post-5909","post","type-post","status-publish","format-standard","has-post-thumbnail","hentry","category-developpement-durable","category-ecodelegues"],"_links":{"self":[{"href":"https:\/\/etab.ac-reunion.fr\/clg-alsace-corre\/wp-json\/wp\/v2\/posts\/5909","targetHints":{"allow":["GET"]}}],"collection":[{"href":"https:\/\/etab.ac-reunion.fr\/clg-alsace-corre\/wp-json\/wp\/v2\/posts"}],"about":[{"href":"https:\/\/etab.ac-reunion.fr\/clg-alsace-corre\/wp-json\/wp\/v2\/types\/post"}],"author":[{"embeddable":true,"href":"https:\/\/etab.ac-reunion.fr\/clg-alsace-corre\/wp-json\/wp\/v2\/users\/34058"}],"replies":[{"embeddable":true,"href":"https:\/\/etab.ac-reunion.fr\/clg-alsace-corre\/wp-json\/wp\/v2\/comments?post=5909"}],"version-history":[{"count":5,"href":"https:\/\/etab.ac-reunion.fr\/clg-alsace-corre\/wp-json\/wp\/v2\/posts\/5909\/revisions"}],"predecessor-version":[{"id":6287,"href":"https:\/\/etab.ac-reunion.fr\/clg-alsace-corre\/wp-json\/wp\/v2\/posts\/5909\/revisions\/6287"}],"wp:featuredmedia":[{"embeddable":true,"href":"https:\/\/etab.ac-reunion.fr\/clg-alsace-corre\/wp-json\/wp\/v2\/media\/5269"}],"wp:attachment":[{"href":"https:\/\/etab.ac-reunion.fr\/clg-alsace-corre\/wp-json\/wp\/v2\/media?parent=5909"}],"wp:term":[{"taxonomy":"category","embeddable":true,"href":"https:\/\/etab.ac-reunion.fr\/clg-alsace-corre\/wp-json\/wp\/v2\/categories?post=5909"},{"taxonomy":"post_tag","embeddable":true,"href":"https:\/\/etab.ac-reunion.fr\/clg-alsace-corre\/wp-json\/wp\/v2\/tags?post=5909"}],"curies":[{"name":"wp","href":"https:\/\/api.w.org\/{rel}","templated":true}]}}