{"id":6400,"date":"2026-03-31T08:10:55","date_gmt":"2026-03-31T04:10:55","guid":{"rendered":"https:\/\/etab.ac-reunion.fr\/clg-alsace-corre\/?p=6400"},"modified":"2026-03-31T08:12:33","modified_gmt":"2026-03-31T04:12:33","slug":"dnb-2026-ce-qui-change-dans-la-notation","status":"publish","type":"post","link":"https:\/\/etab.ac-reunion.fr\/clg-alsace-corre\/2026\/03\/31\/dnb-2026-ce-qui-change-dans-la-notation\/","title":{"rendered":"DNB 2026 : Ce qui change dans la notation"},"content":{"rendered":"\n<p class=\"has-black-color has-pale-ocean-gradient-background has-text-color has-background has-link-color has-medium-font-size wp-elements-a9bed1434a9087a8b93409ca2292c402\" style=\"text-decoration:underline\"><strong>Pour obtenir le brevet en 2026, plusieurs r\u00e8gles \u00e9voluent<\/strong>.<\/p>\n\n\n\n<p><\/p>\n\n\n\n<p><strong>Une copie qui n\u2019est pas \u00e9crite de mani\u00e8re intelligible, c&rsquo;est \u00e0 dire avec trop de fautes d\u2019orthographe, de grammaire ou de syntaxe, peut emp\u00eacher d\u2019obtenir la moyenne.<\/strong><\/p>\n\n\n\n<p><strong>D\u2019autres changements importants sont \u00e0 conna\u00eetre :<\/strong><\/p>\n\n\n\n<ul class=\"wp-block-list\">\n<li><strong>le syst\u00e8me de points sur 800 dispara\u00eet : il faut maintenant une moyenne finale d\u2019au moins 10 sur 20 pour obtenir le brevet.<\/strong><\/li>\n\n\n\n<li><strong>les notes reposent d\u00e9sormais \u00e0 40 % sur le contr\u00f4le continu et60 % sur les \u00e9preuves finales ;<\/strong><\/li>\n\n\n\n<li><strong>les notes d\u2019histoire-g\u00e9ographie et d\u2019enseignement moral et civique sont d\u00e9sormais distinctes ;<\/strong><\/li>\n<\/ul>\n\n\n\n<p><\/p>\n\n\n\n<figure class=\"wp-block-embed aligncenter is-type-video is-provider-youtube wp-block-embed-youtube wp-embed-aspect-16-9 wp-has-aspect-ratio\"><div class=\"wp-block-embed__wrapper\">\n<iframe loading=\"lazy\" title=\"\ud83c\udf93 Brevet 2026 : de nouvelles r\u00e8gles pour la r\u00e9ussite des \u00e9l\u00e8ves\" width=\"1080\" height=\"608\" src=\"https:\/\/www.youtube.com\/embed\/5fTaiVlMlQU?feature=oembed\"  allow=\"accelerometer; autoplay; clipboard-write; encrypted-media; gyroscope; picture-in-picture; web-share\" referrerpolicy=\"strict-origin-when-cross-origin\" allowfullscreen><\/iframe>\n<\/div><\/figure>\n\n\n\n<p><\/p>\n\n\n\n<p><a href=\"https:\/\/www.education.gouv.fr\/diplome-national-du-brevet-2026-le-point-sur-les-nouveautes-470615\">https:\/\/www.education.gouv.fr\/diplome-national-du-brevet-2026-le-point-sur-les-nouveautes-470615<\/a><\/p>\n\n\n\n<p><\/p>\n\n\n\n<h2 class=\"wp-block-heading\" id=\"chapitre-ancre6\" style=\"text-decoration:underline\">Textes officiels<\/h2>\n\n\n\n<ul class=\"wp-block-list\">\n<li><a href=\"https:\/\/www.education.gouv.fr\/bo\/2026\/Hebdo13\/MENE2607843N\" target=\"_blank\" rel=\"noreferrer noopener\">Pr\u00e9paration des \u00e9l\u00e8ves aux exigences du DNB \u00e0 compter de la session 2026 &#8211; Note de service du 26 mars 2026<\/a><\/li>\n\n\n\n<li><a href=\"https:\/\/www.education.gouv.fr\/bo\/2025\/Hebdo33\/MENE2515977N\" target=\"_blank\" rel=\"noreferrer noopener\">Modalit\u00e9s d\u2019attribution du dipl\u00f4me national du brevet \u00e0 compter de la session 2026 &#8211; Note de service du 2 septembre 2025<\/a><\/li>\n\n\n\n<li><a href=\"https:\/\/www.legifrance.gouv.fr\/jorf\/id\/JORFTEXT000051451798\" target=\"_blank\" rel=\"noreferrer noopener\">Dipl\u00f4me national du brevet &#8211; Modalit\u00e9s de d\u00e9livrance du dipl\u00f4me national du brevet &#8211; D\u00e9cret n\u00b02025-328 du 10 avril 2025<\/a><\/li>\n<\/ul>\n","protected":false},"excerpt":{"rendered":"<p>Pour obtenir le brevet en 2026, plusieurs r\u00e8gles \u00e9voluent. Une copie qui n\u2019est pas \u00e9crite de mani\u00e8re intelligible, c&rsquo;est \u00e0 dire avec trop de fautes d\u2019orthographe, de grammaire ou de [&hellip;]<\/p>\n","protected":false},"author":31029,"featured_media":5278,"comment_status":"closed","ping_status":"closed","sticky":false,"template":"","format":"standard","meta":{"_et_pb_use_builder":"off","_et_pb_old_content":"","_et_gb_content_width":"","footnotes":""},"categories":[126],"tags":[],"class_list":["post-6400","post","type-post","status-publish","format-standard","has-post-thumbnail","hentry","category-dnb"],"_links":{"self":[{"href":"https:\/\/etab.ac-reunion.fr\/clg-alsace-corre\/wp-json\/wp\/v2\/posts\/6400","targetHints":{"allow":["GET"]}}],"collection":[{"href":"https:\/\/etab.ac-reunion.fr\/clg-alsace-corre\/wp-json\/wp\/v2\/posts"}],"about":[{"href":"https:\/\/etab.ac-reunion.fr\/clg-alsace-corre\/wp-json\/wp\/v2\/types\/post"}],"author":[{"embeddable":true,"href":"https:\/\/etab.ac-reunion.fr\/clg-alsace-corre\/wp-json\/wp\/v2\/users\/31029"}],"replies":[{"embeddable":true,"href":"https:\/\/etab.ac-reunion.fr\/clg-alsace-corre\/wp-json\/wp\/v2\/comments?post=6400"}],"version-history":[{"count":4,"href":"https:\/\/etab.ac-reunion.fr\/clg-alsace-corre\/wp-json\/wp\/v2\/posts\/6400\/revisions"}],"predecessor-version":[{"id":6405,"href":"https:\/\/etab.ac-reunion.fr\/clg-alsace-corre\/wp-json\/wp\/v2\/posts\/6400\/revisions\/6405"}],"wp:featuredmedia":[{"embeddable":true,"href":"https:\/\/etab.ac-reunion.fr\/clg-alsace-corre\/wp-json\/wp\/v2\/media\/5278"}],"wp:attachment":[{"href":"https:\/\/etab.ac-reunion.fr\/clg-alsace-corre\/wp-json\/wp\/v2\/media?parent=6400"}],"wp:term":[{"taxonomy":"category","embeddable":true,"href":"https:\/\/etab.ac-reunion.fr\/clg-alsace-corre\/wp-json\/wp\/v2\/categories?post=6400"},{"taxonomy":"post_tag","embeddable":true,"href":"https:\/\/etab.ac-reunion.fr\/clg-alsace-corre\/wp-json\/wp\/v2\/tags?post=6400"}],"curies":[{"name":"wp","href":"https:\/\/api.w.org\/{rel}","templated":true}]}}