{"id":96,"count":3,"description":"","link":"https:\/\/etab.ac-reunion.fr\/clg-alsace-corre\/events\/categorie\/eco-delegues\/","name":"Eco-d\u00e9l\u00e9gu\u00e9s","slug":"eco-delegues","taxonomy":"tribe_events_cat","parent":0,"meta":[],"_links":{"self":[{"href":"https:\/\/etab.ac-reunion.fr\/clg-alsace-corre\/wp-json\/wp\/v2\/tribe_events_cat\/96","targetHints":{"allow":["GET"]}}],"collection":[{"href":"https:\/\/etab.ac-reunion.fr\/clg-alsace-corre\/wp-json\/wp\/v2\/tribe_events_cat"}],"about":[{"href":"https:\/\/etab.ac-reunion.fr\/clg-alsace-corre\/wp-json\/wp\/v2\/taxonomies\/tribe_events_cat"}],"wp:post_type":[{"href":"https:\/\/etab.ac-reunion.fr\/clg-alsace-corre\/wp-json\/wp\/v2\/tribe_events?tribe_events_cat=96"},{"href":"https:\/\/etab.ac-reunion.fr\/clg-alsace-corre\/wp-json\/wp\/v2\/tec_calendar_embed?tribe_events_cat=96"}],"curies":[{"name":"wp","href":"https:\/\/api.w.org\/{rel}","templated":true}]}}