{"id":7610,"date":"2020-08-10T16:46:17","date_gmt":"2020-08-10T12:46:17","guid":{"rendered":"http:\/\/college-amiral-bouvet.ac-reunion.fr\/?p=7610"},"modified":"2020-08-13T09:44:52","modified_gmt":"2020-08-13T05:44:52","slug":"rentree-aout-2020","status":"publish","type":"post","link":"https:\/\/etab.ac-reunion.fr\/clg-amiral-bouvet\/2020\/08\/10\/rentree-aout-2020\/","title":{"rendered":"RENTREE AOUT 2020"},"content":{"rendered":"[et_pb_section fb_built=\u00a0\u00bb1&Prime; _builder_version=\u00a0\u00bb4.4.9&Prime; _module_preset=\u00a0\u00bbdefault\u00a0\u00bb][et_pb_row _builder_version=\u00a0\u00bb4.4.9&Prime; _module_preset=\u00a0\u00bbdefault\u00a0\u00bb][et_pb_column type=\u00a0\u00bb4_4&Prime; _builder_version=\u00a0\u00bb4.4.9&Prime; _module_preset=\u00a0\u00bbdefault\u00a0\u00bb][et_pb_text _builder_version=\u00a0\u00bb4.5.6&Prime; _module_preset=\u00a0\u00bbdefault\u00a0\u00bb hover_enabled=\u00a0\u00bb0&Prime; custom_margin=\u00a0\u00bb|-24px||||\u00a0\u00bb]\n<h3><strong>COLLEGE AMIRAL BOUVET: <span style=\"color: #e02b20\">RENTREE AOUT 2020<\/span><\/strong><\/h3>\n<p><strong>\u00a0<\/strong><\/p>\n<h6><span style=\"color: #000000\"><span style=\"font-size: x-large\">Permanences administratives\u00a0: du 10 au 13 Ao\u00fbt 2020 de 8h \u00e0 11h30<\/span><\/span><\/h6>\n<p>&nbsp;<\/p>\n<p><span style=\"color: #000000\"><span style=\"font-size: x-large\">Pr\u00e9-rentr\u00e9e des personnels\u00a0: le 14 ao\u00fbt 2020\u00a0: 8h -15h<\/span><\/span><\/p>\n<p><span style=\"color: #000000\"><span style=\"font-size: x-large\"><\/span><\/span><\/p>\n<p><span style=\"color: #000000\"><span style=\"font-size: x-large\">Rentr\u00e9e des 6\u00e8mes\u00a0: le 17 ao\u00fbt 2020\u00a0: 7h55 \u2013 15h30 <\/span><\/span><\/p>\n<p><span style=\"color: #000000\"><span style=\"font-size: x-large\"><span style=\"color: #800000\"><i><b>(les \u00e9l\u00e8ves d\u00e9je\u00fbnent au Coll\u00e8ge, un repas leurs sera offert)<\/b><\/i><\/span><\/span><\/span><\/p>\n<p><span style=\"color: #000000\"><span style=\"font-size: x-large\"><span style=\"color: #800000\"><i><b><\/b><\/i><\/span><\/span><\/span><\/p>\n<p><span style=\"color: #000000\"><span style=\"font-size: x-large\">Rentr\u00e9e des 5\u00e8mes \u2013 4\u00e8mes et 3\u00e8mes\u00a0: le 18 ao\u00fbt 2020\u00a0: 7h55 \u2013 12h \/ 13h30-15h30<\/span><\/span><\/p>\n<p><span style=\"color: #000000\"><span style=\"font-size: x-large\"><\/span><\/span><\/p>\n<p><span style=\"color: #000000\"><span style=\"font-size: x-large\">Cours selon les emplois du temps\u00a0: Mercredi 19 ao\u00fbt 2020 pour tous les \u00e9l\u00e8ves.<\/span><\/span><\/p>\n<p><span style=\"color: #000000\"><\/span><\/p>\n<p><span style=\"color: #800000\"><span style=\"font-size: x-large\"><b>Le service de restauration scolaire fonctionnera \u00e0 compter du mercredi 19 ao\u00fbt 2020<\/b><\/span><\/span><\/p>\n<p><span style=\"color: #800000\"><span style=\"font-size: x-large\"><b><\/b><\/span><\/span><\/p>\n<p><span style=\"color: #800000\"><span style=\"font-size: xx-large\"><b>Port du masque obligatoire pour l&rsquo;ensemble du personnel et les \u00e9l\u00e8ves.<\/b><\/span><\/span><\/p>\n<p><span style=\"color: #800000\"><span style=\"font-size: xx-large\"><b><\/b><\/span><\/span><\/p>\n<p><span style=\"color: #800000\"><span style=\"font-size: xx-large\"><u><b>Les \u00e9l\u00e8ves doivent arriver au coll\u00e8ge avec leurs masques<\/b><\/u><\/span><\/span><\/p>\n<p><span style=\"color: #000000\"><\/span><\/p>\n<p>&nbsp;<\/p>\n<p style=\"text-align: left\">\u00a0\u00a0\u00a0\u00a0\u00a0\u00a0\u00a0\u00a0\u00a0\u00a0\u00a0\u00a0\u00a0\u00a0\u00a0\u00a0\u00a0\u00a0\u00a0\u00a0\u00a0\u00a0\u00a0\u00a0\u00a0\u00a0\u00a0\u00a0\u00a0\u00a0\u00a0\u00a0\u00a0\u00a0\u00a0\u00a0\u00a0\u00a0\u00a0\u00a0\u00a0\u00a0\u00a0\u00a0\u00a0\u00a0\u00a0\u00a0\u00a0\u00a0\u00a0\u00a0\u00a0\u00a0\u00a0\u00a0\u00a0\u00a0 La Principale,<\/p>\n<p>\u00a0\u00a0\u00a0\u00a0\u00a0\u00a0\u00a0\u00a0\u00a0\u00a0\u00a0\u00a0\u00a0\u00a0\u00a0\u00a0\u00a0\u00a0\u00a0\u00a0\u00a0\u00a0\u00a0\u00a0\u00a0\u00a0\u00a0\u00a0\u00a0\u00a0\u00a0\u00a0\u00a0\u00a0\u00a0\u00a0\u00a0\u00a0\u00a0\u00a0\u00a0\u00a0\u00a0\u00a0\u00a0\u00a0\u00a0\u00a0\u00a0\u00a0\u00a0\u00a0\u00a0\u00a0\u00a0\u00a0\u00a0\u00a0 Nadine MINATCHY-NATIER<\/p>\n[\/et_pb_text][\/et_pb_column][\/et_pb_row][\/et_pb_section]\n","protected":false},"excerpt":{"rendered":"<p>COLLEGE AMIRAL BOUVET: RENTREE AOUT 2020 \u00a0 Permanences administratives\u00a0: du 10 au 13 Ao\u00fbt 2020 de 8h \u00e0 11h30 &nbsp; Pr\u00e9-rentr\u00e9e des personnels\u00a0: le 14 ao\u00fbt 2020\u00a0: 8h -15h Rentr\u00e9e des 6\u00e8mes\u00a0: le 17 ao\u00fbt 2020\u00a0: 7h55 \u2013 15h30 (les \u00e9l\u00e8ves d\u00e9je\u00fbnent au Coll\u00e8ge, un repas leurs sera offert) Rentr\u00e9e des 5\u00e8mes \u2013 4\u00e8mes et [&hellip;]<\/p>\n","protected":false},"author":23746,"featured_media":0,"comment_status":"closed","ping_status":"closed","sticky":false,"template":"","format":"standard","meta":{"_et_pb_use_builder":"on","_et_pb_old_content":"","_et_gb_content_width":"","footnotes":""},"categories":[1,84],"tags":[],"class_list":["post-7610","post","type-post","status-publish","format-standard","hentry","category-non-classe","category-ressources"],"_links":{"self":[{"href":"https:\/\/etab.ac-reunion.fr\/clg-amiral-bouvet\/wp-json\/wp\/v2\/posts\/7610","targetHints":{"allow":["GET"]}}],"collection":[{"href":"https:\/\/etab.ac-reunion.fr\/clg-amiral-bouvet\/wp-json\/wp\/v2\/posts"}],"about":[{"href":"https:\/\/etab.ac-reunion.fr\/clg-amiral-bouvet\/wp-json\/wp\/v2\/types\/post"}],"author":[{"embeddable":true,"href":"https:\/\/etab.ac-reunion.fr\/clg-amiral-bouvet\/wp-json\/wp\/v2\/users\/23746"}],"replies":[{"embeddable":true,"href":"https:\/\/etab.ac-reunion.fr\/clg-amiral-bouvet\/wp-json\/wp\/v2\/comments?post=7610"}],"version-history":[{"count":4,"href":"https:\/\/etab.ac-reunion.fr\/clg-amiral-bouvet\/wp-json\/wp\/v2\/posts\/7610\/revisions"}],"predecessor-version":[{"id":7629,"href":"https:\/\/etab.ac-reunion.fr\/clg-amiral-bouvet\/wp-json\/wp\/v2\/posts\/7610\/revisions\/7629"}],"wp:attachment":[{"href":"https:\/\/etab.ac-reunion.fr\/clg-amiral-bouvet\/wp-json\/wp\/v2\/media?parent=7610"}],"wp:term":[{"taxonomy":"category","embeddable":true,"href":"https:\/\/etab.ac-reunion.fr\/clg-amiral-bouvet\/wp-json\/wp\/v2\/categories?post=7610"},{"taxonomy":"post_tag","embeddable":true,"href":"https:\/\/etab.ac-reunion.fr\/clg-amiral-bouvet\/wp-json\/wp\/v2\/tags?post=7610"}],"curies":[{"name":"wp","href":"https:\/\/api.w.org\/{rel}","templated":true}]}}