{"id":8145,"date":"2021-01-25T11:44:52","date_gmt":"2021-01-25T07:44:52","guid":{"rendered":"http:\/\/college-amiral-bouvet.ac-reunion.fr\/?p=8145"},"modified":"2021-01-26T13:50:56","modified_gmt":"2021-01-26T09:50:56","slug":"protocole-sanitaire-parents-deleves","status":"publish","type":"post","link":"https:\/\/etab.ac-reunion.fr\/clg-amiral-bouvet\/2021\/01\/25\/protocole-sanitaire-parents-deleves\/","title":{"rendered":"Protocole Sanitaire &#8211; Parents d&rsquo;\u00e9l\u00e8ves"},"content":{"rendered":"[et_pb_section fb_built=\u00a0\u00bb1&Prime; _builder_version=\u00a0\u00bb4.8.1&Prime; _module_preset=\u00a0\u00bbdefault\u00a0\u00bb][et_pb_row _builder_version=\u00a0\u00bb4.8.1&Prime; _module_preset=\u00a0\u00bbdefault\u00a0\u00bb][et_pb_column type=\u00a0\u00bb4_4&Prime; _builder_version=\u00a0\u00bb4.8.1&Prime; _module_preset=\u00a0\u00bbdefault\u00a0\u00bb][et_pb_text _builder_version=\u00a0\u00bb4.8.1&Prime; _module_preset=\u00a0\u00bbdefault\u00a0\u00bb]\n<p style=\"text-align: center\"><span style=\"color: #000000\">Aux <\/span><\/p>\n<p style=\"text-align: center\"><span style=\"color: #000000\">Parents d\u2019\u00e9l\u00e8ves<\/span><\/p>\n<p><span style=\"color: #000000\">\u00a0<\/span><\/p>\n<p class=\"western\" style=\"margin-bottom: 0cm;line-height: 100%\" align=\"justify\"><span style=\"font-family: Arial, sans-serif;color: #000000;font-size: medium\"><span>Madame, Monsieur,<\/span><\/span><\/p>\n<p class=\"western\" style=\"margin-bottom: 0cm;line-height: 100%\" align=\"justify\">\n<p class=\"western\" style=\"margin-bottom: 0cm;line-height: 100%\" align=\"justify\"><span style=\"font-family: Arial, sans-serif;color: #000000;font-size: medium\"><span>Je souhaite vous rappeler le protocole sanitaire renforc\u00e9 mis en place \u00e0 cette reprise de janvier et son application au coll\u00e8ge A. Pierre Bouvet.<\/span><\/span><\/p>\n<p class=\"western\" style=\"margin-bottom: 0cm;line-height: 100%\" align=\"justify\">\n<p class=\"western\" style=\"margin-bottom: 0cm;line-height: 100%\" align=\"justify\"><span style=\"font-family: Arial, sans-serif;color: #000000;font-size: medium\"><span><b>A\/ Retour de voyage<\/b><\/span><\/span><\/p>\n<p class=\"western\" style=\"margin-bottom: 0cm;line-height: 100%\" align=\"justify\">\n<p class=\"western\" style=\"margin-bottom: 0cm;line-height: 100%\" align=\"justify\"><span style=\"font-family: Arial, sans-serif;color: #000000;font-size: medium\"><span>Tous les \u00e9l\u00e8ves de retour de voyage doivent respecter la m\u00eame r\u00e8gle de septaine \u00e0 domicile que les adultes et ne pas se rendre en classe pendant 7 jours. Les parents sont invit\u00e9s \u00e0 prendre contact avec le coll\u00e8ge afin de mettre en place une continuit\u00e9 p\u00e9dagogique<img loading=\"lazy\" decoding=\"async\" src=\"\/Users\/admin\/AppData\/Local\/Temp\/lu1312vxjepy.tmp\/lu1312vxjeqm_tmp_d1c80666f2bfc9a4.jpg\" width=\"2\" height=\"2\" border=\"0\" align=\"bottom\" \/> <\/span><\/span><\/p>\n<p class=\"western\" style=\"margin-bottom: 0cm;line-height: 100%\" align=\"justify\">\n<h1 class=\"western\" style=\"margin-top: 0cm;margin-bottom: 0cm;line-height: 100%\" align=\"justify\"><span style=\"font-family: Arial, sans-serif;color: #000000;font-size: medium\"><span><b>B\/ Distanciation physique<\/b><\/span><\/span><\/h1>\n<h1 class=\"western\" style=\"margin-top: 0cm;margin-bottom: 0cm;line-height: 100%\" align=\"justify\"><\/h1>\n<h1 class=\"western\" style=\"margin-top: 0cm;margin-bottom: 0cm;font-weight: normal;line-height: 100%;text-decoration: none\" align=\"justify\"><span style=\"font-family: Arial, sans-serif;color: #000000;font-size: medium\"><span>La distanciation physique est maintenue entre les \u00e9l\u00e8ves de groupes diff\u00e9rents (classes, groupes de classes ou de niveaux).<\/span><\/span><\/h1>\n<p class=\"western\" style=\"margin-bottom: 0cm;line-height: 100%\" align=\"justify\">\n<h1 class=\"western\" style=\"margin-top: 0cm;margin-bottom: 0cm;line-height: 100%\" align=\"justify\"><span style=\"font-family: Arial, sans-serif;color: #000000;font-size: medium\"><span><b>C\/ Gestes barri\u00e8re<\/b><\/span><\/span><\/h1>\n<h1 class=\"western\" style=\"margin-top: 0cm;margin-bottom: 0cm;line-height: 100%\" align=\"justify\"><\/h1>\n<ul>\n<li>\n<p class=\"western\" style=\"margin-bottom: 0cm;line-height: 100%\" align=\"justify\"><span style=\"font-family: Arial, sans-serif;color: #000000;font-size: medium\"><span>&#8211; Les gestes barri\u00e8re doivent \u00eatre appliqu\u00e9s en permanence, partout, et par tout le monde. Le lavage des mains est essentiel. Il doit \u00eatre effectu\u00e9 \u00e0 l&rsquo;eau et au savon avant d&rsquo;aller aux toilettes et apr\u00e8s, avant et apr\u00e8s le repas, avant et apr\u00e8s le changement de masque<\/span><\/span><\/p>\n<p class=\"western\" style=\"margin-bottom: 0cm;line-height: 100%\" align=\"justify\">\n<\/li>\n<li>\n<p class=\"western\" style=\"margin-bottom: 0cm;line-height: 100%\" align=\"justify\"><span style=\"font-family: Arial, sans-serif;color: #000000;font-size: medium\"><span>&#8211; Le matin, chaque \u00e9l\u00e8ve doit utiliser le gel hydroalcoolique mis \u00e0 sa disposition avant d&rsquo;entrer au coll\u00e8ge<\/span><\/span><\/p>\n<p class=\"western\" style=\"margin-bottom: 0cm;line-height: 100%\" align=\"justify\">\n<\/li>\n<\/ul>\n<h1 class=\"western\" style=\"margin-top: 0cm;margin-bottom: 0cm;line-height: 100%\" align=\"justify\"><span style=\"font-family: Arial, sans-serif;color: #000000;font-size: medium\"><span><b>D\/ Port du masque<\/b><\/span><\/span><\/h1>\n<h1 class=\"western\" style=\"margin-top: 0cm;margin-bottom: 0cm;line-height: 100%\" align=\"justify\"><\/h1>\n<p class=\"western\" style=\"margin-bottom: 0cm;line-height: 100%\" align=\"justify\"><span style=\"font-family: Arial, sans-serif;color: #000000;font-size: medium\"><span>Le masque est obligatoire pour les \u00e9l\u00e8ves et les personnels aux abords du coll\u00e8ge (Arr\u00eat\u00e9 pr\u00e9fectoral N\u00b0 2020-2655\/CAB\/BPA) et \u00e0 l\u2019int\u00e9rieur du coll\u00e8ge tout le temps..<\/span><\/span><\/p>\n<p class=\"western\" style=\"margin-bottom: 0cm;line-height: 100%\" align=\"justify\">\n<p class=\"western\" style=\"margin-bottom: 0cm;line-height: 100%\" align=\"justify\"><span style=\"font-family: Arial, sans-serif;color: #000000;font-size: medium\"><span><b>E\/ Limitation renforc\u00e9e du brassage des \u00e9l\u00e8ves \u00e0 la cantine<\/b><\/span><\/span><\/p>\n<p class=\"western\" style=\"margin-bottom: 0cm;line-height: 100%\" align=\"justify\">\n<p class=\"western\" style=\"margin-bottom: 0cm;line-height: 100%\" align=\"justify\"><span style=\"font-family: Arial, sans-serif;color: #000000;font-size: medium\"><span>Les mesures sp\u00e9cifiques applicables \u00e0 la restauration scolaire sont renforc\u00e9es \u00e0 compter de la reprise des classes du 25 janvier 2021.<\/span><\/span><\/p>\n<p class=\"western\" style=\"margin-bottom: 0cm;line-height: 100%\" align=\"justify\">\n<p class=\"western\" style=\"margin-bottom: 0cm;line-height: 100%\" align=\"justify\"><span style=\"font-family: Arial, sans-serif;color: #000000;font-size: medium\"><span>Au coll\u00e8ge, le non brassage des \u00e9l\u00e8ves est mis en \u0153uvre. Si le respect de la distance d\u2019un m\u00e8tre entre \u00e9l\u00e8ves est impossible, Il est convenu de faire d\u00e9jeuner ensemble les \u00e9l\u00e8ves d\u2019un m\u00eame groupe (classe, groupes de classes ou niveaux) ensemble et, dans la mesure du possible, toujours \u00e0 la m\u00eame table, avec une distance d\u2019au moins un m\u00e8tre entre les groupes.<\/span><\/span><\/p>\n<p class=\"western\" style=\"margin-bottom: 0cm;line-height: 100%\" align=\"justify\">\n<p class=\"western\" style=\"margin-bottom: 0cm;line-height: 100%\" align=\"justify\"><span style=\"font-family: Arial, sans-serif;color: #000000;font-size: medium\"><span><b>F\/ <\/b><b>Les activit\u00e9s physiques et sportives am\u00e9nag\u00e9es<\/b><\/span><\/span><\/p>\n<p class=\"western\" style=\"margin-bottom: 0cm;line-height: 100%\" align=\"justify\"><span style=\"font-family: Arial, sans-serif;color: #000000;font-size: medium\"><span>En raison de la situation sanitaire les activit\u00e9s physiques et sportives sont interdites en int\u00e9rieur pour le scolaire .Mais compte tenu de la singularit\u00e9 du contexte de l\u2019acad\u00e9mie des am\u00e9nagements seront mis en place pour les cours obligatoires d\u2019EPS, les enseignements optionnels, les sections sportives scolaires et les activit\u00e9s li\u00e9es l\u2019association sportive (AS et UNSS) en int\u00e9rieur. <\/span><\/span><\/p>\n<p class=\"western\" style=\"margin-bottom: 0cm;line-height: 100%\" align=\"justify\">\n<p><span style=\"color: #000000\">\u00a0<\/span><\/p>\n<p><span style=\"color: #000000\"><\/span><\/p>\n<p><span style=\"color: #000000\"><\/span><\/p>\n<p style=\"text-align: right\"><span style=\"color: #000000\">La Principale <\/span><\/p>\n<p style=\"text-align: right\"><span style=\"color: #000000\">N. MINATCHY-NATIER<\/span><\/p>\n[\/et_pb_text][\/et_pb_column][\/et_pb_row][\/et_pb_section]\n","protected":false},"excerpt":{"rendered":"<p>Aux Parents d\u2019\u00e9l\u00e8ves \u00a0 Madame, Monsieur, Je souhaite vous rappeler le protocole sanitaire renforc\u00e9 mis en place \u00e0 cette reprise de janvier et son application au coll\u00e8ge A. Pierre Bouvet. A\/ Retour de voyage Tous les \u00e9l\u00e8ves de retour de voyage doivent respecter la m\u00eame r\u00e8gle de septaine \u00e0 domicile que les adultes et ne [&hellip;]<\/p>\n","protected":false},"author":23746,"featured_media":0,"comment_status":"closed","ping_status":"closed","sticky":false,"template":"","format":"standard","meta":{"_et_pb_use_builder":"on","_et_pb_old_content":"","_et_gb_content_width":"","footnotes":""},"categories":[67,78],"tags":[],"class_list":["post-8145","post","type-post","status-publish","format-standard","hentry","category-actualite","category-espace-parent"],"_links":{"self":[{"href":"https:\/\/etab.ac-reunion.fr\/clg-amiral-bouvet\/wp-json\/wp\/v2\/posts\/8145","targetHints":{"allow":["GET"]}}],"collection":[{"href":"https:\/\/etab.ac-reunion.fr\/clg-amiral-bouvet\/wp-json\/wp\/v2\/posts"}],"about":[{"href":"https:\/\/etab.ac-reunion.fr\/clg-amiral-bouvet\/wp-json\/wp\/v2\/types\/post"}],"author":[{"embeddable":true,"href":"https:\/\/etab.ac-reunion.fr\/clg-amiral-bouvet\/wp-json\/wp\/v2\/users\/23746"}],"replies":[{"embeddable":true,"href":"https:\/\/etab.ac-reunion.fr\/clg-amiral-bouvet\/wp-json\/wp\/v2\/comments?post=8145"}],"version-history":[{"count":5,"href":"https:\/\/etab.ac-reunion.fr\/clg-amiral-bouvet\/wp-json\/wp\/v2\/posts\/8145\/revisions"}],"predecessor-version":[{"id":8153,"href":"https:\/\/etab.ac-reunion.fr\/clg-amiral-bouvet\/wp-json\/wp\/v2\/posts\/8145\/revisions\/8153"}],"wp:attachment":[{"href":"https:\/\/etab.ac-reunion.fr\/clg-amiral-bouvet\/wp-json\/wp\/v2\/media?parent=8145"}],"wp:term":[{"taxonomy":"category","embeddable":true,"href":"https:\/\/etab.ac-reunion.fr\/clg-amiral-bouvet\/wp-json\/wp\/v2\/categories?post=8145"},{"taxonomy":"post_tag","embeddable":true,"href":"https:\/\/etab.ac-reunion.fr\/clg-amiral-bouvet\/wp-json\/wp\/v2\/tags?post=8145"}],"curies":[{"name":"wp","href":"https:\/\/api.w.org\/{rel}","templated":true}]}}