{"id":8705,"date":"2023-03-09T20:04:04","date_gmt":"2023-03-09T16:04:04","guid":{"rendered":"https:\/\/etab.ac-reunion.fr\/clg-amiral-bouvet\/?p=8705"},"modified":"2023-04-06T20:05:29","modified_gmt":"2023-04-06T16:05:29","slug":"brouillon-auto-2","status":"publish","type":"post","link":"https:\/\/etab.ac-reunion.fr\/clg-amiral-bouvet\/2023\/03\/09\/brouillon-auto-2\/","title":{"rendered":"Rap-Maths\u00a0"},"content":{"rendered":"[et_pb_section fb_built=\u00a0\u00bb1&Prime; _builder_version=\u00a0\u00bb4.20.4&Prime; _module_preset=\u00a0\u00bbdefault\u00a0\u00bb global_colors_info=\u00a0\u00bb{}\u00a0\u00bb][et_pb_row _builder_version=\u00a0\u00bb4.20.4&Prime; _module_preset=\u00a0\u00bbdefault\u00a0\u00bb global_colors_info=\u00a0\u00bb{}\u00a0\u00bb][et_pb_column type=\u00a0\u00bb4_4&Prime; _builder_version=\u00a0\u00bb4.20.4&Prime; _module_preset=\u00a0\u00bbdefault\u00a0\u00bb global_colors_info=\u00a0\u00bb{}\u00a0\u00bb][et_pb_text _builder_version=\u00a0\u00bb4.20.4&Prime; _module_preset=\u00a0\u00bbdefault\u00a0\u00bb global_colors_info=\u00a0\u00bb{}\u00a0\u00bb]\n<p class=\"Textbody\"><span style=\"font-size: large;color: #000000\">Mesdames et Messieurs,<\/span><\/p>\n<p class=\"Textbody\"><span style=\"font-size: large;color: #000000\">Depuis six ans, les math\u00e9matiques sont au c\u0153ur des priorit\u00e9s \u00e9ducatives, de l\u2019\u00e9cole maternelle au lyc\u00e9e. C&rsquo;est en ce sens qu&rsquo;est n\u00e9 le projet \u00ab\u00a0Rap\u00e9mathiques\u00a0\u00bb.<\/span><\/p>\n<p class=\"Standard\"><span style=\"font-size: large;color: #000000\">Dans le contexte actuel de la semaine des math\u00e9matiques, je vous transmets les volets d&rsquo;une s\u00e9rie de clips vid\u00e9o, qui pourrait int\u00e9resser les professeurs de cette discipline de votre \u00e9tablissement et les \u00e9l\u00e8ves. Un compl\u00e9ment pratique et p\u00e9dagogique, qui offre \u00e0 l&rsquo;\u00e9l\u00e8ve une mani\u00e8re diff\u00e9rente de r\u00e9viser. Si l&rsquo;\u00e9quipe p\u00e9dagogique de math\u00e9matiques de votre coll\u00e8ge est susceptible d&rsquo;\u00eatre int\u00e9ress\u00e9e, je vous laisse leur transmettre.<\/span><\/p>\n<p class=\"Standard\"><span style=\"font-size: large;color: #000000\">Libre \u00e0 eux d&rsquo;utiliser ce support comme ils l&rsquo;entendent : une pause musicale au sein de leurs cours, une synth\u00e8se que l&rsquo;\u00e9l\u00e8ve peut utiliser chez lui pour r\u00e9viser le chapitre du moment, une introduction \u00e0 une nouvelle notion ou autre.<\/span><\/p>\n<p class=\"Standard\"><span style=\"font-size: large;color: #000000\">Ci-joint les liens des\u00a0 29\u00a0 clips\u00a0 \u00ab\u00a0rap-maths\u00a0\u00bb, d\u00e9j\u00e0 parus\u00a0:<\/span><\/p>\n<p class=\"Standard\"><span style=\"font-size: large\"><span style=\"color: #000000\">Encha\u00eenements d&rsquo;op\u00e9rations\u00a0:<\/span> <span style=\"color: #0c71c3\"><a href=\"https:\/\/www.youtube.com\/watch?v=2s2HSdtzBzg\" target=\"_blank\" rel=\"noopener noreferrer\" style=\"color: #0c71c3\">https:\/\/www.youtube.com\/watch?v=2s2HSdtzBzg<\/a><\/span><\/span><\/p>\n<p class=\"Standard\"><span style=\"font-size: large\">Additions et soustractions de nombres relatifs\u00a0: <span style=\"color: #0c71c3\"><a href=\"https:\/\/www.youtube.com\/watch?v=KuJERDWGMw0\" target=\"_blank\" rel=\"noopener noreferrer\" style=\"color: #0c71c3\">https:\/\/www.youtube.com\/watch?v=KuJERDWGMw0<\/a><\/span><\/span><\/p>\n<p class=\"Standard\"><span style=\"font-size: large\">La trigonom\u00e9trie\u00a0: <a href=\"https:\/\/www.youtube.com\/watch?v=PYRMUqSeNEc\" target=\"_blank\" rel=\"noopener noreferrer\"><span style=\"color: #0c71c3\">https:\/\/www.youtube.com\/watch?v=PYRMUqSeNEc<\/span><\/a><\/span><\/p>\n<p class=\"Standard\"><span style=\"font-size: large\">Les \u00e9quations\u00a0: <a href=\"https:\/\/www.youtube.com\/watch?v=Y9lF-ReyeXU\" target=\"_blank\" rel=\"noopener noreferrer\"><span style=\"color: #0c71c3\">https:\/\/www.youtube.com\/watch?v=Y9lF-ReyeXU<\/span><\/a><\/span><\/p>\n<p class=\"Standard\"><span style=\"font-size: large\">Le th\u00e9or\u00e8me de Thal\u00e8s\u00a0: <a href=\"https:\/\/www.youtube.com\/watch?v=P3pKzIlPqTU\" target=\"_blank\" rel=\"noopener noreferrer\"><span style=\"color: #0c71c3\">https:\/\/www.youtube.com\/watch?v=P3pKzIlPqTU<\/span><\/a><\/span><\/p>\n<p class=\"Standard\"><span style=\"font-size: large\">Les fonctions\u00a0: <a href=\"https:\/\/www.youtube.com\/watch?v=7OlnI4rj8cM\" target=\"_blank\" rel=\"noopener noreferrer\"><span style=\"color: #0c71c3\">https:\/\/www.youtube.com\/watch?v=7OlnI4rj8cM<\/span><\/a><\/span><\/p>\n<p class=\"Standard\"><span style=\"font-size: large\">Le th\u00e9or\u00e8me de Pythagore\u00a0: <a href=\"https:\/\/www.youtube.com\/watch?v=Jv__hIb6Zi4\" target=\"_blank\" rel=\"noopener noreferrer\"><span style=\"color: #0c71c3\">https:\/\/www.youtube.com\/watch?v=Jv__hIb6Zi4<\/span><\/a><\/span><\/p>\n<p class=\"Standard\"><span style=\"font-size: large\">Les simplifications de fractions\u00a0: <a href=\"https:\/\/www.youtube.com\/watch?v=7vkgbr-7vws&amp;t=19s\" target=\"_blank\" rel=\"noopener noreferrer\"><span style=\"color: #0c71c3\">https:\/\/www.youtube.com\/watch?v=7vkgbr-7vws&amp;t=19s<\/span><\/a><\/span><\/p>\n<p class=\"Standard\"><span style=\"font-size: large\">La r\u00e9ciproque du th\u00e9or\u00e8me de Thal\u00e8s\u00a0: <a href=\"https:\/\/www.youtube.com\/watch?v=3oI2MR90UAE\" target=\"_blank\" rel=\"noopener noreferrer\"><span style=\"color: #0c71c3\">https:\/\/www.youtube.com\/watch?v=3oI2MR90UAE<\/span><\/a><\/span><\/p>\n<p class=\"Standard\"><span style=\"font-size: large\">Addition et soustraction de fractions\u00a0: <a href=\"https:\/\/www.youtube.com\/watch?v=TTLRP1Yd4Wk&amp;t=36s\" target=\"_blank\" rel=\"noopener noreferrer\"><span style=\"color: #0c71c3\">https:\/\/www.youtube.com\/watch?v=TTLRP1Yd4Wk&amp;t=36s<\/span><\/a><\/span><\/p>\n<p class=\"Standard\"><span style=\"font-size: large\">R\u00e9ciproque de Pythagore\u00a0: <a href=\"https:\/\/www.youtube.com\/watch?v=F-jkF9xars4\" target=\"_blank\" rel=\"noopener noreferrer\">h<span style=\"color: #0c71c3\">ttps:\/\/www.youtube.com\/watch?v=F-jkF9xars4<\/span><\/a><\/span><\/p>\n<p class=\"Standard\"><span style=\"font-size: large\">Multiplication et division de fractions\u00a0: <a href=\"https:\/\/www.youtube.com\/watch?v=RfNRleqXUZs\" target=\"_blank\" rel=\"noopener noreferrer\"><span style=\"color: #0c71c3\">https:\/\/www.youtube.com\/watch?v=RfNRleqXUZs<\/span><\/a><\/span><\/p>\n<p class=\"Standard\"><span style=\"font-size: large\">Calculer la mesure du troisi\u00e8me angle d&rsquo;un triangle\u00a0: <span style=\"color: #0c71c3\"><a href=\"https:\/\/www.youtube.com\/watch?v=7CZrbIkWUc4\" target=\"_blank\" rel=\"noopener noreferrer\" style=\"color: #0c71c3\">https:\/\/www.youtube.com\/watch?v=7CZrbIkWUc4<\/a><\/span><\/span><\/p>\n<p class=\"Standard\"><span style=\"font-size: large\">Multiplication et division de nombres relatifs\u00a0: <a href=\"https:\/\/www.youtube.com\/watch?v=uSUkEi_Vqgk\" target=\"_blank\" rel=\"noopener noreferrer\"><span style=\"color: #0c71c3\">https:\/\/www.youtube.com\/watch?v=uSUkEi_Vqgk<\/span><\/a><\/span><\/p>\n<p class=\"Standard\"><span style=\"font-size: large\">D\u00e9composition en produit de facteurs premiers\u00a0: <a href=\"https:\/\/www.youtube.com\/watch?v=46nTro76sFg&amp;t=68s\" target=\"_blank\" rel=\"noopener noreferrer\"><span style=\"color: #0c71c3\">https:\/\/www.youtube.com\/watch?v=46nTro76sFg&amp;t=68s<\/span><\/a><\/span><\/p>\n<p class=\"Standard\"><span style=\"font-size: large\">Calcul litt\u00e9ral\u00a0: <a href=\"https:\/\/www.youtube.com\/watch?v=otICNqaunUQ\" target=\"_blank\" rel=\"noopener noreferrer\"><span style=\"color: #0c71c3\">https:\/\/www.youtube.com\/watch?v=otICNqaunUQ<\/span><\/a><\/span><\/p>\n<p class=\"Standard\"><span style=\"font-size: large\">Proportionnalit\u00e9\u00a0: <a href=\"https:\/\/www.youtube.com\/watch?v=8oqdLF3AN0w\" target=\"_blank\" rel=\"noopener noreferrer\"><span style=\"color: #0c71c3\">https:\/\/www.youtube.com\/watch?v=8oqdLF3AN0w<\/span><\/a><\/span><\/p>\n<p class=\"Standard\"><span style=\"font-size: large\">Double distributivit\u00e9\u00a0: <a href=\"https:\/\/www.youtube.com\/watch?v=tL0XlvDC-68&amp;t=8s\" target=\"_blank\" rel=\"noopener noreferrer\"><span style=\"color: #0c71c3\">https:\/\/www.youtube.com\/watch?v=tL0XlvDC-68&amp;t=8s<\/span><\/a><\/span><\/p>\n<p class=\"Standard\"><span style=\"font-size: large\">Les statistiques\u00a0: <a href=\"https:\/\/www.youtube.com\/watch?v=St-v3i0kME0\" target=\"_blank\" rel=\"noopener noreferrer\"><span style=\"color: #0c71c3\">https:\/\/www.youtube.com\/watch?v=St-v3i0kME0<\/span><\/a><\/span><\/p>\n<p class=\"Standard\"><span style=\"font-size: large\">Construction d&rsquo;un triangle (avec ses longueurs )\u00a0: <a href=\"https:\/\/www.youtube.com\/watch?v=rlf9CYbPp6Y\" target=\"_blank\" rel=\"noopener noreferrer\"><span style=\"color: #0c71c3\">https:\/\/www.youtube.com\/watch?v=rlf9CYbPp6Y<\/span><\/a><\/span><\/p>\n<p class=\"Standard\"><span style=\"font-size: large\">Crit\u00e8res de divisibilit\u00e9\u00a0: <a href=\"https:\/\/www.youtube.com\/watch?v=e-noKy-HD0Y\" target=\"_blank\" rel=\"noopener noreferrer\"><span style=\"color: #0c71c3\">https:\/\/www.youtube.com\/watch?v=e-noKy-HD0Y<\/span><\/a><\/span><\/p>\n<p class=\"Standard\"><span style=\"font-size: large\">Factorisation\u00a0: <a href=\"https:\/\/www.youtube.com\/watch?v=kz8y9CKvVaI\" target=\"_blank\" rel=\"noopener noreferrer\"><span style=\"color: #0c71c3\">https:\/\/www.youtube.com\/watch?v=kz8y9CKvVaI<\/span><\/a><\/span><\/p>\n<p class=\"Standard\"><span style=\"font-size: large\">Tables de multiplication\u00a0: <a href=\"https:\/\/www.youtube.com\/watch?v=gRk69gHOlus\" target=\"_blank\" rel=\"noopener noreferrer\"><span style=\"color: #0c71c3\">https:\/\/www.youtube.com\/watch?v=gRk69gHOlus<\/span><\/a><\/span><\/p>\n<p class=\"Standard\"><span style=\"font-size: large\">Identit\u00e9s remarquables\u00a0: <a href=\"https:\/\/www.youtube.com\/watch?v=HiAmsHhvJ4U\" target=\"_blank\" rel=\"noopener noreferrer\"><span style=\"color: #0c71c3\">https:\/\/www.youtube.com\/watch?v=HiAmsHhvJ4U<\/span><\/a><\/span><\/p>\n<p class=\"Standard\"><span style=\"font-size: large\">Puissances\u00a0: <a href=\"https:\/\/www.youtube.com\/watch?v=GdJmkUJtQS0\" target=\"_blank\" rel=\"noopener noreferrer\"><span style=\"color: #0c71c3\">https:\/\/www.youtube.com\/watch?v=GdJmkUJtQS0<\/span><\/a><\/span><\/p>\n<p class=\"Standard\"><span style=\"font-size: large\">Les probabilit\u00e9s\u00a0: <a href=\"https:\/\/www.youtube.com\/watch?v=0xtn22h6LHE\" target=\"_blank\" rel=\"noopener noreferrer\"><span style=\"color: #0c71c3\">https:\/\/www.youtube.com\/watch?v=0xtn22h6LHE<\/span><\/a><\/span><\/p>\n<p class=\"Standard\"><span style=\"font-size: large\">Les aires\u00a0: <a href=\"https:\/\/www.youtube.com\/watch?v=TdwteXrJsVU&amp;t=59s\" target=\"_blank\" rel=\"noopener noreferrer\"><span style=\"color: #0c71c3\">https:\/\/www.youtube.com\/watch?v=TdwteXrJsVU&amp;t=59s<\/span><\/a><\/span><\/p>\n<p class=\"Standard\"><span style=\"font-size: large\">Rep\u00e9rage dans le plan\u00a0: <a href=\"https:\/\/www.youtube.com\/watch?v=383BRbN_YzM\" target=\"_blank\" rel=\"noopener noreferrer\"><span style=\"color: #0c71c3\">https:\/\/www.youtube.com\/watch?v=383BRbN_YzM<\/span><\/a><\/span><\/p>\n<p class=\"Standard\"><span style=\"font-size: large\">Construction d&rsquo;un triangle (avec ses angles)\u00a0: <a href=\"https:\/\/www.youtube.com\/watch?v=Pk-dEsXYX7U\" target=\"_blank\" rel=\"noopener noreferrer\"><span style=\"color: #0c71c3\">https:\/\/www.youtube.com\/watch?v=Pk-dEsXYX7U<\/span><\/a><\/span><\/p>\n<p class=\"Textbody\"><span style=\"font-size: large\">Je vous remercie par avance de votre investissement au service du renforcement du niveau de nos \u00e9l\u00e8ves en math\u00e9matiques.<\/span><\/p>\n<p class=\"Textbody\"><span style=\"font-size: large\">Tr\u00e8s cordialement,<\/span><\/p>\n<p class=\"Standard\"><span style=\"font-size: large\">Antoine CARRIER, Professeur de Math\u00e9matiques<\/span><\/p>\n<p class=\"Standard\"><span style=\"font-size: large\">Coll\u00e8ge Emmanuel Dupaty &#8211; Blanquefort (33290)<\/span><\/p>\n[\/et_pb_text][\/et_pb_column][\/et_pb_row][\/et_pb_section]\n","protected":false},"excerpt":{"rendered":"<p>Mesdames et Messieurs, Depuis six ans, les math\u00e9matiques sont au c\u0153ur des priorit\u00e9s \u00e9ducatives, de l\u2019\u00e9cole maternelle au lyc\u00e9e. C&rsquo;est en ce sens qu&rsquo;est n\u00e9 le projet \u00ab\u00a0Rap\u00e9mathiques\u00a0\u00bb. Dans le contexte actuel de la semaine des math\u00e9matiques, je vous transmets les volets d&rsquo;une s\u00e9rie de clips vid\u00e9o, qui pourrait int\u00e9resser les professeurs de cette discipline [&hellip;]<\/p>\n","protected":false},"author":23746,"featured_media":0,"comment_status":"closed","ping_status":"closed","sticky":false,"template":"","format":"standard","meta":{"_et_pb_use_builder":"on","_et_pb_old_content":"","_et_gb_content_width":"","footnotes":""},"categories":[67,97,78,1],"tags":[],"class_list":["post-8705","post","type-post","status-publish","format-standard","hentry","category-actualite","category-espace-eleves","category-espace-parent","category-non-classe"],"_links":{"self":[{"href":"https:\/\/etab.ac-reunion.fr\/clg-amiral-bouvet\/wp-json\/wp\/v2\/posts\/8705","targetHints":{"allow":["GET"]}}],"collection":[{"href":"https:\/\/etab.ac-reunion.fr\/clg-amiral-bouvet\/wp-json\/wp\/v2\/posts"}],"about":[{"href":"https:\/\/etab.ac-reunion.fr\/clg-amiral-bouvet\/wp-json\/wp\/v2\/types\/post"}],"author":[{"embeddable":true,"href":"https:\/\/etab.ac-reunion.fr\/clg-amiral-bouvet\/wp-json\/wp\/v2\/users\/23746"}],"replies":[{"embeddable":true,"href":"https:\/\/etab.ac-reunion.fr\/clg-amiral-bouvet\/wp-json\/wp\/v2\/comments?post=8705"}],"version-history":[{"count":5,"href":"https:\/\/etab.ac-reunion.fr\/clg-amiral-bouvet\/wp-json\/wp\/v2\/posts\/8705\/revisions"}],"predecessor-version":[{"id":8729,"href":"https:\/\/etab.ac-reunion.fr\/clg-amiral-bouvet\/wp-json\/wp\/v2\/posts\/8705\/revisions\/8729"}],"wp:attachment":[{"href":"https:\/\/etab.ac-reunion.fr\/clg-amiral-bouvet\/wp-json\/wp\/v2\/media?parent=8705"}],"wp:term":[{"taxonomy":"category","embeddable":true,"href":"https:\/\/etab.ac-reunion.fr\/clg-amiral-bouvet\/wp-json\/wp\/v2\/categories?post=8705"},{"taxonomy":"post_tag","embeddable":true,"href":"https:\/\/etab.ac-reunion.fr\/clg-amiral-bouvet\/wp-json\/wp\/v2\/tags?post=8705"}],"curies":[{"name":"wp","href":"https:\/\/api.w.org\/{rel}","templated":true}]}}