{"id":8783,"date":"2023-08-11T09:58:00","date_gmt":"2023-08-11T05:58:00","guid":{"rendered":"https:\/\/etab.ac-reunion.fr\/clg-amiral-bouvet\/?p=8783"},"modified":"2025-09-15T14:57:35","modified_gmt":"2025-09-15T10:57:35","slug":"annee-scolaire-2023-2024-rentree-des-eleves","status":"publish","type":"post","link":"https:\/\/etab.ac-reunion.fr\/clg-amiral-bouvet\/2023\/08\/11\/annee-scolaire-2023-2024-rentree-des-eleves\/","title":{"rendered":"ANN\u00c9E SCOLAIRE 2023-2024 RENTR\u00c9E DES \u00c9L\u00c8VES"},"content":{"rendered":"[et_pb_section fb_built=\u00a0\u00bb1&Prime; _builder_version=\u00a0\u00bb4.21.2&Prime; _module_preset=\u00a0\u00bbdefault\u00a0\u00bb global_colors_info=\u00a0\u00bb{}\u00a0\u00bb][et_pb_row _builder_version=\u00a0\u00bb4.21.2&Prime; _module_preset=\u00a0\u00bbdefault\u00a0\u00bb global_colors_info=\u00a0\u00bb{}\u00a0\u00bb][et_pb_column type=\u00a0\u00bb4_4&Prime; _builder_version=\u00a0\u00bb4.21.2&Prime; _module_preset=\u00a0\u00bbdefault\u00a0\u00bb global_colors_info=\u00a0\u00bb{}\u00a0\u00bb][et_pb_text _builder_version=\u00a0\u00bb4.21.2&Prime; _module_preset=\u00a0\u00bbdefault\u00a0\u00bb global_colors_info=\u00a0\u00bb{}\u00a0\u00bb]\n<p><span style=\"color: #e02b20;font-size: large\"><u><strong>JEUDI 17 AOUT 2023<\/strong> <\/u><\/span><\/p>\n<p><span style=\"color: #e02b20;font-size: large\"><strong>RENTR\u00c9E DES \u00c9L\u00c8VES DE 5\u00e8me<\/strong><strong>, 4\u00e8me<\/strong><strong><sup> <\/sup><\/strong><strong>ET 3\u00e8me<\/strong><\/span><\/p>\n<p>&nbsp;<\/p>\n<p><span style=\"color: #000000\"><strong>9h \u2013 12h00 <\/strong><strong>Accueil par les professeurs Principaux et l\u2019\u00e9quipe p\u00e9dagogique<\/strong><\/span><\/p>\n<p><span style=\"color: #e02b20;font-size: large\"><strong>RENTR\u00c9E DES \u00c9L\u00c8VES DE 6\u00e8me et ULIS<\/strong><\/span><\/p>\n<p><span style=\"color: #000000\"><strong>13h30 \u2013 15h30 <\/strong>Accueil par les professeurs principaux et l\u2019\u00e9quipe Vie scolaire<\/span><\/p>\n<p><span style=\"color: #000000;font-size: large\">\u00a0<\/span><\/p>\n<p><span style=\"color: #e02b20;font-size: large\"><strong><u>VENDREDI 18 AOUT 2023 : 6\u00e8me UNIQUEMENT<\/u><\/strong><\/span><\/p>\n<p><span style=\"color: #000000\"><strong>8h00 \u2013 15h30 Accueil des \u00e9l\u00e8ves de 6<sup>\u00e8me<\/sup> par l\u2019ensemble des \u00e9quipes p\u00e9dagogiques<\/strong><\/span><\/p>\n<p><span style=\"color: #000000\">D\u00e9jeuner offert \u00e0 tous les \u00e9l\u00e8ves de 6<sup>\u00e8me<\/sup> et ULIS<\/span><\/p>\n<p><span style=\"color: #000000\">Pr\u00e9sentation des activit\u00e9s de l\u2019association sportive<\/span><\/p>\n<p><span style=\"color: #000000\"><strong>13h<\/strong><strong>30 \u2013 15h30 <\/strong>Accueil par les professeurs principaux et l\u2019\u00e9quipe p\u00e9dagogique (suite)<\/span><\/p>\n<p><span style=\"text-decoration: underline\"><span style=\"color: #e02b20;font-size: large\"><strong>LUNDI 21 AOUT 2023<\/strong><\/span><\/span><\/p>\n<p><strong><span style=\"color: #000000\">D\u00e9but des cours pour toutes les classes selon les emplois du temps.<\/span><\/strong><\/p>\n<p><strong><span style=\"color: #000000\">D\u00e9but de la demi-pension.<\/span><\/strong><\/p>\n<p><strong><span style=\"color: #000000\"><\/span><\/strong><\/p>\n<p style=\"text-align: right\"><strong><span style=\"color: #000000\">Pour la direction<\/span><\/strong><\/p>\n<p><strong><span style=\"color: #000000\"><\/span><\/strong><\/p>\n[\/et_pb_text][\/et_pb_column][\/et_pb_row][\/et_pb_section]\n","protected":false},"excerpt":{"rendered":"<p>JEUDI 17 AOUT 2023 RENTR\u00c9E DES \u00c9L\u00c8VES DE 5\u00e8me, 4\u00e8me ET 3\u00e8me &nbsp; 9h \u2013 12h00 Accueil par les professeurs Principaux et l\u2019\u00e9quipe p\u00e9dagogique RENTR\u00c9E DES \u00c9L\u00c8VES DE 6\u00e8me et ULIS 13h30 \u2013 15h30 Accueil par les professeurs principaux et l\u2019\u00e9quipe Vie scolaire \u00a0 VENDREDI 18 AOUT 2023 : 6\u00e8me UNIQUEMENT 8h00 \u2013 15h30 Accueil [&hellip;]<\/p>\n","protected":false},"author":23746,"featured_media":0,"comment_status":"closed","ping_status":"closed","sticky":false,"template":"","format":"standard","meta":{"_et_pb_use_builder":"on","_et_pb_old_content":"","_et_gb_content_width":"","footnotes":""},"categories":[67],"tags":[],"class_list":["post-8783","post","type-post","status-publish","format-standard","hentry","category-actualite"],"_links":{"self":[{"href":"https:\/\/etab.ac-reunion.fr\/clg-amiral-bouvet\/wp-json\/wp\/v2\/posts\/8783","targetHints":{"allow":["GET"]}}],"collection":[{"href":"https:\/\/etab.ac-reunion.fr\/clg-amiral-bouvet\/wp-json\/wp\/v2\/posts"}],"about":[{"href":"https:\/\/etab.ac-reunion.fr\/clg-amiral-bouvet\/wp-json\/wp\/v2\/types\/post"}],"author":[{"embeddable":true,"href":"https:\/\/etab.ac-reunion.fr\/clg-amiral-bouvet\/wp-json\/wp\/v2\/users\/23746"}],"replies":[{"embeddable":true,"href":"https:\/\/etab.ac-reunion.fr\/clg-amiral-bouvet\/wp-json\/wp\/v2\/comments?post=8783"}],"version-history":[{"count":4,"href":"https:\/\/etab.ac-reunion.fr\/clg-amiral-bouvet\/wp-json\/wp\/v2\/posts\/8783\/revisions"}],"predecessor-version":[{"id":9405,"href":"https:\/\/etab.ac-reunion.fr\/clg-amiral-bouvet\/wp-json\/wp\/v2\/posts\/8783\/revisions\/9405"}],"wp:attachment":[{"href":"https:\/\/etab.ac-reunion.fr\/clg-amiral-bouvet\/wp-json\/wp\/v2\/media?parent=8783"}],"wp:term":[{"taxonomy":"category","embeddable":true,"href":"https:\/\/etab.ac-reunion.fr\/clg-amiral-bouvet\/wp-json\/wp\/v2\/categories?post=8783"},{"taxonomy":"post_tag","embeddable":true,"href":"https:\/\/etab.ac-reunion.fr\/clg-amiral-bouvet\/wp-json\/wp\/v2\/tags?post=8783"}],"curies":[{"name":"wp","href":"https:\/\/api.w.org\/{rel}","templated":true}]}}