{"id":9046,"date":"2024-03-17T09:30:30","date_gmt":"2024-03-17T05:30:30","guid":{"rendered":"https:\/\/etab.ac-reunion.fr\/clg-amiral-bouvet\/?p=9046"},"modified":"2024-03-17T09:38:23","modified_gmt":"2024-03-17T05:38:23","slug":"le-son-du-bahut","status":"publish","type":"post","link":"https:\/\/etab.ac-reunion.fr\/clg-amiral-bouvet\/2024\/03\/17\/le-son-du-bahut\/","title":{"rendered":"Le Son du Bahut"},"content":{"rendered":"[et_pb_section fb_built=\u00a0\u00bb1&Prime; admin_label=\u00a0\u00bbsection\u00a0\u00bb _builder_version=\u00a0\u00bb4.16&Prime; global_colors_info=\u00a0\u00bb{}\u00a0\u00bb][et_pb_row admin_label=\u00a0\u00bbrow\u00a0\u00bb _builder_version=\u00a0\u00bb4.24.2&Prime; background_size=\u00a0\u00bbinitial\u00a0\u00bb background_position=\u00a0\u00bbtop_left\u00a0\u00bb background_repeat=\u00a0\u00bbrepeat\u00a0\u00bb hover_enabled=\u00a0\u00bb0&Prime; global_colors_info=\u00a0\u00bb{}\u00a0\u00bb column_structure=\u00a0\u00bb1_2,1_2&Prime; sticky_enabled=\u00a0\u00bb0&Prime;][et_pb_column type=\u00a0\u00bb1_2&Prime; _builder_version=\u00a0\u00bb4.16&Prime; custom_padding=\u00a0\u00bb|||\u00a0\u00bb global_colors_info=\u00a0\u00bb{}\u00a0\u00bb custom_padding__hover=\u00a0\u00bb|||\u00a0\u00bb][et_pb_text _builder_version=\u00a0\u00bb4.24.2&Prime; _module_preset=\u00a0\u00bbdefault\u00a0\u00bb text_font=\u00a0\u00bbAcme||||||||\u00a0\u00bb text_font_size=\u00a0\u00bb26px\u00a0\u00bb text_orientation=\u00a0\u00bbjustified\u00a0\u00bb text_text_color=\u00a0\u00bb#000000&Prime; hover_enabled=\u00a0\u00bb0&Prime; sticky_enabled=\u00a0\u00bb0&Prime; custom_padding=\u00a0\u00bb104px||||false|false\u00a0\u00bb module_alignment=\u00a0\u00bbcenter\u00a0\u00bb]\n<p>Le group Zanfan Gayar ki ropr\u00e9zant le Coll\u00e8ge A. Bouvet o konkour <span style=\"color: #e02b20\">\u00ab\u00a0Le Son du Bahut\u00a0\u00bb<\/span>.<\/p>\n<p>Banna sera an demi-final le <span style=\"text-decoration: underline\">mercredi 20 mars 16\u00e9r dan la Sal Bisik<\/span>, St Beno\u00eet.<\/p>\n<p>Tout demoun i v\u00e9 soutenir banna i giny al\u00e9.<\/p>\n[\/et_pb_text][\/et_pb_column][et_pb_column type=\u00a0\u00bb1_2&Prime; _builder_version=\u00a0\u00bb4.16&Prime; custom_padding=\u00a0\u00bb|||\u00a0\u00bb global_colors_info=\u00a0\u00bb{}\u00a0\u00bb custom_padding__hover=\u00a0\u00bb|||\u00a0\u00bb][et_pb_image src=\u00a0\u00bbhttps:\/\/etab.ac-reunion.fr\/clg-amiral-bouvet\/wp-content\/uploads\/sites\/47\/2024\/03\/Affiche-Son-du-bahut-zanfan-gayar-scaled.jpeg\u00a0\u00bb _builder_version=\u00a0\u00bb4.24.2&Prime; _module_preset=\u00a0\u00bbdefault\u00a0\u00bb title_text=\u00a0\u00bbAffiche Son du bahut zanfan gayar\u00a0\u00bb width=\u00a0\u00bb71%\u00a0\u00bb max_width=\u00a0\u00bb100%\u00a0\u00bb module_alignment=\u00a0\u00bbcenter\u00a0\u00bb min_height=\u00a0\u00bb445px\u00a0\u00bb height=\u00a0\u00bb431px\u00a0\u00bb max_height=\u00a0\u00bb465px\u00a0\u00bb hover_enabled=\u00a0\u00bb0&Prime; sticky_enabled=\u00a0\u00bb0&Prime;][\/et_pb_image][\/et_pb_column][\/et_pb_row][et_pb_row _builder_version=\u00a0\u00bb4.24.2&Prime; _module_preset=\u00a0\u00bbdefault\u00a0\u00bb][et_pb_column _builder_version=\u00a0\u00bb4.24.2&Prime; _module_preset=\u00a0\u00bbdefault\u00a0\u00bb type=\u00a0\u00bb4_4&Prime;][et_pb_text _builder_version=\u00a0\u00bb4.24.2&Prime; _module_preset=\u00a0\u00bbdefault\u00a0\u00bb text_font_size=\u00a0\u00bb20px\u00a0\u00bb text_orientation=\u00a0\u00bbjustified\u00a0\u00bb hover_enabled=\u00a0\u00bb0&Prime; sticky_enabled=\u00a0\u00bb0&Prime;]\n<p>Le Son du bahut est une opportunit\u00e9 unique pour les jeunes artistes musiciens de La R\u00e9union de se produire dans les conditions d\u2019un live professionnel et de se faire conna\u00eetre aupr\u00e8s du public et des professionnel.<\/p>\n<p>&nbsp;<\/p>\n<p><strong>Lots \u00e0 gagner :<\/strong><\/p>\n<ul>\n<li>Places de concert valables un an pour tous les demi-finalistes et finalistes.<\/li>\n<li>Pour le vainqueur, le prix Pierre Macquart : une participation au Sakifo 2024<strong>.<\/strong><\/li>\n<\/ul>\n[\/et_pb_text][\/et_pb_column][\/et_pb_row][\/et_pb_section]\n","protected":false},"excerpt":{"rendered":"<p>Le group Zanfan Gayar ki ropr\u00e9zant le Coll\u00e8ge A. Bouvet o konkour \u00ab\u00a0Le Son du Bahut\u00a0\u00bb. Banna sera an demi-final le mercredi 20 mars 16\u00e9r dan la Sal Bisik, St Beno\u00eet. Tout demoun i v\u00e9 soutenir banna i giny al\u00e9.Le Son du bahut est une opportunit\u00e9 unique pour les jeunes artistes musiciens de La R\u00e9union [&hellip;]<\/p>\n","protected":false},"author":23746,"featured_media":0,"comment_status":"closed","ping_status":"closed","sticky":false,"template":"","format":"standard","meta":{"_et_pb_use_builder":"on","_et_pb_old_content":"","_et_gb_content_width":"","footnotes":""},"categories":[67],"tags":[],"class_list":["post-9046","post","type-post","status-publish","format-standard","hentry","category-actualite"],"_links":{"self":[{"href":"https:\/\/etab.ac-reunion.fr\/clg-amiral-bouvet\/wp-json\/wp\/v2\/posts\/9046","targetHints":{"allow":["GET"]}}],"collection":[{"href":"https:\/\/etab.ac-reunion.fr\/clg-amiral-bouvet\/wp-json\/wp\/v2\/posts"}],"about":[{"href":"https:\/\/etab.ac-reunion.fr\/clg-amiral-bouvet\/wp-json\/wp\/v2\/types\/post"}],"author":[{"embeddable":true,"href":"https:\/\/etab.ac-reunion.fr\/clg-amiral-bouvet\/wp-json\/wp\/v2\/users\/23746"}],"replies":[{"embeddable":true,"href":"https:\/\/etab.ac-reunion.fr\/clg-amiral-bouvet\/wp-json\/wp\/v2\/comments?post=9046"}],"version-history":[{"count":3,"href":"https:\/\/etab.ac-reunion.fr\/clg-amiral-bouvet\/wp-json\/wp\/v2\/posts\/9046\/revisions"}],"predecessor-version":[{"id":9050,"href":"https:\/\/etab.ac-reunion.fr\/clg-amiral-bouvet\/wp-json\/wp\/v2\/posts\/9046\/revisions\/9050"}],"wp:attachment":[{"href":"https:\/\/etab.ac-reunion.fr\/clg-amiral-bouvet\/wp-json\/wp\/v2\/media?parent=9046"}],"wp:term":[{"taxonomy":"category","embeddable":true,"href":"https:\/\/etab.ac-reunion.fr\/clg-amiral-bouvet\/wp-json\/wp\/v2\/categories?post=9046"},{"taxonomy":"post_tag","embeddable":true,"href":"https:\/\/etab.ac-reunion.fr\/clg-amiral-bouvet\/wp-json\/wp\/v2\/tags?post=9046"}],"curies":[{"name":"wp","href":"https:\/\/api.w.org\/{rel}","templated":true}]}}