{"id":9456,"date":"2025-09-16T22:58:16","date_gmt":"2025-09-16T18:58:16","guid":{"rendered":"https:\/\/etab.ac-reunion.fr\/clg-amiral-bouvet\/?p=9456"},"modified":"2025-09-17T06:25:57","modified_gmt":"2025-09-17T02:25:57","slug":"organisation-la-rencontre-parents-professeurs-principaux-de-6eme-5eme-4eme-mardi-23-septembre-2025-de-16h00-a-17h30","status":"publish","type":"post","link":"https:\/\/etab.ac-reunion.fr\/clg-amiral-bouvet\/2025\/09\/16\/organisation-la-rencontre-parents-professeurs-principaux-de-6eme-5eme-4eme-mardi-23-septembre-2025-de-16h00-a-17h30\/","title":{"rendered":"Organisation la rencontre parents-professeurs principaux de 6\u00e8me , 5\u00e8me ,4\u00e8me &#8211; Mardi 23 SEPTEMBRE 2025 de 15h30 \u00e0 16h30"},"content":{"rendered":"<p>Je vous remercie de compl\u00e9ter le questionnaire suivant pour votre participation\u00a0:<\/p>\n<p><a href=\"https:\/\/forms.cloud.microsoft\/r\/WnfVJnFH62\">https:\/\/forms.cloud.microsoft\/r\/WnfVJnFH62<\/a><\/p>\n<p>Je vous prie de croire, chers responsables l\u00e9gaux, en l&rsquo;expression de mes sentiments les meilleurs.<\/p>\n<p>&nbsp;<\/p>\n<p>&nbsp;<\/p>\n<a href=\"https:\/\/etab.ac-reunion.fr\/clg-amiral-bouvet\/wp-content\/uploads\/sites\/47\/2025\/09\/Note-de-service_RUN-PARENTS-PROFS2_2024-2025.pdf\" class=\"pdfemb-viewer\" style=\"\" data-width=\"max\" data-height=\"max\" data-toolbar=\"bottom\" data-toolbar-fixed=\"off\">Note de service_RUN PARENTS-PROFS2_2024-2025<\/a> <a href=\"https:\/\/etab.ac-reunion.fr\/clg-amiral-bouvet\/wp-content\/uploads\/sites\/47\/2025\/09\/PLANNING-SALLES-RENCONTRE-PARENTS-PROFESSEURS_2024.pdf\" class=\"pdfemb-viewer\" style=\"\" data-width=\"max\" data-height=\"max\" data-toolbar=\"bottom\" data-toolbar-fixed=\"off\">PLANNING SALLES RENCONTRE PARENTS PROFESSEURS_2024<\/a>\n","protected":false},"excerpt":{"rendered":"<p>Je vous remercie de compl\u00e9ter le questionnaire suivant pour votre participation\u00a0: https:\/\/forms.cloud.microsoft\/r\/WnfVJnFH62 Je vous prie de croire, chers responsables l\u00e9gaux, en l&rsquo;expression de mes sentiments les meilleurs. &nbsp; &nbsp;<\/p>\n","protected":false},"author":16831,"featured_media":0,"comment_status":"closed","ping_status":"closed","sticky":false,"template":"","format":"standard","meta":{"_et_pb_use_builder":"","_et_pb_old_content":"","_et_gb_content_width":"","footnotes":""},"categories":[67],"tags":[],"class_list":["post-9456","post","type-post","status-publish","format-standard","hentry","category-actualite"],"_links":{"self":[{"href":"https:\/\/etab.ac-reunion.fr\/clg-amiral-bouvet\/wp-json\/wp\/v2\/posts\/9456","targetHints":{"allow":["GET"]}}],"collection":[{"href":"https:\/\/etab.ac-reunion.fr\/clg-amiral-bouvet\/wp-json\/wp\/v2\/posts"}],"about":[{"href":"https:\/\/etab.ac-reunion.fr\/clg-amiral-bouvet\/wp-json\/wp\/v2\/types\/post"}],"author":[{"embeddable":true,"href":"https:\/\/etab.ac-reunion.fr\/clg-amiral-bouvet\/wp-json\/wp\/v2\/users\/16831"}],"replies":[{"embeddable":true,"href":"https:\/\/etab.ac-reunion.fr\/clg-amiral-bouvet\/wp-json\/wp\/v2\/comments?post=9456"}],"version-history":[{"count":5,"href":"https:\/\/etab.ac-reunion.fr\/clg-amiral-bouvet\/wp-json\/wp\/v2\/posts\/9456\/revisions"}],"predecessor-version":[{"id":9471,"href":"https:\/\/etab.ac-reunion.fr\/clg-amiral-bouvet\/wp-json\/wp\/v2\/posts\/9456\/revisions\/9471"}],"wp:attachment":[{"href":"https:\/\/etab.ac-reunion.fr\/clg-amiral-bouvet\/wp-json\/wp\/v2\/media?parent=9456"}],"wp:term":[{"taxonomy":"category","embeddable":true,"href":"https:\/\/etab.ac-reunion.fr\/clg-amiral-bouvet\/wp-json\/wp\/v2\/categories?post=9456"},{"taxonomy":"post_tag","embeddable":true,"href":"https:\/\/etab.ac-reunion.fr\/clg-amiral-bouvet\/wp-json\/wp\/v2\/tags?post=9456"}],"curies":[{"name":"wp","href":"https:\/\/api.w.org\/{rel}","templated":true}]}}