{"id":231230,"date":"2023-01-24T08:48:50","date_gmt":"2023-01-24T04:48:50","guid":{"rendered":"https:\/\/etab.ac-reunion.fr\/clg-beausejour\/?p=231230"},"modified":"2023-01-30T09:43:59","modified_gmt":"2023-01-30T05:43:59","slug":"la-semaine-des-langues-du-college-beausejour","status":"publish","type":"post","link":"https:\/\/etab.ac-reunion.fr\/clg-beausejour\/la-semaine-des-langues-du-college-beausejour\/","title":{"rendered":"La Semaine des Langues du coll\u00e8ge Beaus\u00e9jour"},"content":{"rendered":"\n<p>La semaine pr\u00e9c\u00e9dant les vacances de d\u00e9cembre a laiss\u00e9 place \u00e0 la <strong>Semaine des langues vivantes<\/strong>. <\/p>\n\n\n\n<p>Du 12 au 16 d\u00e9cembre, les langues ont ainsi \u00e9t\u00e9 c\u00e9l\u00e9br\u00e9es : expositions au CDI, ateliers de d\u00e9couvertes culturelles, ateliers d&rsquo;initiation linguistique&#8230; Zoom sur une semaine d&rsquo;immersion linguistique !<\/p>\n\n\n\n<figure class=\"wp-block-image alignright size-full\"><img loading=\"lazy\" decoding=\"async\" width=\"300\" height=\"168\" src=\"https:\/\/etab.ac-reunion.fr\/clg-beausejour\/wp-content\/uploads\/sites\/84\/2023\/01\/telechargement.png\" alt=\"\" class=\"wp-image-231283\" \/><figcaption class=\"wp-element-caption\">\u00ab\u00a0<em>UK or USA ? <\/em>\u00ab\u00a0<\/figcaption><\/figure>\n\n\n\n<p><\/p>\n\n\n\n<ul class=\"wp-block-list\">\n<li>En <strong>anglais<\/strong>,  une \u00e9tude comparative \u00e0 \u00e9t\u00e9 men\u00e9e \u00e0 travers le visionnage de deux vid\u00e9os : une sur le Royaume Uni et l&rsquo;autre sur les Etats-Unis. L&rsquo;objectif de Mme LAMIA \u00e9tait de mener les \u00e9l\u00e8ves \u00e0 distinguer ces deux nations au niveau de leur g\u00e9ographie, de leurs symboles et de leurs coutumes.<\/li>\n<\/ul>\n\n\n\n<p><\/p>\n\n\n\n<p><\/p>\n\n\n\n<div class=\"wp-block-columns is-layout-flex wp-container-core-columns-is-layout-9d6595d7 wp-block-columns-is-layout-flex\">\n<div class=\"wp-block-column is-layout-flow wp-block-column-is-layout-flow\" style=\"flex-basis:33.33%\">\n<ul class=\"wp-block-list\">\n<li>Au CDI, Mme SOUILLOT a su mettre en valeur les livres en <strong>langues \u00e9trang\u00e8res <\/strong>en les exposant. Elle a \u00e9galement anim\u00e9 un blind test musical dans lequel les \u00e9l\u00e8ves devaient reconna\u00eetre la langue \u00e9trang\u00e8re entendue. <\/li>\n<\/ul>\n<\/div>\n\n\n\n<div class=\"wp-block-column is-layout-flow wp-block-column-is-layout-flow\" style=\"flex-basis:66.66%\">\n<figure class=\"wp-block-gallery has-nested-images columns-default is-cropped wp-block-gallery-1 is-layout-flex wp-block-gallery-is-layout-flex\">\n<figure class=\"wp-block-image size-large\"><img decoding=\"async\" data-id=\"231244\" src=\"https:\/\/etab.ac-reunion.fr\/clg-beausejour\/wp-content\/uploads\/sites\/84\/2023\/01\/699eb32b-0ba3-4f0c-9814-0bff6c31b3a0-1-1024x767.jpg\" alt=\"\" class=\"wp-image-231244\" \/><figcaption class=\"wp-element-caption\">Blind test musical au CDI<\/figcaption><\/figure>\n<\/figure>\n<\/div>\n<\/div>\n\n\n\n<ul class=\"wp-block-list\">\n<li>Mme GAERTNER a propos\u00e9 une comp\u00e9tition aux \u00e9l\u00e8ves lors d&rsquo;un atelier ludique : \u00e0 l&rsquo;aide d&rsquo;un jeu de cartes, chaque groupe devait associer des images aux mots correspondant,<strong> en anglais<\/strong>. <\/li>\n<\/ul>\n\n\n\n<ul class=\"wp-block-list\">\n<li>En allemand, Mme LALLEMAND a accueilli la <strong><mark style=\"background-color:#ffffff\" class=\"has-inline-color has-vivid-cyan-blue-color\">Deutschauto<\/mark><\/strong>, l&rsquo;occasion pour les \u00e9l\u00e8ves de (re)d\u00e9couvrir la <strong>culture germanique<\/strong>. <\/li>\n<\/ul>\n\n\n\n<figure class=\"wp-block-gallery has-nested-images columns-default is-cropped wp-block-gallery-2 is-layout-flex wp-block-gallery-is-layout-flex\">\n<figure class=\"wp-block-image size-large\"><img loading=\"lazy\" decoding=\"async\" width=\"1024\" height=\"637\" data-id=\"231233\" src=\"https:\/\/etab.ac-reunion.fr\/clg-beausejour\/wp-content\/uploads\/sites\/84\/2023\/01\/1-1024x637.jpg\" alt=\"\" class=\"wp-image-231233\" srcset=\"https:\/\/etab.ac-reunion.fr\/clg-beausejour\/wp-content\/uploads\/sites\/84\/2023\/01\/1-980x609.jpg 980w, https:\/\/etab.ac-reunion.fr\/clg-beausejour\/wp-content\/uploads\/sites\/84\/2023\/01\/1-480x299.jpg 480w\" sizes=\"(min-width: 0px) and (max-width: 480px) 480px, (min-width: 481px) and (max-width: 980px) 980px, (min-width: 981px) 1024px, 100vw\" \/><figcaption class=\"wp-element-caption\">La Schult\u00fcte au CDI<\/figcaption><\/figure>\n\n\n\n<figure class=\"wp-block-image size-large\"><img loading=\"lazy\" decoding=\"async\" width=\"768\" height=\"1024\" data-id=\"231235\" src=\"https:\/\/etab.ac-reunion.fr\/clg-beausejour\/wp-content\/uploads\/sites\/84\/2023\/01\/2-768x1024.jpg\" alt=\"\" class=\"wp-image-231235\" \/><figcaption class=\"wp-element-caption\">Schult\u00fcte<\/figcaption><\/figure>\n\n\n\n<figure class=\"wp-block-image size-large\"><img loading=\"lazy\" decoding=\"async\" width=\"768\" height=\"1024\" data-id=\"231234\" src=\"https:\/\/etab.ac-reunion.fr\/clg-beausejour\/wp-content\/uploads\/sites\/84\/2023\/01\/4-768x1024.jpg\" alt=\"\" class=\"wp-image-231234\" \/><\/figure>\n\n\n\n<figure class=\"wp-block-image size-full\"><img loading=\"lazy\" decoding=\"async\" width=\"640\" height=\"480\" data-id=\"231232\" src=\"https:\/\/etab.ac-reunion.fr\/clg-beausejour\/wp-content\/uploads\/sites\/84\/2023\/01\/3.jpg\" alt=\"\" class=\"wp-image-231232\" srcset=\"https:\/\/etab.ac-reunion.fr\/clg-beausejour\/wp-content\/uploads\/sites\/84\/2023\/01\/3.jpg 640w, https:\/\/etab.ac-reunion.fr\/clg-beausejour\/wp-content\/uploads\/sites\/84\/2023\/01\/3-480x360.jpg 480w\" sizes=\"(min-width: 0px) and (max-width: 480px) 480px, (min-width: 481px) 640px, 100vw\" \/><figcaption class=\"wp-element-caption\">La Deutschauto<\/figcaption><\/figure>\n<\/figure>\n\n\n\n<p> <\/p>\n\n\n\n<ul class=\"wp-block-list\">\n<li>M.GEORGE a mis en place un atelier de d\u00e9couverte du <strong>japonais<\/strong>  \u00e0 destination des classes de 6\u00e8me : changement de perception garanti ! \u30e9<\/li>\n<\/ul>\n\n\n\n<div class=\"wp-block-columns is-layout-flex wp-container-core-columns-is-layout-9d6595d7 wp-block-columns-is-layout-flex\">\n<div class=\"wp-block-column is-layout-flow wp-block-column-is-layout-flow\" style=\"flex-basis:33.33%\">\n<ul class=\"wp-block-list\">\n<li>Mme MASSE et Mme CISE ont co anim\u00e9 un atelier autour des expressions idiomatiques : manipulation d&rsquo;images \u00e0 associer \u00e0 des expressions \u00e9taient au programme, en<strong> langues fran\u00e7aise et anglaise<\/strong> ! <\/li>\n<\/ul>\n<\/div>\n\n\n\n<div class=\"wp-block-column is-layout-flow wp-block-column-is-layout-flow\" style=\"flex-basis:66.66%\">\n<figure class=\"wp-block-gallery has-nested-images columns-default is-cropped wp-block-gallery-3 is-layout-flex wp-block-gallery-is-layout-flex\">\n<figure class=\"wp-block-image size-large\"><img decoding=\"async\" data-id=\"231254\" src=\"https:\/\/etab.ac-reunion.fr\/clg-beausejour\/wp-content\/uploads\/sites\/84\/2023\/01\/a82d10e0-da16-4dca-85ea-b461592f0d68-3-1024x767.jpg\" alt=\"\" class=\"wp-image-231254\" \/><figcaption class=\"wp-element-caption\">Jeux sur les expressions idiomatiques<\/figcaption><\/figure>\n<\/figure>\n<\/div>\n<\/div>\n\n\n\n<figure class=\"wp-block-gallery has-nested-images columns-default is-cropped wp-block-gallery-4 is-layout-flex wp-block-gallery-is-layout-flex\">\n<figure class=\"wp-block-image size-large\"><img loading=\"lazy\" decoding=\"async\" width=\"616\" height=\"1024\" data-id=\"231265\" src=\"https:\/\/etab.ac-reunion.fr\/clg-beausejour\/wp-content\/uploads\/sites\/84\/2023\/01\/08c7e4ff-6058-47da-8c78-7d3fbbcef255-3-616x1024.jpg\" alt=\"\" class=\"wp-image-231265\" srcset=\"https:\/\/etab.ac-reunion.fr\/clg-beausejour\/wp-content\/uploads\/sites\/84\/2023\/01\/08c7e4ff-6058-47da-8c78-7d3fbbcef255-3-616x1024.jpg 616w, https:\/\/etab.ac-reunion.fr\/clg-beausejour\/wp-content\/uploads\/sites\/84\/2023\/01\/08c7e4ff-6058-47da-8c78-7d3fbbcef255-3-480x797.jpg 480w\" sizes=\"(min-width: 0px) and (max-width: 480px) 480px, (min-width: 481px) 616px, 100vw\" \/><\/figure>\n\n\n\n<figure class=\"wp-block-image size-large\"><img loading=\"lazy\" decoding=\"async\" width=\"634\" height=\"1024\" data-id=\"231266\" src=\"https:\/\/etab.ac-reunion.fr\/clg-beausejour\/wp-content\/uploads\/sites\/84\/2023\/01\/a2bb557d-543c-4897-92ba-d0250059ff94-3-634x1024.jpg\" alt=\"\" class=\"wp-image-231266\" srcset=\"https:\/\/etab.ac-reunion.fr\/clg-beausejour\/wp-content\/uploads\/sites\/84\/2023\/01\/a2bb557d-543c-4897-92ba-d0250059ff94-3-634x1024.jpg 634w, https:\/\/etab.ac-reunion.fr\/clg-beausejour\/wp-content\/uploads\/sites\/84\/2023\/01\/a2bb557d-543c-4897-92ba-d0250059ff94-3-480x776.jpg 480w\" sizes=\"(min-width: 0px) and (max-width: 480px) 480px, (min-width: 481px) 634px, 100vw\" \/><\/figure>\n<figcaption class=\"blocks-gallery-caption wp-element-caption\">Atelier en co-animation<\/figcaption><\/figure>\n\n\n\n<p><\/p>\n\n\n\n<ul class=\"wp-block-list\">\n<li>Les \u00e9l\u00e8ves de 6\u00e8me se sont amus\u00e9 \u00e0 lib\u00e9rer l&rsquo;\u00e9toile de No\u00ebl, en jouant \u00e0 l&rsquo;<em>Escape Game<\/em> r\u00e9alis\u00e9 par Mme DEVEAUX,<strong> en  anglais<\/strong>. <\/li>\n<\/ul>\n\n\n\n<p><\/p>\n\n\n\n<ul class=\"wp-block-list\">\n<li>Dans la cour, en permanence et au CDI, la classe de 306 a expos\u00e9 ses r\u00e9alisations faites avec Mme CLOTAGATILDE autour <strong>des pays hispanophones<\/strong>. <\/li>\n<\/ul>\n\n\n\n<figure class=\"wp-block-gallery has-nested-images columns-default is-cropped wp-block-gallery-5 is-layout-flex wp-block-gallery-is-layout-flex\">\n<figure class=\"wp-block-image size-large\"><img loading=\"lazy\" decoding=\"async\" width=\"1024\" height=\"768\" data-id=\"231239\" src=\"https:\/\/etab.ac-reunion.fr\/clg-beausejour\/wp-content\/uploads\/sites\/84\/2023\/01\/IMG_0103-1024x768.png\" alt=\"\" class=\"wp-image-231239\" srcset=\"https:\/\/etab.ac-reunion.fr\/clg-beausejour\/wp-content\/uploads\/sites\/84\/2023\/01\/IMG_0103-980x735.png 980w, https:\/\/etab.ac-reunion.fr\/clg-beausejour\/wp-content\/uploads\/sites\/84\/2023\/01\/IMG_0103-480x360.png 480w\" sizes=\"(min-width: 0px) and (max-width: 480px) 480px, (min-width: 481px) and (max-width: 980px) 980px, (min-width: 981px) 1024px, 100vw\" \/><figcaption class=\"wp-element-caption\">Drapeaux r\u00e9alis\u00e9s par les 306<\/figcaption><\/figure>\n\n\n\n<figure class=\"wp-block-image size-large\"><img loading=\"lazy\" decoding=\"async\" width=\"768\" height=\"1024\" data-id=\"231241\" src=\"https:\/\/etab.ac-reunion.fr\/clg-beausejour\/wp-content\/uploads\/sites\/84\/2023\/01\/IMG_0109-768x1024.png\" alt=\"\" class=\"wp-image-231241\" \/><\/figure>\n\n\n\n<figure class=\"wp-block-image size-large\"><img loading=\"lazy\" decoding=\"async\" width=\"1024\" height=\"768\" data-id=\"231240\" src=\"https:\/\/etab.ac-reunion.fr\/clg-beausejour\/wp-content\/uploads\/sites\/84\/2023\/01\/IMG_0112-1024x768.png\" alt=\"\" class=\"wp-image-231240\" srcset=\"https:\/\/etab.ac-reunion.fr\/clg-beausejour\/wp-content\/uploads\/sites\/84\/2023\/01\/IMG_0112-980x735.png 980w, https:\/\/etab.ac-reunion.fr\/clg-beausejour\/wp-content\/uploads\/sites\/84\/2023\/01\/IMG_0112-480x360.png 480w\" sizes=\"(min-width: 0px) and (max-width: 480px) 480px, (min-width: 481px) and (max-width: 980px) 980px, (min-width: 981px) 1024px, 100vw\" \/><figcaption class=\"wp-element-caption\">Drapeaux des pays hispanophones<\/figcaption><\/figure>\n<\/figure>\n\n\n\n<p><\/p>\n\n\n\n<ul class=\"wp-block-list\">\n<li>Mme DUPRAT a anim\u00e9 un jeu de <em>Bingo de las palabras<\/em> (Bingo de mots) 100% <strong>espagnol <\/strong>. <\/li>\n<\/ul>\n\n\n\n<figure class=\"wp-block-gallery has-nested-images columns-default is-cropped wp-block-gallery-6 is-layout-flex wp-block-gallery-is-layout-flex\">\n<figure class=\"wp-block-image size-large\"><img loading=\"lazy\" decoding=\"async\" width=\"1024\" height=\"768\" data-id=\"231260\" src=\"https:\/\/etab.ac-reunion.fr\/clg-beausejour\/wp-content\/uploads\/sites\/84\/2023\/01\/IMG_0818-1024x768.jpg\" alt=\"\" class=\"wp-image-231260\" srcset=\"https:\/\/etab.ac-reunion.fr\/clg-beausejour\/wp-content\/uploads\/sites\/84\/2023\/01\/IMG_0818-980x735.jpg 980w, https:\/\/etab.ac-reunion.fr\/clg-beausejour\/wp-content\/uploads\/sites\/84\/2023\/01\/IMG_0818-480x360.jpg 480w\" sizes=\"(min-width: 0px) and (max-width: 480px) 480px, (min-width: 481px) and (max-width: 980px) 980px, (min-width: 981px) 1024px, 100vw\" \/><figcaption class=\"wp-element-caption\">Bingo de palabras<\/figcaption><\/figure>\n\n\n\n<figure class=\"wp-block-image size-large\"><img loading=\"lazy\" decoding=\"async\" width=\"1024\" height=\"768\" data-id=\"231261\" src=\"https:\/\/etab.ac-reunion.fr\/clg-beausejour\/wp-content\/uploads\/sites\/84\/2023\/01\/IMG_0817-1024x768.jpg\" alt=\"\" class=\"wp-image-231261\" srcset=\"https:\/\/etab.ac-reunion.fr\/clg-beausejour\/wp-content\/uploads\/sites\/84\/2023\/01\/IMG_0817-980x735.jpg 980w, https:\/\/etab.ac-reunion.fr\/clg-beausejour\/wp-content\/uploads\/sites\/84\/2023\/01\/IMG_0817-480x360.jpg 480w\" sizes=\"(min-width: 0px) and (max-width: 480px) 480px, (min-width: 481px) and (max-width: 980px) 980px, (min-width: 981px) 1024px, 100vw\" \/><figcaption class=\"wp-element-caption\">Bingo de palabras<\/figcaption><\/figure>\n<\/figure>\n\n\n\n<p><\/p>\n\n\n\n<ul class=\"wp-block-list\">\n<li>Mme LAINE a propos\u00e9 aux \u00e9l\u00e8ves de 6\u00e8me une d\u00e9couverte de<strong> la<\/strong> <strong>langue espagnole<\/strong> \u00e0 travers l&rsquo;\u00e9vocation de ses origines latines et des jeux de prononciation. <\/li>\n<\/ul>\n\n\n\n<p><\/p>\n\n\n\n<div class=\"wp-block-columns is-layout-flex wp-container-core-columns-is-layout-9d6595d7 wp-block-columns-is-layout-flex\">\n<div class=\"wp-block-column is-layout-flow wp-block-column-is-layout-flow\" style=\"flex-basis:66.66%\">\n<figure class=\"wp-block-image size-large\"><img loading=\"lazy\" decoding=\"async\" width=\"1024\" height=\"767\" src=\"https:\/\/etab.ac-reunion.fr\/clg-beausejour\/wp-content\/uploads\/sites\/84\/2023\/01\/7901f51d-8ad5-41e0-9657-c3d73745e66b-1024x767.jpg\" alt=\"\" class=\"wp-image-231255\" srcset=\"https:\/\/etab.ac-reunion.fr\/clg-beausejour\/wp-content\/uploads\/sites\/84\/2023\/01\/7901f51d-8ad5-41e0-9657-c3d73745e66b-980x734.jpg 980w, https:\/\/etab.ac-reunion.fr\/clg-beausejour\/wp-content\/uploads\/sites\/84\/2023\/01\/7901f51d-8ad5-41e0-9657-c3d73745e66b-480x359.jpg 480w\" sizes=\"(min-width: 0px) and (max-width: 480px) 480px, (min-width: 481px) and (max-width: 980px) 980px, (min-width: 981px) 1024px, 100vw\" \/><\/figure>\n<\/div>\n\n\n\n<div class=\"wp-block-column is-layout-flow wp-block-column-is-layout-flow\" style=\"flex-basis:33.33%\">\n<ul class=\"wp-block-list\">\n<li>M. JOLIVET a amen\u00e9 les \u00e9l\u00e8ves \u00e0 se questionner sur un comportement responsable autour du d\u00e9veloppement durable en <strong>anglais<\/strong>.<\/li>\n<\/ul>\n<\/div>\n<\/div>\n\n\n\n<div class=\"wp-block-columns is-layout-flex wp-container-core-columns-is-layout-9d6595d7 wp-block-columns-is-layout-flex\">\n<div class=\"wp-block-column is-layout-flow wp-block-column-is-layout-flow\" style=\"flex-basis:33.33%\">\n<ul class=\"wp-block-list\">\n<li>En musique et sur les tablettes, Mme CLOTAGATILDE a emmen\u00e9 les 6\u00e8me faire un tour du monde <strong>des pays hispanophones<\/strong>.<\/li>\n<\/ul>\n<\/div>\n\n\n\n<div class=\"wp-block-column is-layout-flow wp-block-column-is-layout-flow\" style=\"flex-basis:66.66%\">\n<figure class=\"wp-block-gallery has-nested-images columns-default is-cropped wp-block-gallery-7 is-layout-flex wp-block-gallery-is-layout-flex\">\n<figure class=\"wp-block-image size-large\"><img loading=\"lazy\" decoding=\"async\" width=\"1024\" height=\"768\" data-id=\"231259\" src=\"https:\/\/etab.ac-reunion.fr\/clg-beausejour\/wp-content\/uploads\/sites\/84\/2023\/01\/IMG_0819-1-1024x768.jpg\" alt=\"\" class=\"wp-image-231259\" srcset=\"https:\/\/etab.ac-reunion.fr\/clg-beausejour\/wp-content\/uploads\/sites\/84\/2023\/01\/IMG_0819-1-980x735.jpg 980w, https:\/\/etab.ac-reunion.fr\/clg-beausejour\/wp-content\/uploads\/sites\/84\/2023\/01\/IMG_0819-1-480x360.jpg 480w\" sizes=\"(min-width: 0px) and (max-width: 480px) 480px, (min-width: 481px) and (max-width: 980px) 980px, (min-width: 981px) 1024px, 100vw\" \/><figcaption class=\"wp-element-caption\">Un Kahoot sur les pays hispanophones<\/figcaption><\/figure>\n<\/figure>\n<\/div>\n<\/div>\n\n\n\n<p>A l&rsquo;ann\u00e9e prochaine pour une semaine riche en langues vivantes !<\/p>\n","protected":false},"excerpt":{"rendered":"<p>La semaine pr\u00e9c\u00e9dant les vacances de d\u00e9cembre a laiss\u00e9 place \u00e0 la Semaine des langues vivantes. Du 12 au 16 d\u00e9cembre, les langues ont ainsi \u00e9t\u00e9 c\u00e9l\u00e9br\u00e9es : expositions au CDI, ateliers de d\u00e9couvertes culturelles, ateliers d&rsquo;initiation linguistique&#8230; Zoom sur une semaine d&rsquo;immersion linguistique ! A l&rsquo;ann\u00e9e prochaine pour une semaine riche en langues vivantes [&hellip;]<\/p>\n","protected":false},"author":32867,"featured_media":0,"comment_status":"closed","ping_status":"","sticky":false,"template":"","format":"standard","meta":{"_et_pb_use_builder":"","_et_pb_old_content":"","_et_gb_content_width":"","footnotes":""},"categories":[65],"tags":[],"class_list":["post-231230","post","type-post","status-publish","format-standard","hentry","category-a-la-une"],"_links":{"self":[{"href":"https:\/\/etab.ac-reunion.fr\/clg-beausejour\/wp-json\/wp\/v2\/posts\/231230","targetHints":{"allow":["GET"]}}],"collection":[{"href":"https:\/\/etab.ac-reunion.fr\/clg-beausejour\/wp-json\/wp\/v2\/posts"}],"about":[{"href":"https:\/\/etab.ac-reunion.fr\/clg-beausejour\/wp-json\/wp\/v2\/types\/post"}],"author":[{"embeddable":true,"href":"https:\/\/etab.ac-reunion.fr\/clg-beausejour\/wp-json\/wp\/v2\/users\/32867"}],"replies":[{"embeddable":true,"href":"https:\/\/etab.ac-reunion.fr\/clg-beausejour\/wp-json\/wp\/v2\/comments?post=231230"}],"version-history":[{"count":21,"href":"https:\/\/etab.ac-reunion.fr\/clg-beausejour\/wp-json\/wp\/v2\/posts\/231230\/revisions"}],"predecessor-version":[{"id":231280,"href":"https:\/\/etab.ac-reunion.fr\/clg-beausejour\/wp-json\/wp\/v2\/posts\/231230\/revisions\/231280"}],"wp:attachment":[{"href":"https:\/\/etab.ac-reunion.fr\/clg-beausejour\/wp-json\/wp\/v2\/media?parent=231230"}],"wp:term":[{"taxonomy":"category","embeddable":true,"href":"https:\/\/etab.ac-reunion.fr\/clg-beausejour\/wp-json\/wp\/v2\/categories?post=231230"},{"taxonomy":"post_tag","embeddable":true,"href":"https:\/\/etab.ac-reunion.fr\/clg-beausejour\/wp-json\/wp\/v2\/tags?post=231230"}],"curies":[{"name":"wp","href":"https:\/\/api.w.org\/{rel}","templated":true}]}}