{"id":231599,"date":"2024-09-09T08:54:10","date_gmt":"2024-09-09T04:54:10","guid":{"rendered":"https:\/\/etab.ac-reunion.fr\/clg-beausejour\/?p=231599"},"modified":"2024-09-09T08:54:28","modified_gmt":"2024-09-09T04:54:28","slug":"journees-du-patrimoine","status":"publish","type":"post","link":"https:\/\/etab.ac-reunion.fr\/clg-beausejour\/journees-du-patrimoine\/","title":{"rendered":"Journ\u00e9es du patrimoine"},"content":{"rendered":"\n<figure class=\"wp-block-image size-full\"><img loading=\"lazy\" decoding=\"async\" width=\"762\" height=\"491\" src=\"https:\/\/etab.ac-reunion.fr\/clg-beausejour\/wp-content\/uploads\/sites\/84\/2024\/09\/9268-les-journees-europeennes-du-patrimoine-de-l-ouest-2024-673758276.jpg\" alt=\"\" class=\"wp-image-231600\" srcset=\"https:\/\/etab.ac-reunion.fr\/clg-beausejour\/wp-content\/uploads\/sites\/84\/2024\/09\/9268-les-journees-europeennes-du-patrimoine-de-l-ouest-2024-673758276.jpg 762w, https:\/\/etab.ac-reunion.fr\/clg-beausejour\/wp-content\/uploads\/sites\/84\/2024\/09\/9268-les-journees-europeennes-du-patrimoine-de-l-ouest-2024-673758276-480x309.jpg 480w\" sizes=\"(min-width: 0px) and (max-width: 480px) 480px, (min-width: 481px) 762px, 100vw\" \/><\/figure>\n\n\n\n<p><strong>Les 21 et 22 septembre se d\u00e9roulent, partout en France, les journ\u00e9es europ\u00e9ennes\u00a0du patrimoine.<\/strong><\/p>\n\n\n\n<p>Une occasion de d\u00e9couvrir en famille ou entre amis les tr\u00e9sors culturels de la R\u00e9union : balades guid\u00e9es, mus\u00e9es gratuits, spectacles, expositions\u00a0ou encore d\u00e9couvertes de lieux habituellement interdits au public, il y aura de quoi faire lors de ce week-end (certaines sorties sont propos\u00e9es d\u00e8s le vendredi 20!).<\/p>\n\n\n\n<p>Pour acc\u00e9der au programme complet :&nbsp;<a href=\"https:\/\/journeesdupatrimoine.culture.gouv.fr\/programme#\/search@-21.1001229,55.5174593,10.21\">https:\/\/journeesdupatrimoine.culture.gouv.fr\/programme#\/search@-21.1001229,55.5174593,10.21<\/a><\/p>\n\n\n\n<p>N&rsquo;h\u00e9sitez pas \u00e0 vous inscrire rapidement aux ateliers qui vous int\u00e9ressent \ud83d\ude42<\/p>\n","protected":false},"excerpt":{"rendered":"<p>Les 21 et 22 septembre se d\u00e9roulent, partout en France, les journ\u00e9es europ\u00e9ennes\u00a0du patrimoine. Une occasion de d\u00e9couvrir en famille ou entre amis les tr\u00e9sors culturels de la R\u00e9union : balades guid\u00e9es, mus\u00e9es gratuits, spectacles, expositions\u00a0ou encore d\u00e9couvertes de lieux habituellement interdits au public, il y aura de quoi faire lors de ce week-end (certaines [&hellip;]<\/p>\n","protected":false},"author":35309,"featured_media":0,"comment_status":"closed","ping_status":"","sticky":false,"template":"","format":"standard","meta":{"_et_pb_use_builder":"","_et_pb_old_content":"","_et_gb_content_width":"","footnotes":""},"categories":[65,70],"tags":[73,99,100,101,90],"class_list":["post-231599","post","type-post","status-publish","format-standard","hentry","category-a-la-une","category-cdi","tag-cdi","tag-culture","tag-musee","tag-patrimoine","tag-sortie"],"_links":{"self":[{"href":"https:\/\/etab.ac-reunion.fr\/clg-beausejour\/wp-json\/wp\/v2\/posts\/231599","targetHints":{"allow":["GET"]}}],"collection":[{"href":"https:\/\/etab.ac-reunion.fr\/clg-beausejour\/wp-json\/wp\/v2\/posts"}],"about":[{"href":"https:\/\/etab.ac-reunion.fr\/clg-beausejour\/wp-json\/wp\/v2\/types\/post"}],"author":[{"embeddable":true,"href":"https:\/\/etab.ac-reunion.fr\/clg-beausejour\/wp-json\/wp\/v2\/users\/35309"}],"replies":[{"embeddable":true,"href":"https:\/\/etab.ac-reunion.fr\/clg-beausejour\/wp-json\/wp\/v2\/comments?post=231599"}],"version-history":[{"count":1,"href":"https:\/\/etab.ac-reunion.fr\/clg-beausejour\/wp-json\/wp\/v2\/posts\/231599\/revisions"}],"predecessor-version":[{"id":231601,"href":"https:\/\/etab.ac-reunion.fr\/clg-beausejour\/wp-json\/wp\/v2\/posts\/231599\/revisions\/231601"}],"wp:attachment":[{"href":"https:\/\/etab.ac-reunion.fr\/clg-beausejour\/wp-json\/wp\/v2\/media?parent=231599"}],"wp:term":[{"taxonomy":"category","embeddable":true,"href":"https:\/\/etab.ac-reunion.fr\/clg-beausejour\/wp-json\/wp\/v2\/categories?post=231599"},{"taxonomy":"post_tag","embeddable":true,"href":"https:\/\/etab.ac-reunion.fr\/clg-beausejour\/wp-json\/wp\/v2\/tags?post=231599"}],"curies":[{"name":"wp","href":"https:\/\/api.w.org\/{rel}","templated":true}]}}