{"id":231619,"date":"2024-11-05T11:28:30","date_gmt":"2024-11-05T07:28:30","guid":{"rendered":"https:\/\/etab.ac-reunion.fr\/clg-beausejour\/?p=231619"},"modified":"2024-11-05T11:28:30","modified_gmt":"2024-11-05T07:28:30","slug":"journee-non-au-harcelement-le-programme","status":"publish","type":"post","link":"https:\/\/etab.ac-reunion.fr\/clg-beausejour\/journee-non-au-harcelement-le-programme\/","title":{"rendered":"Journ\u00e9e NON au harc\u00e8lement : le programme"},"content":{"rendered":"\n<p>Le 7 novembre se d\u00e9roule la journ\u00e9e NON au harc\u00e8lement. Le coll\u00e8ge et ses ambassadeurs s&rsquo;engagent dans cette lutte. Voici le programme de cette journ\u00e9e :<\/p>\n\n\n\n<figure class=\"wp-block-image size-large\"><img loading=\"lazy\" decoding=\"async\" width=\"724\" height=\"1024\" src=\"https:\/\/etab.ac-reunion.fr\/clg-beausejour\/wp-content\/uploads\/sites\/84\/2024\/11\/NON-au-harcelement-724x1024.png\" alt=\"\" class=\"wp-image-231620\" \/><\/figure>\n","protected":false},"excerpt":{"rendered":"<p>Le 7 novembre se d\u00e9roule la journ\u00e9e NON au harc\u00e8lement. Le coll\u00e8ge et ses ambassadeurs s&rsquo;engagent dans cette lutte. Voici le programme de cette journ\u00e9e :<\/p>\n","protected":false},"author":35309,"featured_media":0,"comment_status":"closed","ping_status":"","sticky":false,"template":"","format":"standard","meta":{"_et_pb_use_builder":"","_et_pb_old_content":"","_et_gb_content_width":"","footnotes":""},"categories":[65,70],"tags":[104,73,105,103,77,102],"class_list":["post-231619","post","type-post","status-publish","format-standard","hentry","category-a-la-une","category-cdi","tag-ambassadeurs","tag-cdi","tag-dress-code","tag-lutte-contre-le-harcelement","tag-non-au-harcelement","tag-vie-scoalire"],"_links":{"self":[{"href":"https:\/\/etab.ac-reunion.fr\/clg-beausejour\/wp-json\/wp\/v2\/posts\/231619","targetHints":{"allow":["GET"]}}],"collection":[{"href":"https:\/\/etab.ac-reunion.fr\/clg-beausejour\/wp-json\/wp\/v2\/posts"}],"about":[{"href":"https:\/\/etab.ac-reunion.fr\/clg-beausejour\/wp-json\/wp\/v2\/types\/post"}],"author":[{"embeddable":true,"href":"https:\/\/etab.ac-reunion.fr\/clg-beausejour\/wp-json\/wp\/v2\/users\/35309"}],"replies":[{"embeddable":true,"href":"https:\/\/etab.ac-reunion.fr\/clg-beausejour\/wp-json\/wp\/v2\/comments?post=231619"}],"version-history":[{"count":1,"href":"https:\/\/etab.ac-reunion.fr\/clg-beausejour\/wp-json\/wp\/v2\/posts\/231619\/revisions"}],"predecessor-version":[{"id":231621,"href":"https:\/\/etab.ac-reunion.fr\/clg-beausejour\/wp-json\/wp\/v2\/posts\/231619\/revisions\/231621"}],"wp:attachment":[{"href":"https:\/\/etab.ac-reunion.fr\/clg-beausejour\/wp-json\/wp\/v2\/media?parent=231619"}],"wp:term":[{"taxonomy":"category","embeddable":true,"href":"https:\/\/etab.ac-reunion.fr\/clg-beausejour\/wp-json\/wp\/v2\/categories?post=231619"},{"taxonomy":"post_tag","embeddable":true,"href":"https:\/\/etab.ac-reunion.fr\/clg-beausejour\/wp-json\/wp\/v2\/tags?post=231619"}],"curies":[{"name":"wp","href":"https:\/\/api.w.org\/{rel}","templated":true}]}}