{"id":231745,"date":"2026-01-21T18:05:17","date_gmt":"2026-01-21T14:05:17","guid":{"rendered":"https:\/\/etab.ac-reunion.fr\/clg-beausejour\/?p=231745"},"modified":"2026-01-21T18:22:18","modified_gmt":"2026-01-21T14:22:18","slug":"visite-a-la-base-aerienne-181-roland-garros","status":"publish","type":"post","link":"https:\/\/etab.ac-reunion.fr\/clg-beausejour\/visite-a-la-base-aerienne-181-roland-garros\/","title":{"rendered":"Visite \u00e0 la base a\u00e9rienne 181 Roland Garros"},"content":{"rendered":"\n<p class=\"has-text-align-center\">Une matin\u00e9e exceptionnelle \u00e0 la base a\u00e9rienne 181 Roland Garros<\/p>\n\n\n\n<p class=\"has-text-align-center\">Le g\u00e9n\u00e9ral commandant sup\u00e9rieur des forces arm\u00e9es dans la zone sud de l\u2019oc\u00e9an indien et le lieutenant colonel commandant la base a\u00e9rienne 181 \u00ab lieutenant Roland Garros \u00bb ont invit\u00e9 un groupe d\u2019\u00e9l\u00e8ves du coll\u00e8ge \u00ab Le Beaus\u00e9jour \u00bb suivant la formation B.I.A \u00ab Brevet d\u2019Initiation A\u00e9ronautique \u00bb \u00e0 une pr\u00e9sentation des a\u00e9ronefs dans le cadre de l\u2019exercice<\/p>\n\n\n\n<p class=\"has-text-align-center\">\u00ab SAWABI 3 \u00bb le mardi 16 d\u00e9cembre 2025.<\/p>\n\n\n\n<p>Apr\u00e8s l\u2019acceuil des participants, suivi du discour du commandant sup\u00e8rieur des forces arm\u00e9es, les \u00e9l\u00e8ves ont pu visit\u00e9 :<\/p>\n\n\n\n<h1 class=\"wp-block-heading\">&#8211;&nbsp;&nbsp;&nbsp; le ravitailleur A 330 MRTT \u00ab Ph\u00e9nix \u00bb.<\/h1>\n\n\n\n<figure class=\"wp-block-image size-full\"><img loading=\"lazy\" decoding=\"async\" width=\"664\" height=\"174\" src=\"https:\/\/etab.ac-reunion.fr\/clg-beausejour\/wp-content\/uploads\/sites\/84\/2026\/01\/Image1.jpg\" alt=\"\" class=\"wp-image-231752\" srcset=\"https:\/\/etab.ac-reunion.fr\/clg-beausejour\/wp-content\/uploads\/sites\/84\/2026\/01\/Image1.jpg 664w, https:\/\/etab.ac-reunion.fr\/clg-beausejour\/wp-content\/uploads\/sites\/84\/2026\/01\/Image1-480x126.jpg 480w\" sizes=\"(min-width: 0px) and (max-width: 480px) 480px, (min-width: 481px) 664px, 100vw\" \/><\/figure>\n\n\n\n<ul class=\"wp-block-list\">\n<li>S\u2019install\u00e9s dans la cabine de pilotage du A 330 MRTT \u00e0 c\u00f4t\u00e9 du commandant de bord.<\/li>\n\n\n\n<li>Voir les diff\u00e9rents instruments de vol.<\/li>\n\n\n\n<li>Poser de nombreuses questions.<\/li>\n\n\n\n<li>Discuter avec diff\u00e9rents personnels qui assurent le vol.<\/li>\n<\/ul>\n\n\n\n<figure class=\"wp-block-image size-large\"><img loading=\"lazy\" decoding=\"async\" width=\"1024\" height=\"615\" src=\"https:\/\/etab.ac-reunion.fr\/clg-beausejour\/wp-content\/uploads\/sites\/84\/2026\/01\/Image2-1024x615.png\" alt=\"\" class=\"wp-image-231753\" srcset=\"https:\/\/etab.ac-reunion.fr\/clg-beausejour\/wp-content\/uploads\/sites\/84\/2026\/01\/Image2-980x588.png 980w, https:\/\/etab.ac-reunion.fr\/clg-beausejour\/wp-content\/uploads\/sites\/84\/2026\/01\/Image2-480x288.png 480w\" sizes=\"(min-width: 0px) and (max-width: 480px) 480px, (min-width: 481px) and (max-width: 980px) 980px, (min-width: 981px) 1024px, 100vw\" \/><\/figure>\n\n\n\n<figure class=\"wp-block-image size-large\"><img loading=\"lazy\" decoding=\"async\" width=\"1024\" height=\"1024\" src=\"https:\/\/etab.ac-reunion.fr\/clg-beausejour\/wp-content\/uploads\/sites\/84\/2026\/01\/Image4-1024x1024.png\" alt=\"\" class=\"wp-image-231754\" srcset=\"https:\/\/etab.ac-reunion.fr\/clg-beausejour\/wp-content\/uploads\/sites\/84\/2026\/01\/Image4-980x980.png 980w, https:\/\/etab.ac-reunion.fr\/clg-beausejour\/wp-content\/uploads\/sites\/84\/2026\/01\/Image4-480x480.png 480w\" sizes=\"(min-width: 0px) and (max-width: 480px) 480px, (min-width: 481px) and (max-width: 980px) 980px, (min-width: 981px) 1024px, 100vw\" \/><\/figure>\n\n\n\n<ul class=\"wp-block-list\">\n<li>\u00a0D\u00e9couvrir deux avions de chasse de l\u2019Arm\u00e9e de l\u2019Air et de l\u2019Espace Mirage 2000 D et 2000-5, et l\u2019avion de transport CASA 235.<\/li>\n<\/ul>\n\n\n\n<figure class=\"wp-block-image size-large\"><img loading=\"lazy\" decoding=\"async\" width=\"1024\" height=\"301\" src=\"https:\/\/etab.ac-reunion.fr\/clg-beausejour\/wp-content\/uploads\/sites\/84\/2026\/01\/Image6-1024x301.png\" alt=\"\" class=\"wp-image-231755\" srcset=\"https:\/\/etab.ac-reunion.fr\/clg-beausejour\/wp-content\/uploads\/sites\/84\/2026\/01\/Image6-980x288.png 980w, https:\/\/etab.ac-reunion.fr\/clg-beausejour\/wp-content\/uploads\/sites\/84\/2026\/01\/Image6-480x141.png 480w\" sizes=\"(min-width: 0px) and (max-width: 480px) 480px, (min-width: 481px) and (max-width: 980px) 980px, (min-width: 981px) 1024px, 100vw\" \/><\/figure>\n\n\n\n<ul class=\"wp-block-list\">\n<li>Visit\u00e9 l\u2019 h\u00e9licopt\u00e8re de la marine nationale.<\/li>\n<\/ul>\n\n\n\n<figure class=\"wp-block-image size-full\"><img loading=\"lazy\" decoding=\"async\" width=\"410\" height=\"210\" src=\"https:\/\/etab.ac-reunion.fr\/clg-beausejour\/wp-content\/uploads\/sites\/84\/2026\/01\/Image7.jpg\" alt=\"\" class=\"wp-image-231756\" srcset=\"https:\/\/etab.ac-reunion.fr\/clg-beausejour\/wp-content\/uploads\/sites\/84\/2026\/01\/Image7.jpg 410w, https:\/\/etab.ac-reunion.fr\/clg-beausejour\/wp-content\/uploads\/sites\/84\/2026\/01\/Image7-300x154.jpg 300w\" sizes=\"(max-width: 410px) 100vw, 410px\" \/><\/figure>\n\n\n\n<p>Plusieurs notions vues en cours du BIA ont \u00e9t\u00e9 abort\u00e9es de mani\u00e8res concr\u00e8tes :<\/p>\n\n\n\n<ul class=\"wp-block-list\">\n<li>Diff\u00e9rentes types d\u2019empenages et d\u2019ailes. Leurs caract\u00e9ristiques<\/li>\n\n\n\n<li>Diff\u00e9rents train d\u2019atterrissage, classique, tricycle.<\/li>\n\n\n\n<li>Le tube de Pitot vu \u00e0 l\u2019avant du Mirage et la perche de rivitaillement.<\/li>\n\n\n\n<li>Le turbor\u00e9acteur et le turbopropulseur,<\/li>\n<\/ul>\n\n\n\n<p>Pour nos \u00e9l\u00e8ves, cette matin\u00e9e \u00e0 \u00e9t\u00e9 exceptionnelle. Impressionn\u00e9s par le materiel sophistiqu\u00e9, et tr\u00e8s richesse en connaissances a\u00e9ronautiques.<\/p>\n\n\n\n<p>Tous ont manisfest\u00e9s une enti\u00e8re satisfaction. Ce fut pour eux une matin\u00e9e inoubliable. La matin\u00e9e s\u2019est termin\u00e9e par un buffet offert gracieusement par la base a\u00e9rienne 181.<\/p>\n\n\n\n<p>Nous remercions tout le&nbsp;&nbsp; personnel de la base a\u00e9rienne 181 de l\u2019Arm\u00e9e de l\u2019Air et de l\u2019Espace pour l\u2019acceuil et la remarquable d\u00e9monstration.<\/p>\n\n\n\n<p class=\"has-text-align-center\">Nul doute que cette journ\u00e9e m\u00e9morable, suscitera chez nos jeunes des vocations professionnelles.<\/p>\n","protected":false},"excerpt":{"rendered":"<p>Une matin\u00e9e exceptionnelle \u00e0 la base a\u00e9rienne 181 Roland Garros Le g\u00e9n\u00e9ral commandant sup\u00e9rieur des forces arm\u00e9es dans la zone sud de l\u2019oc\u00e9an indien et le lieutenant colonel commandant la base a\u00e9rienne 181 \u00ab lieutenant Roland Garros \u00bb ont invit\u00e9 un groupe d\u2019\u00e9l\u00e8ves du coll\u00e8ge \u00ab Le Beaus\u00e9jour \u00bb suivant la formation B.I.A \u00ab Brevet [&hellip;]<\/p>\n","protected":false},"author":19616,"featured_media":0,"comment_status":"closed","ping_status":"closed","sticky":false,"template":"","format":"standard","meta":{"_et_pb_use_builder":"off","_et_pb_old_content":"","_et_gb_content_width":"","footnotes":""},"categories":[65],"tags":[],"class_list":["post-231745","post","type-post","status-publish","format-standard","hentry","category-a-la-une"],"_links":{"self":[{"href":"https:\/\/etab.ac-reunion.fr\/clg-beausejour\/wp-json\/wp\/v2\/posts\/231745","targetHints":{"allow":["GET"]}}],"collection":[{"href":"https:\/\/etab.ac-reunion.fr\/clg-beausejour\/wp-json\/wp\/v2\/posts"}],"about":[{"href":"https:\/\/etab.ac-reunion.fr\/clg-beausejour\/wp-json\/wp\/v2\/types\/post"}],"author":[{"embeddable":true,"href":"https:\/\/etab.ac-reunion.fr\/clg-beausejour\/wp-json\/wp\/v2\/users\/19616"}],"replies":[{"embeddable":true,"href":"https:\/\/etab.ac-reunion.fr\/clg-beausejour\/wp-json\/wp\/v2\/comments?post=231745"}],"version-history":[{"count":4,"href":"https:\/\/etab.ac-reunion.fr\/clg-beausejour\/wp-json\/wp\/v2\/posts\/231745\/revisions"}],"predecessor-version":[{"id":231757,"href":"https:\/\/etab.ac-reunion.fr\/clg-beausejour\/wp-json\/wp\/v2\/posts\/231745\/revisions\/231757"}],"wp:attachment":[{"href":"https:\/\/etab.ac-reunion.fr\/clg-beausejour\/wp-json\/wp\/v2\/media?parent=231745"}],"wp:term":[{"taxonomy":"category","embeddable":true,"href":"https:\/\/etab.ac-reunion.fr\/clg-beausejour\/wp-json\/wp\/v2\/categories?post=231745"},{"taxonomy":"post_tag","embeddable":true,"href":"https:\/\/etab.ac-reunion.fr\/clg-beausejour\/wp-json\/wp\/v2\/tags?post=231745"}],"curies":[{"name":"wp","href":"https:\/\/api.w.org\/{rel}","templated":true}]}}