{"id":231826,"date":"2026-04-14T14:18:35","date_gmt":"2026-04-14T10:18:35","guid":{"rendered":"https:\/\/etab.ac-reunion.fr\/clg-beausejour\/?p=231826"},"modified":"2026-04-14T14:18:35","modified_gmt":"2026-04-14T10:18:35","slug":"journee-nah-au-cdi","status":"publish","type":"post","link":"https:\/\/etab.ac-reunion.fr\/clg-beausejour\/journee-nah-au-cdi\/","title":{"rendered":"Journ\u00e9e NAH au CDI"},"content":{"rendered":"\n<p>Le 7 novembre dernier c&rsquo;\u00e9tait la journ\u00e9e NON AU HARCELEMENT au coll\u00e8ge. A cette occasion, plusieurs activit\u00e9s ont \u00e9t\u00e9 propos\u00e9s aux \u00e9l\u00e8ves pour comprendre ce qu&rsquo;est le harc\u00e8lement et comment lutter contre ce dernier.<\/p>\n\n\n\n<p>AU CDI les \u00e9l\u00e8ves ont pu :<\/p>\n\n\n\n<ul class=\"wp-block-list\">\n<li>Regarder l&rsquo;exposition \u00ab\u00a0Non au cyberharc\u00e8lement!\u00a0\u00bb \u00e0 retrouver <a href=\"https:\/\/canva.link\/1o9prjava2dsdc9\">ici<\/a>.<\/li>\n\n\n\n<li>R\u00e9pondre \u00e0 un<a href=\"https:\/\/canva.link\/c1g1jqjj7p3r1s4\"> quizz Vrai\/Faux en lien avec l&rsquo;exposition<\/a>.<\/li>\n\n\n\n<li>Participer au mur d&rsquo;expression sur le th\u00e8me \u00ab\u00a0Pour lutter contre le cyberharc\u00e8lement je m&rsquo;engage \u00e0&#8230;\u00a0\u00bb<\/li>\n<\/ul>\n\n\n\n<p>Retour en image sur les activit\u00e9s propos\u00e9s au CDI :<\/p>\n\n\n\n<figure class=\"wp-block-gallery has-nested-images columns-default is-cropped wp-block-gallery-1 is-layout-flex wp-block-gallery-is-layout-flex\">\n<figure class=\"wp-block-image size-large\"><img loading=\"lazy\" decoding=\"async\" width=\"1024\" height=\"578\" data-id=\"231832\" src=\"https:\/\/etab.ac-reunion.fr\/clg-beausejour\/wp-content\/uploads\/sites\/84\/2026\/04\/20251106_080715-1024x578.jpg\" alt=\"\" class=\"wp-image-231832\" srcset=\"https:\/\/etab.ac-reunion.fr\/clg-beausejour\/wp-content\/uploads\/sites\/84\/2026\/04\/20251106_080715-980x553.jpg 980w, https:\/\/etab.ac-reunion.fr\/clg-beausejour\/wp-content\/uploads\/sites\/84\/2026\/04\/20251106_080715-480x271.jpg 480w\" sizes=\"(min-width: 0px) and (max-width: 480px) 480px, (min-width: 481px) and (max-width: 980px) 980px, (min-width: 981px) 1024px, 100vw\" \/><figcaption class=\"wp-element-caption\">Quizz sur l&rsquo;exposition : vrai ou faux<\/figcaption><\/figure>\n\n\n\n<figure class=\"wp-block-image size-large\"><img loading=\"lazy\" decoding=\"async\" width=\"576\" height=\"1024\" data-id=\"231827\" src=\"https:\/\/etab.ac-reunion.fr\/clg-beausejour\/wp-content\/uploads\/sites\/84\/2026\/04\/20251106_083726-576x1024.jpg\" alt=\"\" class=\"wp-image-231827\" \/><figcaption class=\"wp-element-caption\">Mur collaboratif : \u00ab\u00a0Pour lutter contre le cyberharc\u00e8lement je m&rsquo;engage \u00e0 &#8230;\u00a0\u00bb<\/figcaption><\/figure>\n\n\n\n<figure class=\"wp-block-image size-large\"><img loading=\"lazy\" decoding=\"async\" width=\"1024\" height=\"576\" data-id=\"231830\" src=\"https:\/\/etab.ac-reunion.fr\/clg-beausejour\/wp-content\/uploads\/sites\/84\/2026\/04\/20251106_085758-1024x576.jpg\" alt=\"\" class=\"wp-image-231830\" srcset=\"https:\/\/etab.ac-reunion.fr\/clg-beausejour\/wp-content\/uploads\/sites\/84\/2026\/04\/20251106_085758-980x551.jpg 980w, https:\/\/etab.ac-reunion.fr\/clg-beausejour\/wp-content\/uploads\/sites\/84\/2026\/04\/20251106_085758-480x270.jpg 480w\" sizes=\"(min-width: 0px) and (max-width: 480px) 480px, (min-width: 481px) and (max-width: 980px) 980px, (min-width: 981px) 1024px, 100vw\" \/><figcaption class=\"wp-element-caption\">Exposition sur le cyberharc\u00e8lement<\/figcaption><\/figure>\n\n\n\n<figure class=\"wp-block-image size-large\"><img loading=\"lazy\" decoding=\"async\" width=\"1024\" height=\"576\" data-id=\"231828\" src=\"https:\/\/etab.ac-reunion.fr\/clg-beausejour\/wp-content\/uploads\/sites\/84\/2026\/04\/20251106_085806-1024x576.jpg\" alt=\"\" class=\"wp-image-231828\" srcset=\"https:\/\/etab.ac-reunion.fr\/clg-beausejour\/wp-content\/uploads\/sites\/84\/2026\/04\/20251106_085806-980x551.jpg 980w, https:\/\/etab.ac-reunion.fr\/clg-beausejour\/wp-content\/uploads\/sites\/84\/2026\/04\/20251106_085806-480x270.jpg 480w\" sizes=\"(min-width: 0px) and (max-width: 480px) 480px, (min-width: 481px) and (max-width: 980px) 980px, (min-width: 981px) 1024px, 100vw\" \/><figcaption class=\"wp-element-caption\">Exposition sur le cyberharc\u00e8lement<\/figcaption><\/figure>\n\n\n\n<figure class=\"wp-block-image size-large\"><img loading=\"lazy\" decoding=\"async\" width=\"1024\" height=\"766\" data-id=\"231829\" src=\"https:\/\/etab.ac-reunion.fr\/clg-beausejour\/wp-content\/uploads\/sites\/84\/2026\/04\/20251106_090432-1024x766.jpg\" alt=\"\" class=\"wp-image-231829\" srcset=\"https:\/\/etab.ac-reunion.fr\/clg-beausejour\/wp-content\/uploads\/sites\/84\/2026\/04\/20251106_090432-980x733.jpg 980w, https:\/\/etab.ac-reunion.fr\/clg-beausejour\/wp-content\/uploads\/sites\/84\/2026\/04\/20251106_090432-480x359.jpg 480w\" sizes=\"(min-width: 0px) and (max-width: 480px) 480px, (min-width: 481px) and (max-width: 980px) 980px, (min-width: 981px) 1024px, 100vw\" \/><figcaption class=\"wp-element-caption\">Vrai ou Faux? C&rsquo;est parfois compliqu\u00e9 de choisir<\/figcaption><\/figure>\n\n\n\n<figure class=\"wp-block-image size-large\"><img loading=\"lazy\" decoding=\"async\" width=\"1024\" height=\"576\" data-id=\"231831\" src=\"https:\/\/etab.ac-reunion.fr\/clg-beausejour\/wp-content\/uploads\/sites\/84\/2026\/04\/20251106_090448-1024x576.jpg\" alt=\"\" class=\"wp-image-231831\" srcset=\"https:\/\/etab.ac-reunion.fr\/clg-beausejour\/wp-content\/uploads\/sites\/84\/2026\/04\/20251106_090448-980x551.jpg 980w, https:\/\/etab.ac-reunion.fr\/clg-beausejour\/wp-content\/uploads\/sites\/84\/2026\/04\/20251106_090448-480x270.jpg 480w\" sizes=\"(min-width: 0px) and (max-width: 480px) 480px, (min-width: 481px) and (max-width: 980px) 980px, (min-width: 981px) 1024px, 100vw\" \/><figcaption class=\"wp-element-caption\">Quizz sur l&rsquo;exposition : Vrai \u00e0 droite, Faux \u00e0 gauche<\/figcaption><\/figure>\n\n\n\n<figure class=\"wp-block-image size-large\"><img loading=\"lazy\" decoding=\"async\" width=\"576\" height=\"1024\" data-id=\"231833\" src=\"https:\/\/etab.ac-reunion.fr\/clg-beausejour\/wp-content\/uploads\/sites\/84\/2026\/04\/20251106_093106-576x1024.jpg\" alt=\"\" class=\"wp-image-231833\" \/><figcaption class=\"wp-element-caption\">Mur collaboratif : \u00ab\u00a0Pour lutter contre le cyberharc\u00e8lement je m&rsquo;engage \u00e0 &#8230;\u00a0\u00bb<\/figcaption><\/figure>\n<\/figure>\n","protected":false},"excerpt":{"rendered":"<p>Le 7 novembre dernier c&rsquo;\u00e9tait la journ\u00e9e NON AU HARCELEMENT au coll\u00e8ge. A cette occasion, plusieurs activit\u00e9s ont \u00e9t\u00e9 propos\u00e9s aux \u00e9l\u00e8ves pour comprendre ce qu&rsquo;est le harc\u00e8lement et comment lutter contre ce dernier. AU CDI les \u00e9l\u00e8ves ont pu : Retour en image sur les activit\u00e9s propos\u00e9s au CDI :<\/p>\n","protected":false},"author":35309,"featured_media":0,"comment_status":"closed","ping_status":"","sticky":false,"template":"","format":"standard","meta":{"_et_pb_use_builder":"","_et_pb_old_content":"","_et_gb_content_width":"","footnotes":""},"categories":[65],"tags":[],"class_list":["post-231826","post","type-post","status-publish","format-standard","hentry","category-a-la-une"],"_links":{"self":[{"href":"https:\/\/etab.ac-reunion.fr\/clg-beausejour\/wp-json\/wp\/v2\/posts\/231826","targetHints":{"allow":["GET"]}}],"collection":[{"href":"https:\/\/etab.ac-reunion.fr\/clg-beausejour\/wp-json\/wp\/v2\/posts"}],"about":[{"href":"https:\/\/etab.ac-reunion.fr\/clg-beausejour\/wp-json\/wp\/v2\/types\/post"}],"author":[{"embeddable":true,"href":"https:\/\/etab.ac-reunion.fr\/clg-beausejour\/wp-json\/wp\/v2\/users\/35309"}],"replies":[{"embeddable":true,"href":"https:\/\/etab.ac-reunion.fr\/clg-beausejour\/wp-json\/wp\/v2\/comments?post=231826"}],"version-history":[{"count":1,"href":"https:\/\/etab.ac-reunion.fr\/clg-beausejour\/wp-json\/wp\/v2\/posts\/231826\/revisions"}],"predecessor-version":[{"id":231834,"href":"https:\/\/etab.ac-reunion.fr\/clg-beausejour\/wp-json\/wp\/v2\/posts\/231826\/revisions\/231834"}],"wp:attachment":[{"href":"https:\/\/etab.ac-reunion.fr\/clg-beausejour\/wp-json\/wp\/v2\/media?parent=231826"}],"wp:term":[{"taxonomy":"category","embeddable":true,"href":"https:\/\/etab.ac-reunion.fr\/clg-beausejour\/wp-json\/wp\/v2\/categories?post=231826"},{"taxonomy":"post_tag","embeddable":true,"href":"https:\/\/etab.ac-reunion.fr\/clg-beausejour\/wp-json\/wp\/v2\/tags?post=231826"}],"curies":[{"name":"wp","href":"https:\/\/api.w.org\/{rel}","templated":true}]}}