{"id":231835,"date":"2026-04-22T09:26:01","date_gmt":"2026-04-22T05:26:01","guid":{"rendered":"https:\/\/etab.ac-reunion.fr\/clg-beausejour\/?p=231835"},"modified":"2026-04-22T09:26:01","modified_gmt":"2026-04-22T05:26:01","slug":"internet-et-donnees-personnelles-apprendre-les-bons-reflexes","status":"publish","type":"post","link":"https:\/\/etab.ac-reunion.fr\/clg-beausejour\/internet-et-donnees-personnelles-apprendre-les-bons-reflexes\/","title":{"rendered":"Internet et donn\u00e9es personnelles : apprendre les bons r\u00e9flexes"},"content":{"rendered":"\n<p>Pour vous \u00e0 adopter les bons r\u00e9flexes en ligne, la <a href=\"https:\/\/www.cnil.fr\/fr\">CNIL <\/a>(Commission Nationale de l&rsquo;Informatique et des Libert\u00e9s) propose des ressources sp\u00e9cialement con\u00e7ues pour les coll\u00e8giens.<\/p>\n\n\n\n<p>De mani\u00e8re simple et ludique, ces supports permettent de mieux comprendre :<\/p>\n\n\n\n<ul class=\"wp-block-list\">\n<li>ce que deviennent nos <strong>donn\u00e9es personnelles<\/strong>,<\/li>\n\n\n\n<li>comment prot\u00e9ger son <strong>identit\u00e9 en ligne<\/strong>,<\/li>\n\n\n\n<li>quels sont nos <strong>droits sur Internet<\/strong>,<\/li>\n\n\n\n<li>et comment d\u00e9velopper son <strong>esprit critique<\/strong> face aux contenus num\u00e9riques.<\/li>\n<\/ul>\n\n\n\n<p><strong>Plusieurs outils sont disponibles :<\/strong><\/p>\n\n\n\n<ul class=\"wp-block-list\">\n<li><a href=\"https:\/\/www.cnil.fr\/sites\/cnil\/files\/2025-03\/carte_un_ocean_de_donnees.pdf\">une carte  <em>\u00ab Un oc\u00e9an de donn\u00e9es \u00bb<\/em><\/a><\/li>\n\n\n\n<li><a href=\"https:\/\/www.cnil.fr\/sites\/cnil\/files\/2025-03\/fiche_mission_un_ocean_de_donnees.pdf\">une fiche mission pour r\u00e9fl\u00e9chir et \u00e9changer (ne triche pas et regarde les r\u00e9ponses une fois ta mission accomplie!)<\/a><\/li>\n\n\n\n<li>des livrets th\u00e9matiques : <a href=\"https:\/\/www.cnil.fr\/sites\/cnil\/files\/2025-03\/livret_un_ocean_de_donnees.pdf\">pour les \u00e9l\u00e8ves<\/a>, <a href=\"https:\/\/www.cnil.fr\/sites\/cnil\/files\/2025-03\/livret_adultes_un_ocean_de_donnees.pdf\">pour les parents<\/a> et <a href=\"https:\/\/www.cnil.fr\/sites\/cnil\/files\/2025-03\/livret_version_dys_un_ocean_de_donnees.pdf\">une version dys<\/a><\/li>\n\n\n\n<li><a href=\"https:\/\/video.cnil.fr\/w\/eAfTpsmb4mePo4RYK8ZdT9\">un podcast pour aller plus loin<\/a><\/li>\n<\/ul>\n\n\n\n<p>Ils sont aussi disponibles en version papier au <strong>CDI<\/strong>.<\/p>\n\n\n\n<hr class=\"wp-block-separator has-alpha-channel-opacity\" \/>\n\n\n\n<h3 class=\"wp-block-heading\">\u00c0 d\u00e9couvrir aussi : une BD pour apprendre autrement<\/h3>\n\n\n\n<p>Le livre <em>\u00ab L\u2019Agence Privacy : le r\u00e9seau fant\u00f4me \u00bb<\/em> permet d\u2019aborder les dangers du num\u00e9rique \u00e0 travers une histoire captivante : piratage, r\u00e9seaux sociaux, vie priv\u00e9e\u2026<\/p>\n\n\n\n<p>\ud83d\udccd Disponible au CDI<br \/><a href=\"https:\/\/www.cnil.fr\/fr\/reseaufantome\">\ud83d\udcbb Accessible aussi en ligne sur le site de la CNIL<\/a><\/p>\n\n\n\n<p><\/p>\n","protected":false},"excerpt":{"rendered":"<p>Pour vous \u00e0 adopter les bons r\u00e9flexes en ligne, la CNIL (Commission Nationale de l&rsquo;Informatique et des Libert\u00e9s) propose des ressources sp\u00e9cialement con\u00e7ues pour les coll\u00e8giens. De mani\u00e8re simple et ludique, ces supports permettent de mieux comprendre : Plusieurs outils sont disponibles : Ils sont aussi disponibles en version papier au CDI. \u00c0 d\u00e9couvrir aussi [&hellip;]<\/p>\n","protected":false},"author":35309,"featured_media":231836,"comment_status":"closed","ping_status":"","sticky":false,"template":"","format":"standard","meta":{"_et_pb_use_builder":"","_et_pb_old_content":"","_et_gb_content_width":"","footnotes":""},"categories":[65,70],"tags":[73,116,115,117],"class_list":["post-231835","post","type-post","status-publish","format-standard","has-post-thumbnail","hentry","category-a-la-une","category-cdi","tag-cdi","tag-cnil","tag-numerique","tag-reseaux-sociaux"],"_links":{"self":[{"href":"https:\/\/etab.ac-reunion.fr\/clg-beausejour\/wp-json\/wp\/v2\/posts\/231835","targetHints":{"allow":["GET"]}}],"collection":[{"href":"https:\/\/etab.ac-reunion.fr\/clg-beausejour\/wp-json\/wp\/v2\/posts"}],"about":[{"href":"https:\/\/etab.ac-reunion.fr\/clg-beausejour\/wp-json\/wp\/v2\/types\/post"}],"author":[{"embeddable":true,"href":"https:\/\/etab.ac-reunion.fr\/clg-beausejour\/wp-json\/wp\/v2\/users\/35309"}],"replies":[{"embeddable":true,"href":"https:\/\/etab.ac-reunion.fr\/clg-beausejour\/wp-json\/wp\/v2\/comments?post=231835"}],"version-history":[{"count":1,"href":"https:\/\/etab.ac-reunion.fr\/clg-beausejour\/wp-json\/wp\/v2\/posts\/231835\/revisions"}],"predecessor-version":[{"id":231837,"href":"https:\/\/etab.ac-reunion.fr\/clg-beausejour\/wp-json\/wp\/v2\/posts\/231835\/revisions\/231837"}],"wp:featuredmedia":[{"embeddable":true,"href":"https:\/\/etab.ac-reunion.fr\/clg-beausejour\/wp-json\/wp\/v2\/media\/231836"}],"wp:attachment":[{"href":"https:\/\/etab.ac-reunion.fr\/clg-beausejour\/wp-json\/wp\/v2\/media?parent=231835"}],"wp:term":[{"taxonomy":"category","embeddable":true,"href":"https:\/\/etab.ac-reunion.fr\/clg-beausejour\/wp-json\/wp\/v2\/categories?post=231835"},{"taxonomy":"post_tag","embeddable":true,"href":"https:\/\/etab.ac-reunion.fr\/clg-beausejour\/wp-json\/wp\/v2\/tags?post=231835"}],"curies":[{"name":"wp","href":"https:\/\/api.w.org\/{rel}","templated":true}]}}