{"id":231856,"date":"2026-04-28T14:12:48","date_gmt":"2026-04-28T10:12:48","guid":{"rendered":"https:\/\/etab.ac-reunion.fr\/clg-beausejour\/?p=231856"},"modified":"2026-04-28T14:27:27","modified_gmt":"2026-04-28T10:27:27","slug":"des-nouveautes-pour-les-vacances","status":"publish","type":"post","link":"https:\/\/etab.ac-reunion.fr\/clg-beausejour\/des-nouveautes-pour-les-vacances\/","title":{"rendered":"Des nouveaut\u00e9s pour les vacances !"},"content":{"rendered":"\n<p>Et si vous profitiez des vacances pour vous d\u00e9connecter et lire un peu?<\/p>\n\n\n\n<p>Retrouvez au CDI une ENORME s\u00e9lection de nouveaut\u00e9s  : <a href=\"https:\/\/9741323v.esidoc.fr\/site\/nouveautes-pour-les-vacances-de-mai\">https:\/\/9741323v.esidoc.fr\/site\/nouveautes-pour-les-vacances-de-mai<\/a><\/p>\n\n\n\n<p>Et toujours la formule \u00ab\u00a0Plus de livres pour les vacances\u00a0\u00bb : comme son nom l&rsquo;indique, vous pouvez emprunter plus de 3 livres!<\/p>\n\n\n\n<pre class=\"wp-block-code\"><code>This XML file does not appear to have any style information associated with it. The document tree is shown below.\n&lt;rss xmlns:xsi=\"http:\/\/www.w3.org\/2001\/XMLSchema-instance\" xmlns:exist=\"http:\/\/exist.sourceforge.net\/NS\/exist\" xmlns:marc=\"http:\/\/www.loc.gov\/MARC21\/slim\" xmlns:dc=\"http:\/\/purl.org\/dc\/elements\/1.1\/\" xmlns:dcterms=\"http:\/\/purl.org\/dc\/terms\/\" xmlns:opensearch=\"http:\/\/a9.com\/-\/spec\/opensearch\/1.1\/\" version=\"2.0\"&gt;\n&lt;channel&gt;\n&lt;title&gt;\n&lt;!&#091;CDATA&#091; Nouveaut&amp;eacute;s pour les vacances de mai ! ]]&gt;\n&lt;\/title&gt;\n&lt;link&gt;https:\/\/9741323V.esidoc.fr\/9741323V\/contenu\/nouveautes-pour-les-vacances-de-mai&lt;\/link&gt;\n&lt;language&gt;fr&lt;\/language&gt;\n&lt;pubDate&gt;2026-04-28 12:12:10&lt;\/pubDate&gt;\n&lt;generator&gt;e-sidoc Webservice&lt;\/generator&gt;\n&lt;dc:identifier&gt;https:\/\/9741323V.esidoc.fr\/9741323V\/contenus\/nouveautes-pour-les-vacances-de-mai.rss&lt;\/dc:identifier&gt;\n&lt;dcterms:alternative xsi:type=\"URI\"&gt;https:\/\/9741323V.esidoc.fr\/9741323V\/contenus\/nouveautes-pour-les-vacances-de-mai.rss&lt;\/dcterms:alternative&gt;\n&lt;description&gt;\n&lt;!&#091;CDATA&#091; ]]&gt;\n&lt;\/description&gt;\n&lt;image&gt;\n&lt;url&gt;https:\/\/frontend.esidoc.fr\/img\/favicon-96x96.png&lt;\/url&gt;\n&lt;width&gt;96&lt;\/width&gt;\n&lt;height&gt;96&lt;\/height&gt;\n&lt;link&gt;https:\/\/9741323V.esidoc.fr\/9741323V\/contenu\/nouveautes-pour-les-vacances-de-mai&lt;\/link&gt;\n&lt;title&gt;\n&lt;!&#091;CDATA&#091; e-sidoc ]]&gt;\n&lt;\/title&gt;\n&lt;description&gt;\n&lt;!&#091;CDATA&#091; e-sidoc ]]&gt;\n&lt;\/description&gt;\n&lt;\/image&gt;\n&lt;opensearch:count&gt;46&lt;\/opensearch:count&gt;\n&lt;item&gt;\n&lt;auteur&gt;\n&lt;!&#091;CDATA&#091; Everett, Sarah ]]&gt;\n&lt;\/auteur&gt;\n&lt;auteur&gt;\n&lt;!&#091;CDATA&#091; Bouvard, Laurence ]]&gt;\n&lt;\/auteur&gt;\n&lt;category&gt;\n&lt;!&#091;CDATA&#091; Sentimental ]]&gt;\n&lt;\/category&gt;\n&lt;dc:creator&gt;\n&lt;!&#091;CDATA&#091; Everett, Sarah ]]&gt;\n&lt;\/dc:creator&gt;\n&lt;dc:creator&gt;\n&lt;!&#091;CDATA&#091; Bouvard, Laurence ]]&gt;\n&lt;\/dc:creator&gt;\n&lt;dc:ean&gt;\n&lt;!&#091;CDATA&#091; 9791036348877 ]]&gt;\n&lt;\/dc:ean&gt;\n&lt;dc:format&gt;\n&lt;!&#091;CDATA&#091; Livre ]]&gt;\n&lt;\/dc:format&gt;\n&lt;dc:identifier&gt;9741323v_7676&lt;\/dc:identifier&gt;\n&lt;dc:isbn&gt;\n&lt;!&#091;CDATA&#091; 979-10-363-4887-7 ]]&gt;\n&lt;\/dc:isbn&gt;\n&lt;dc:language&gt;\n&lt;!&#091;CDATA&#091; Fran\u00e7ais ]]&gt;\n&lt;\/dc:language&gt;\n&lt;dc:nature&gt;\n&lt;!&#091;CDATA&#091; Roman ]]&gt;\n&lt;\/dc:nature&gt;\n&lt;dc:publisher&gt;\n&lt;!&#091;CDATA&#091; Bayard ]]&gt;\n&lt;\/dc:publisher&gt;\n&lt;description&gt;\n&lt;!&#091;CDATA&#091; Parfois, l'amour na\u00eet sans qu'on se l'explique. On ne partage ni la chair ni le sang, on n'a aucune obligation l'un envers l'autre, et pourtant, on s'aime. L'autre devient votre foyer. Avant, Jessi savait ce que \u00e7a faisait d'avoir une famille, m\u00eame si ce n'\u00e9tait pas vraiment la sienne. Elle avait les Cohen : Rowan, son meilleur ami, Luke, le grand fr\u00e8re de ce dernier, et Mel, leur m\u00e8re qui l'avait un peu adopt\u00e9e elle aussi. Mais maintenant, tout a chang\u00e9. Rowan n'est plus l\u00e0, Luke la d\u00e9teste d'avoir bris\u00e9 sa famille et le combat contre le cancer de Mel semble perdu. Jessi s'occupe comme elle peut pour fuir la r\u00e9alit\u00e9, jusqu'\u00e0 ce que Luke lui demande de pr\u00e9tendre qu'ils sont ensemble pour rendre Mel heureuse. ]]&gt;\n&lt;\/description&gt;\n&lt;enclosure url=\"https:\/\/images-e.esidoc.fr\/-1399\/789\/9791036348877.jpg?d=20240903080128\"\/&gt;\n&lt;guid isPermaLink=\"true\"&gt;\n&lt;!&#091;CDATA&#091; https:\/\/9741323v.esidoc.fr\/document\/id_9741323v_7676.html ]]&gt;\n&lt;\/guid&gt;\n&lt;link&gt;\n&lt;!&#091;CDATA&#091; https:\/\/9741323v.esidoc.fr\/document\/id_9741323v_7676.html ]]&gt;\n&lt;\/link&gt;\n&lt;pubDate&gt;\n&lt;!&#091;CDATA&#091; 2024 ]]&gt;\n&lt;\/pubDate&gt;\n&lt;title&gt;\n&lt;!&#091;CDATA&#091; Before we kissed. ]]&gt;\n&lt;\/title&gt;\n&lt;\/item&gt;\n&lt;item&gt;\n&lt;auteur&gt;\n&lt;!&#091;CDATA&#091; Lincoln, Beth ]]&gt;\n&lt;\/auteur&gt;\n&lt;auteur&gt;\n&lt;!&#091;CDATA&#091; Powell, Claire ]]&gt;\n&lt;\/auteur&gt;\n&lt;auteur&gt;\n&lt;!&#091;CDATA&#091; Moreau, \u00c9ric ]]&gt;\n&lt;\/auteur&gt;\n&lt;category&gt;\n&lt;!&#091;CDATA&#091; Policier ]]&gt;\n&lt;\/category&gt;\n&lt;dc:creator&gt;\n&lt;!&#091;CDATA&#091; Lincoln, Beth ]]&gt;\n&lt;\/dc:creator&gt;\n&lt;dc:creator&gt;\n&lt;!&#091;CDATA&#091; Powell, Claire ]]&gt;\n&lt;\/dc:creator&gt;\n&lt;dc:creator&gt;\n&lt;!&#091;CDATA&#091; Moreau, \u00c9ric ]]&gt;\n&lt;\/dc:creator&gt;\n&lt;dc:ean&gt;\n&lt;!&#091;CDATA&#091; 9791036342158 ]]&gt;\n&lt;\/dc:ean&gt;\n&lt;dc:format&gt;\n&lt;!&#091;CDATA&#091; Livre ]]&gt;\n&lt;\/dc:format&gt;\n&lt;dc:identifier&gt;9741323v_7675&lt;\/dc:identifier&gt;\n&lt;dc:isbn&gt;\n&lt;!&#091;CDATA&#091; 979-10-363-4215-8 ]]&gt;\n&lt;\/dc:isbn&gt;\n&lt;dc:language&gt;\n&lt;!&#091;CDATA&#091; Fran\u00e7ais ]]&gt;\n&lt;\/dc:language&gt;\n&lt;dc:nature&gt;\n&lt;!&#091;CDATA&#091; Roman ]]&gt;\n&lt;\/dc:nature&gt;\n&lt;dc:publisher&gt;\n&lt;!&#091;CDATA&#091; Bayard jeunesse ]]&gt;\n&lt;\/dc:publisher&gt;\n&lt;description&gt;\n&lt;!&#091;CDATA&#091; Le jour de sa naissance, chaque Swift passe devant le Dictionnaire familial. C'est lui qui attribue au nouveau-n\u00e9 un pr\u00e9nom et une d\u00e9finition. Une d\u00e9finition \u00e0 laquelle il devra correspondre, bien s\u00fbr.Manigance Swift s'appr\u00eate \u00e0 participer \u00e0 la chasse au tr\u00e9sor perdu d'un de ses anc\u00eatres. L'\u00e9v\u00e8nement aura lieu lors de la grande Assembl\u00e9e familiale. Elle est ravie de rencontrer tous ces Swift qui affluent au manoir o\u00f9 elle vit. Enfin... jusqu'\u00e0 ce que l'un d'eux pousse l'architante Schadenfreude dans l'escalier et la laisse pour morte.Bien d\u00e9cid\u00e9e \u00e0 prouver qu'elle n'est pas uniquement dou\u00e9e pour pr\u00e9parer des mauvais coups, Manigance se lance dans l'enqu\u00eate ! ]]&gt;\n&lt;\/description&gt;\n&lt;enclosure url=\"https:\/\/images-e.esidoc.fr\/-1399\/974\/9791036342158.jpg?d=20240926171827\"\/&gt;\n&lt;guid isPermaLink=\"true\"&gt;\n&lt;!&#091;CDATA&#091; https:\/\/9741323v.esidoc.fr\/document\/id_9741323v_7675.html ]]&gt;\n&lt;\/guid&gt;\n&lt;link&gt;\n&lt;!&#091;CDATA&#091; https:\/\/9741323v.esidoc.fr\/document\/id_9741323v_7675.html ]]&gt;\n&lt;\/link&gt;\n&lt;pubDate&gt;\n&lt;!&#091;CDATA&#091; 2024 ]]&gt;\n&lt;\/pubDate&gt;\n&lt;title&gt;\n&lt;!&#091;CDATA&#091; La famille Swift : Meurtres au manoir (1) ]]&gt;\n&lt;\/title&gt;\n&lt;\/item&gt;\n&lt;item&gt;\n&lt;auteur&gt;\n&lt;!&#091;CDATA&#091; Nail, Guillaume ]]&gt;\n&lt;\/auteur&gt;\n&lt;auteur&gt;\n&lt;!&#091;CDATA&#091; Guarino, Aur\u00e9lie ]]&gt;\n&lt;\/auteur&gt;\n&lt;category&gt;\n&lt;!&#091;CDATA&#091; Fait de soci\u00e9t\u00e9 ]]&gt;\n&lt;\/category&gt;\n&lt;dc:creator&gt;\n&lt;!&#091;CDATA&#091; Nail, Guillaume ]]&gt;\n&lt;\/dc:creator&gt;\n&lt;dc:creator&gt;\n&lt;!&#091;CDATA&#091; Guarino, Aur\u00e9lie ]]&gt;\n&lt;\/dc:creator&gt;\n&lt;dc:ean&gt;\n&lt;!&#091;CDATA&#091; 9782408049058 ]]&gt;\n&lt;\/dc:ean&gt;\n&lt;dc:format&gt;\n&lt;!&#091;CDATA&#091; Livre ]]&gt;\n&lt;\/dc:format&gt;\n&lt;dc:identifier&gt;9741323v_7755&lt;\/dc:identifier&gt;\n&lt;dc:isbn&gt;\n&lt;!&#091;CDATA&#091; 978-2-408-04905-8 ]]&gt;\n&lt;\/dc:isbn&gt;\n&lt;dc:language&gt;\n&lt;!&#091;CDATA&#091; Fran\u00e7ais ]]&gt;\n&lt;\/dc:language&gt;\n&lt;dc:nature&gt;\n&lt;!&#091;CDATA&#091; Roman ]]&gt;\n&lt;\/dc:nature&gt;\n&lt;dc:publisher&gt;\n&lt;!&#091;CDATA&#091; Milan ]]&gt;\n&lt;\/dc:publisher&gt;\n&lt;description&gt;\n&lt;!&#091;CDATA&#091; Vous allez cr\u00e9er un podcast. Avec pour th\u00e9matique, la lutte contre les discriminations. Tout le monde sait ce que c'est? Cette fois, c'est s\u00fbr, la dame du CDI a eu la PIRE id\u00e9e du monde. Pour ce travail de groupe, Mindy, la miss je-sais-tout, se retrouve coinc\u00e9e avec Farika, une fille si discr\u00e8te que personne n'a jamais entendu le son de sa voix, et Roger, qui am\u00e8ne son doudou au coll\u00e8ge. C'est assur\u00e9ment le pire des trios de toutes les classes de sixi\u00e8me,et ce n'est pas gagn\u00e9 pour le travail d'\u00e9quipe ! ]]&gt;\n&lt;\/description&gt;\n&lt;enclosure url=\"https:\/\/images-e.esidoc.fr\/-1978\/523\/9782408049058.jpg?d=20250128111719\"\/&gt;\n&lt;guid isPermaLink=\"true\"&gt;\n&lt;!&#091;CDATA&#091; https:\/\/9741323v.esidoc.fr\/document\/id_9741323v_7755.html ]]&gt;\n&lt;\/guid&gt;\n&lt;link&gt;\n&lt;!&#091;CDATA&#091; https:\/\/9741323v.esidoc.fr\/document\/id_9741323v_7755.html ]]&gt;\n&lt;\/link&gt;\n&lt;pubDate&gt;\n&lt;!&#091;CDATA&#091; 2025 ]]&gt;\n&lt;\/pubDate&gt;\n&lt;title&gt;\n&lt;!&#091;CDATA&#091; Les podcasts de la lose ]]&gt;\n&lt;\/title&gt;\n&lt;\/item&gt;\n&lt;item&gt;\n&lt;auteur&gt;\n&lt;!&#091;CDATA&#091; Aalto, Anne-Maija ]]&gt;\n&lt;\/auteur&gt;\n&lt;auteur&gt;\n&lt;!&#091;CDATA&#091; Renquet, Laurianne ]]&gt;\n&lt;\/auteur&gt;\n&lt;category&gt;\n&lt;!&#091;CDATA&#091; Fait de soci\u00e9t\u00e9 ]]&gt;\n&lt;\/category&gt;\n&lt;dc:creator&gt;\n&lt;!&#091;CDATA&#091; Aalto, Anne-Maija ]]&gt;\n&lt;\/dc:creator&gt;\n&lt;dc:creator&gt;\n&lt;!&#091;CDATA&#091; Renquet, Laurianne ]]&gt;\n&lt;\/dc:creator&gt;\n&lt;dc:ean&gt;\n&lt;!&#091;CDATA&#091; 9782408046996 ]]&gt;\n&lt;\/dc:ean&gt;\n&lt;dc:format&gt;\n&lt;!&#091;CDATA&#091; Livre ]]&gt;\n&lt;\/dc:format&gt;\n&lt;dc:identifier&gt;9741323v_7673&lt;\/dc:identifier&gt;\n&lt;dc:isbn&gt;\n&lt;!&#091;CDATA&#091; 978-2-408-04699-6 ]]&gt;\n&lt;\/dc:isbn&gt;\n&lt;dc:language&gt;\n&lt;!&#091;CDATA&#091; Fran\u00e7ais ]]&gt;\n&lt;\/dc:language&gt;\n&lt;dc:nature&gt;\n&lt;!&#091;CDATA&#091; Roman ]]&gt;\n&lt;\/dc:nature&gt;\n&lt;dc:publisher&gt;\n&lt;!&#091;CDATA&#091; Milan ]]&gt;\n&lt;\/dc:publisher&gt;\n&lt;description&gt;\n&lt;!&#091;CDATA&#091; Alors que la mont\u00e9e des eaux a remodel\u00e9 le monde, Satomi, 18 ans, tente de survivre. Ayant grandi sur le territoire de l'Union, l'ancien Japon et consid\u00e9r\u00e9e comme une citoyenne \u00e9trang\u00e8re - sans droits, sans \u00e9ducation et vivant dans une grande pr\u00e9carit\u00e9 -, elle est parqu\u00e9e depuis toujours dans le village d'internement 55 o\u00f9 elle travaille sans rel\u00e2che. Alors que son amie Mai - avec qui elle r\u00eavait de libert\u00e9, d'une vie meilleure - est enlev\u00e9e pour devenir la nymphe d'un commandant de l'Union, Satomi se retrouve plus seule que jamais et perd espoir. Jusqu'\u00e0 ce qu'elle d\u00e9couvre qu'il y a longtemps, ses parents faisaient partie d'un collectif et qu'ils ont tent\u00e9 de se soulever contre le gouvernement et l'oppression. Un vent nouveau se l\u00e8ve alors dans le coeur de la jeune fille. Ne serait-il pas temps de raviver la flamme de la r\u00e9sistance, et de se battre pour sa propre libert\u00e9 ? ]]&gt;\n&lt;\/description&gt;\n&lt;enclosure url=\"https:\/\/images-e.esidoc.fr\/-1978\/604\/9782408046996.jpg?d=20241108141248\"\/&gt;\n&lt;guid isPermaLink=\"true\"&gt;\n&lt;!&#091;CDATA&#091; https:\/\/9741323v.esidoc.fr\/document\/id_9741323v_7673.html ]]&gt;\n&lt;\/guid&gt;\n&lt;link&gt;\n&lt;!&#091;CDATA&#091; https:\/\/9741323v.esidoc.fr\/document\/id_9741323v_7673.html ]]&gt;\n&lt;\/link&gt;\n&lt;pubDate&gt;\n&lt;!&#091;CDATA&#091; 2024 ]]&gt;\n&lt;\/pubDate&gt;\n&lt;title&gt;\n&lt;!&#091;CDATA&#091; Korento : l'envol. ]]&gt;\n&lt;\/title&gt;\n&lt;\/item&gt;\n&lt;item&gt;\n&lt;auteur&gt;\n&lt;!&#091;CDATA&#091; Fujimori, Kanna ]]&gt;\n&lt;\/auteur&gt;\n&lt;auteur&gt;\n&lt;!&#091;CDATA&#091; Noriyuki, Irisawa ]]&gt;\n&lt;\/auteur&gt;\n&lt;auteur&gt;\n&lt;!&#091;CDATA&#091; Nakamoto, Mami ]]&gt;\n&lt;\/auteur&gt;\n&lt;auteur&gt;\n&lt;!&#091;CDATA&#091; Manguin, Franck ]]&gt;\n&lt;\/auteur&gt;\n&lt;category&gt;\n&lt;!&#091;CDATA&#091; Historique ]]&gt;\n&lt;\/category&gt;\n&lt;category&gt;\n&lt;!&#091;CDATA&#091; V\u00e9cu ]]&gt;\n&lt;\/category&gt;\n&lt;dc:creator&gt;\n&lt;!&#091;CDATA&#091; Fujimori, Kanna ]]&gt;\n&lt;\/dc:creator&gt;\n&lt;dc:creator&gt;\n&lt;!&#091;CDATA&#091; Noriyuki, Irisawa ]]&gt;\n&lt;\/dc:creator&gt;\n&lt;dc:creator&gt;\n&lt;!&#091;CDATA&#091; Nakamoto, Mami ]]&gt;\n&lt;\/dc:creator&gt;\n&lt;dc:creator&gt;\n&lt;!&#091;CDATA&#091; Manguin, Franck ]]&gt;\n&lt;\/dc:creator&gt;\n&lt;dc:ean&gt;\n&lt;!&#091;CDATA&#091; 9791036365874 ]]&gt;\n&lt;\/dc:ean&gt;\n&lt;dc:format&gt;\n&lt;!&#091;CDATA&#091; Livre ]]&gt;\n&lt;\/dc:format&gt;\n&lt;dc:identifier&gt;9741323v_7361&lt;\/dc:identifier&gt;\n&lt;dc:isbn&gt;\n&lt;!&#091;CDATA&#091; 979-10-363-6587-4 ]]&gt;\n&lt;\/dc:isbn&gt;\n&lt;dc:language&gt;\n&lt;!&#091;CDATA&#091; Fran\u00e7ais ]]&gt;\n&lt;\/dc:language&gt;\n&lt;dc:nature&gt;\n&lt;!&#091;CDATA&#091; Manga ]]&gt;\n&lt;\/dc:nature&gt;\n&lt;dc:publisher&gt;\n&lt;!&#091;CDATA&#091; Bayard jeunesse ]]&gt;\n&lt;\/dc:publisher&gt;\n&lt;description&gt;\n&lt;!&#091;CDATA&#091; L'exploit de Neil Armstrong et la Mission Apollo 11 marquent un tournant dans l'histoire de l'humanit\u00e9. Une histoire fascinante racont\u00e9e en manga. \"Un petit pas pour l'homme, un grand pas pour l'humanit\u00e9\" Dans la nuit du 20 au 21 juillet 1969, pour la premi\u00e8re fois, un homme marche sur la Lune. Avant de partir avec la mission Apollo 11, l'am\u00e9ricain Neil Armstrong a longtemps r\u00eav\u00e9 de ce moment et s'est entra\u00een\u00e9 pendant des ann\u00e9es pour \u00eatre s\u00e9lectionn\u00e9 puis partir \u00e0 la conqu\u00eate de l'espace... L'Histoire en mangaApr\u00e8s le succ\u00e8s d'Anne Frank, ce cinqui\u00e8me tome du XXe si\u00e8cle en manga raconte le destin d'une autre grande personnalit\u00e9 qui a marqu\u00e9 l'histoire du monde. Les six chapitres sont compl\u00e9t\u00e9s par un dossier documentaire illustr\u00e9 par des photos d'archives. ]]&gt;\n&lt;\/description&gt;\n&lt;enclosure url=\"https:\/\/images-e.esidoc.fr\/-1398\/31\/9791036365874.jpg?d=20250325141312\"\/&gt;\n&lt;guid isPermaLink=\"true\"&gt;\n&lt;!&#091;CDATA&#091; https:\/\/9741323v.esidoc.fr\/document\/id_9741323v_7361.html ]]&gt;\n&lt;\/guid&gt;\n&lt;link&gt;\n&lt;!&#091;CDATA&#091; https:\/\/9741323v.esidoc.fr\/document\/id_9741323v_7361.html ]]&gt;\n&lt;\/link&gt;\n&lt;pubDate&gt;\n&lt;!&#091;CDATA&#091; 2025 ]]&gt;\n&lt;\/pubDate&gt;\n&lt;title&gt;\n&lt;!&#091;CDATA&#091; Neil Armstrong. ]]&gt;\n&lt;\/title&gt;\n&lt;\/item&gt;\n&lt;item&gt;\n&lt;auteur&gt;\n&lt;!&#091;CDATA&#091; Irolla, Ludivine ]]&gt;\n&lt;\/auteur&gt;\n&lt;category&gt;\n&lt;!&#091;CDATA&#091; Fantastique ]]&gt;\n&lt;\/category&gt;\n&lt;dc:creator&gt;\n&lt;!&#091;CDATA&#091; Irolla, Ludivine ]]&gt;\n&lt;\/dc:creator&gt;\n&lt;dc:ean&gt;\n&lt;!&#091;CDATA&#091; 9791036357404 ]]&gt;\n&lt;\/dc:ean&gt;\n&lt;dc:format&gt;\n&lt;!&#091;CDATA&#091; Livre ]]&gt;\n&lt;\/dc:format&gt;\n&lt;dc:identifier&gt;9741323v_7672&lt;\/dc:identifier&gt;\n&lt;dc:isbn&gt;\n&lt;!&#091;CDATA&#091; 979-10-363-5740-4 ]]&gt;\n&lt;\/dc:isbn&gt;\n&lt;dc:language&gt;\n&lt;!&#091;CDATA&#091; Fran\u00e7ais ]]&gt;\n&lt;\/dc:language&gt;\n&lt;dc:nature&gt;\n&lt;!&#091;CDATA&#091; Roman ]]&gt;\n&lt;\/dc:nature&gt;\n&lt;dc:publisher&gt;\n&lt;!&#091;CDATA&#091; Bayard ]]&gt;\n&lt;\/dc:publisher&gt;\n&lt;description&gt;\n&lt;!&#091;CDATA&#091; Quand les soeurs Wickwood, derni\u00e8res descendantes d'une dynastie d'occultistes royaux, sont convoqu\u00e9es au palais du nouveau souverain, Aloysius l'Attendu, elles comprennent que leur vie est sur le point de changer. Si M\u00e9dora se m\u00e9fie, sa soeur All\u00e9gra, r\u00e9duite \u00e0 l'\u00e9tat de spectre depuis sa mort dans l'incendie qui a emport\u00e9 le reste de la famille, est bien d\u00e9cid\u00e9e \u00e0 redorer le blason familial. Les deux soeurs s'engagent dans une aventure afin de retrouver le Livre des Mondes Obscurs \u00e9crit par leur anc\u00eatre, Aleister Wickwood qui les m\u00e8nera jusqu'aux confins du royaume. Mais quels secrets cache ce grimoire ? Seraient-ils li\u00e9s \u00e0 l'extermination du clan quelques ann\u00e9es plus t\u00f4t ? Toutes les v\u00e9rit\u00e9s ne sont pas bonnes \u00e0 savoir... ]]&gt;\n&lt;\/description&gt;\n&lt;enclosure url=\"https:\/\/images-e.esidoc.fr\/-1398\/899\/9791036357404.jpg?d=20240201110709\"\/&gt;\n&lt;guid isPermaLink=\"true\"&gt;\n&lt;!&#091;CDATA&#091; https:\/\/9741323v.esidoc.fr\/document\/id_9741323v_7672.html ]]&gt;\n&lt;\/guid&gt;\n&lt;link&gt;\n&lt;!&#091;CDATA&#091; https:\/\/9741323v.esidoc.fr\/document\/id_9741323v_7672.html ]]&gt;\n&lt;\/link&gt;\n&lt;pubDate&gt;\n&lt;!&#091;CDATA&#091; 2024 ]]&gt;\n&lt;\/pubDate&gt;\n&lt;title&gt;\n&lt;!&#091;CDATA&#091; Les soeurs Wickwood. ]]&gt;\n&lt;\/title&gt;\n&lt;\/item&gt;\n&lt;item&gt;\n&lt;auteur&gt;\n&lt;!&#091;CDATA&#091; Barroux ]]&gt;\n&lt;\/auteur&gt;\n&lt;category&gt;\n&lt;!&#091;CDATA&#091; Humour ]]&gt;\n&lt;\/category&gt;\n&lt;dc:creator&gt;\n&lt;!&#091;CDATA&#091; Barroux ]]&gt;\n&lt;\/dc:creator&gt;\n&lt;dc:ean&gt;\n&lt;!&#091;CDATA&#091; 9791023521962 ]]&gt;\n&lt;\/dc:ean&gt;\n&lt;dc:format&gt;\n&lt;!&#091;CDATA&#091; Livre ]]&gt;\n&lt;\/dc:format&gt;\n&lt;dc:identifier&gt;9741323v_7748&lt;\/dc:identifier&gt;\n&lt;dc:isbn&gt;\n&lt;!&#091;CDATA&#091; 979-10-235-2196-2 ]]&gt;\n&lt;\/dc:isbn&gt;\n&lt;dc:language&gt;\n&lt;!&#091;CDATA&#091; Fran\u00e7ais ]]&gt;\n&lt;\/dc:language&gt;\n&lt;dc:nature&gt;\n&lt;!&#091;CDATA&#091; Album ]]&gt;\n&lt;\/dc:nature&gt;\n&lt;dc:publisher&gt;\n&lt;!&#091;CDATA&#091; Seuil jeunesse ]]&gt;\n&lt;\/dc:publisher&gt;\n&lt;description&gt;\n&lt;!&#091;CDATA&#091; Le roi s'ennuie. Rien n'y fait, rien ne le distrait. Mais voil\u00e0 qu'un matin, dans son bain, il a une id\u00e9e de g\u00e9nie : organiser un cache-cache g\u00e9ant. Il compte, les animaux se cachent. Et nul n'est plus fort que notre roi au jeu de cache-cache. ]]&gt;\n&lt;\/description&gt;\n&lt;enclosure url=\"https:\/\/images-e.esidoc.fr\/-1454\/939\/9791023521962.jpg?d=20260428120422\"\/&gt;\n&lt;guid isPermaLink=\"true\"&gt;\n&lt;!&#091;CDATA&#091; https:\/\/9741323v.esidoc.fr\/document\/id_9741323v_7748.html ]]&gt;\n&lt;\/guid&gt;\n&lt;link&gt;\n&lt;!&#091;CDATA&#091; https:\/\/9741323v.esidoc.fr\/document\/id_9741323v_7748.html ]]&gt;\n&lt;\/link&gt;\n&lt;pubDate&gt;\n&lt;!&#091;CDATA&#091; 2025 ]]&gt;\n&lt;\/pubDate&gt;\n&lt;title&gt;\n&lt;!&#091;CDATA&#091; O\u00f9 \u00eates-vous ? ]]&gt;\n&lt;\/title&gt;\n&lt;\/item&gt;\n&lt;item&gt;\n&lt;auteur&gt;\n&lt;!&#091;CDATA&#091; Dodo ]]&gt;\n&lt;\/auteur&gt;\n&lt;auteur&gt;\n&lt;!&#091;CDATA&#091; Lee, Eum-Sae ]]&gt;\n&lt;\/auteur&gt;\n&lt;category&gt;\n&lt;!&#091;CDATA&#091; Sentimental ]]&gt;\n&lt;\/category&gt;\n&lt;dc:creator&gt;\n&lt;!&#091;CDATA&#091; Dodo ]]&gt;\n&lt;\/dc:creator&gt;\n&lt;dc:creator&gt;\n&lt;!&#091;CDATA&#091; Lee, Eum-Sae ]]&gt;\n&lt;\/dc:creator&gt;\n&lt;dc:ean&gt;\n&lt;!&#091;CDATA&#091; 9782408055882 ]]&gt;\n&lt;\/dc:ean&gt;\n&lt;dc:format&gt;\n&lt;!&#091;CDATA&#091; Livre ]]&gt;\n&lt;\/dc:format&gt;\n&lt;dc:identifier&gt;9741323v_8758&lt;\/dc:identifier&gt;\n&lt;dc:isbn&gt;\n&lt;!&#091;CDATA&#091; 978-2-408-05588-2 ]]&gt;\n&lt;\/dc:isbn&gt;\n&lt;dc:language&gt;\n&lt;!&#091;CDATA&#091; Fran\u00e7ais ]]&gt;\n&lt;\/dc:language&gt;\n&lt;dc:nature&gt;\n&lt;!&#091;CDATA&#091; Manga ]]&gt;\n&lt;\/dc:nature&gt;\n&lt;dc:publisher&gt;\n&lt;!&#091;CDATA&#091; Milan ]]&gt;\n&lt;\/dc:publisher&gt;\n&lt;description&gt;\n&lt;!&#091;CDATA&#091; Apr\u00e8s son \u00e9mission, la chanteuse et animatrice radio Ban Hana re\u00e7oit un lecteur de cassettes de la part d'un fan. Un cadeau parmi tant d'autres, jusqu'\u00e0 ce que, \u00e0 la suite d'un accident de voiture, elle appuie sur un des boutons du walkman et voyage dans le temps, jusqu'en 1987 ! Elle tombe alors sur le propri\u00e9taire du lecteur de cassettes, qui s'av\u00e8re \u00eatre le regrett\u00e9 musicien Woo Jae-ah. Ban Hana le rencontre alors qu'il n'est pas encore c\u00e9l\u00e8bre et qu'il est sur le point d'arr\u00eater la musique. Parviendra-t-elle \u00e0 convaincre son idole de ne pas abandonner son r\u00eave et \u00e0 lui sauver la vie ? ]]&gt;\n&lt;\/description&gt;\n&lt;enclosure url=\"https:\/\/images-e.esidoc.fr\/-1977\/711\/9782408055882.jpg?d=20250107105718\"\/&gt;\n&lt;guid isPermaLink=\"true\"&gt;\n&lt;!&#091;CDATA&#091; https:\/\/9741323v.esidoc.fr\/document\/id_9741323v_8758.html ]]&gt;\n&lt;\/guid&gt;\n&lt;link&gt;\n&lt;!&#091;CDATA&#091; https:\/\/9741323v.esidoc.fr\/document\/id_9741323v_8758.html ]]&gt;\n&lt;\/link&gt;\n&lt;pubDate&gt;\n&lt;!&#091;CDATA&#091; 2025 ]]&gt;\n&lt;\/pubDate&gt;\n&lt;title&gt;\n&lt;!&#091;CDATA&#091; This must be love. (1) ]]&gt;\n&lt;\/title&gt;\n&lt;\/item&gt;\n&lt;item&gt;\n&lt;auteur&gt;\n&lt;!&#091;CDATA&#091; Dodo ]]&gt;\n&lt;\/auteur&gt;\n&lt;auteur&gt;\n&lt;!&#091;CDATA&#091; Lee, Eum-Sae ]]&gt;\n&lt;\/auteur&gt;\n&lt;category&gt;\n&lt;!&#091;CDATA&#091; Sentimental ]]&gt;\n&lt;\/category&gt;\n&lt;dc:creator&gt;\n&lt;!&#091;CDATA&#091; Dodo ]]&gt;\n&lt;\/dc:creator&gt;\n&lt;dc:creator&gt;\n&lt;!&#091;CDATA&#091; Lee, Eum-Sae ]]&gt;\n&lt;\/dc:creator&gt;\n&lt;dc:ean&gt;\n&lt;!&#091;CDATA&#091; 9782408056230 ]]&gt;\n&lt;\/dc:ean&gt;\n&lt;dc:format&gt;\n&lt;!&#091;CDATA&#091; Livre ]]&gt;\n&lt;\/dc:format&gt;\n&lt;dc:identifier&gt;9741323v_7759&lt;\/dc:identifier&gt;\n&lt;dc:isbn&gt;\n&lt;!&#091;CDATA&#091; 978-2-408-05623-0 ]]&gt;\n&lt;\/dc:isbn&gt;\n&lt;dc:language&gt;\n&lt;!&#091;CDATA&#091; Fran\u00e7ais ]]&gt;\n&lt;\/dc:language&gt;\n&lt;dc:nature&gt;\n&lt;!&#091;CDATA&#091; Manga ]]&gt;\n&lt;\/dc:nature&gt;\n&lt;dc:publisher&gt;\n&lt;!&#091;CDATA&#091; Milan ]]&gt;\n&lt;\/dc:publisher&gt;\n&lt;description&gt;\n&lt;!&#091;CDATA&#091; Gr\u00e2ce \u00e0 l'aide d'Hana, Jae-ah reprend confiance en lui et commence \u00e0 enregistrer son premier album. Un rapprochement s'op\u00e8re, ce qui ne le laisse pas indiff\u00e9rent... mais le retour de Jihye, son ex-petite amie, va tout chambouler. Alors qu'Hana prend elle aussi conscience de ses sentiments, elle perd peu \u00e0 peu l'usage de son corps. Si elle ne rejoint pas rapidement son \u00e9poque, elle dispara\u00eetra d\u00e9finitivement. ]]&gt;\n&lt;\/description&gt;\n&lt;enclosure url=\"https:\/\/images-e.esidoc.fr\/-1977\/687\/9782408056230.jpg?d=20250822171844\"\/&gt;\n&lt;guid isPermaLink=\"true\"&gt;\n&lt;!&#091;CDATA&#091; https:\/\/9741323v.esidoc.fr\/document\/id_9741323v_7759.html ]]&gt;\n&lt;\/guid&gt;\n&lt;link&gt;\n&lt;!&#091;CDATA&#091; https:\/\/9741323v.esidoc.fr\/document\/id_9741323v_7759.html ]]&gt;\n&lt;\/link&gt;\n&lt;pubDate&gt;\n&lt;!&#091;CDATA&#091; 2025 ]]&gt;\n&lt;\/pubDate&gt;\n&lt;title&gt;\n&lt;!&#091;CDATA&#091; This must be love. (3) ]]&gt;\n&lt;\/title&gt;\n&lt;\/item&gt;\n&lt;item&gt;\n&lt;auteur&gt;\n&lt;!&#091;CDATA&#091; Dodo ]]&gt;\n&lt;\/auteur&gt;\n&lt;auteur&gt;\n&lt;!&#091;CDATA&#091; Lee, Eum-Sae ]]&gt;\n&lt;\/auteur&gt;\n&lt;category&gt;\n&lt;!&#091;CDATA&#091; Sentimental ]]&gt;\n&lt;\/category&gt;\n&lt;dc:creator&gt;\n&lt;!&#091;CDATA&#091; Dodo ]]&gt;\n&lt;\/dc:creator&gt;\n&lt;dc:creator&gt;\n&lt;!&#091;CDATA&#091; Lee, Eum-Sae ]]&gt;\n&lt;\/dc:creator&gt;\n&lt;dc:ean&gt;\n&lt;!&#091;CDATA&#091; 9782408055899 ]]&gt;\n&lt;\/dc:ean&gt;\n&lt;dc:format&gt;\n&lt;!&#091;CDATA&#091; Livre ]]&gt;\n&lt;\/dc:format&gt;\n&lt;dc:identifier&gt;9741323v_7760&lt;\/dc:identifier&gt;\n&lt;dc:isbn&gt;\n&lt;!&#091;CDATA&#091; 978-2-408-05589-9 ]]&gt;\n&lt;\/dc:isbn&gt;\n&lt;dc:language&gt;\n&lt;!&#091;CDATA&#091; Fran\u00e7ais ]]&gt;\n&lt;\/dc:language&gt;\n&lt;dc:nature&gt;\n&lt;!&#091;CDATA&#091; Manga ]]&gt;\n&lt;\/dc:nature&gt;\n&lt;dc:publisher&gt;\n&lt;!&#091;CDATA&#091; Milan ]]&gt;\n&lt;\/dc:publisher&gt;\n&lt;description&gt;\n&lt;!&#091;CDATA&#091; Alors que sa mission n'\u00e9tait pas termin\u00e9e, Hana se retrouve de nouveau coinc\u00e9e en 1987. Elle doit toujours convaincre Jae-ah de continuer la musique et l'aider \u00e0 se produire pour devenir une star. Mais y parviendra-t-elle ' Hana devra faire face \u00e0 ses sentiments naissants pour Jae-ah et \u00e0 de nouveaux obstacles, dans une \u00e9poque qui n'est pas la sienne. ]]&gt;\n&lt;\/description&gt;\n&lt;enclosure url=\"https:\/\/images-e.esidoc.fr\/-1977\/711\/9782408055899.jpg?d=20250410100211\"\/&gt;\n&lt;guid isPermaLink=\"true\"&gt;\n&lt;!&#091;CDATA&#091; https:\/\/9741323v.esidoc.fr\/document\/id_9741323v_7760.html ]]&gt;\n&lt;\/guid&gt;\n&lt;link&gt;\n&lt;!&#091;CDATA&#091; https:\/\/9741323v.esidoc.fr\/document\/id_9741323v_7760.html ]]&gt;\n&lt;\/link&gt;\n&lt;pubDate&gt;\n&lt;!&#091;CDATA&#091; 2025 ]]&gt;\n&lt;\/pubDate&gt;\n&lt;title&gt;\n&lt;!&#091;CDATA&#091; This must be love. (2) ]]&gt;\n&lt;\/title&gt;\n&lt;\/item&gt;\n&lt;item&gt;\n&lt;auteur&gt;\n&lt;!&#091;CDATA&#091; Wonsanji ]]&gt;\n&lt;\/auteur&gt;\n&lt;category&gt;\n&lt;!&#091;CDATA&#091; Fantastique ]]&gt;\n&lt;\/category&gt;\n&lt;dc:creator&gt;\n&lt;!&#091;CDATA&#091; Wonsanji ]]&gt;\n&lt;\/dc:creator&gt;\n&lt;dc:ean&gt;\n&lt;!&#091;CDATA&#091; 9782408057466 ]]&gt;\n&lt;\/dc:ean&gt;\n&lt;dc:format&gt;\n&lt;!&#091;CDATA&#091; Livre ]]&gt;\n&lt;\/dc:format&gt;\n&lt;dc:identifier&gt;9741323v_7762&lt;\/dc:identifier&gt;\n&lt;dc:isbn&gt;\n&lt;!&#091;CDATA&#091; 978-2-408-05746-6 ]]&gt;\n&lt;\/dc:isbn&gt;\n&lt;dc:language&gt;\n&lt;!&#091;CDATA&#091; Fran\u00e7ais ]]&gt;\n&lt;\/dc:language&gt;\n&lt;dc:nature&gt;\n&lt;!&#091;CDATA&#091; Manga ]]&gt;\n&lt;\/dc:nature&gt;\n&lt;dc:publisher&gt;\n&lt;!&#091;CDATA&#091; Milan ]]&gt;\n&lt;\/dc:publisher&gt;\n&lt;description&gt;\n&lt;!&#091;CDATA&#091; Moon vit depuis toujours sur une petite \u00eele. C'est une fillette dr\u00f4le, qui aime rendre service aux autres. Un jour, elle tombe sur une myst\u00e9rieuse cr\u00e9ature qui g\u00eet sur la plage. Pensant trouver une tortue \u00e9chou\u00e9e, elle s'approche... et d\u00e9couvre Iro, qui est bless\u00e9 ! Moon se pr\u00e9cipite pour l'aider. C'est le d\u00e9but d'une singuli\u00e8re amiti\u00e9. Mais la cr\u00e9ature est recherch\u00e9e par les chasseurs du village. Moon va devoir user de toutes ses ruses pour prot\u00e9ger son nouvel ami. ]]&gt;\n&lt;\/description&gt;\n&lt;enclosure url=\"https:\/\/images-e.esidoc.fr\/-1977\/655\/9782408057466.jpg?d=20250210171830\"\/&gt;\n&lt;guid isPermaLink=\"true\"&gt;\n&lt;!&#091;CDATA&#091; https:\/\/9741323v.esidoc.fr\/document\/id_9741323v_7762.html ]]&gt;\n&lt;\/guid&gt;\n&lt;link&gt;\n&lt;!&#091;CDATA&#091; https:\/\/9741323v.esidoc.fr\/document\/id_9741323v_7762.html ]]&gt;\n&lt;\/link&gt;\n&lt;pubDate&gt;\n&lt;!&#091;CDATA&#091; 2025 ]]&gt;\n&lt;\/pubDate&gt;\n&lt;title&gt;\n&lt;!&#091;CDATA&#091; Moon et Iro. (1) ]]&gt;\n&lt;\/title&gt;\n&lt;\/item&gt;\n&lt;item&gt;\n&lt;auteur&gt;\n&lt;!&#091;CDATA&#091; Wonsanji ]]&gt;\n&lt;\/auteur&gt;\n&lt;dc:creator&gt;\n&lt;!&#091;CDATA&#091; Wonsanji ]]&gt;\n&lt;\/dc:creator&gt;\n&lt;dc:ean&gt;\n&lt;!&#091;CDATA&#091; 9782408057473 ]]&gt;\n&lt;\/dc:ean&gt;\n&lt;dc:format&gt;\n&lt;!&#091;CDATA&#091; Livre ]]&gt;\n&lt;\/dc:format&gt;\n&lt;dc:identifier&gt;9741323v_7761&lt;\/dc:identifier&gt;\n&lt;dc:isbn&gt;\n&lt;!&#091;CDATA&#091; 978-2-408-05747-3 ]]&gt;\n&lt;\/dc:isbn&gt;\n&lt;dc:language&gt;\n&lt;!&#091;CDATA&#091; Fran\u00e7ais ]]&gt;\n&lt;\/dc:language&gt;\n&lt;dc:publisher&gt;\n&lt;!&#091;CDATA&#091; Milan ]]&gt;\n&lt;\/dc:publisher&gt;\n&lt;description&gt;\n&lt;!&#091;CDATA&#091; Moon cache toujours Iro, une cr\u00e9ature sous-marine avec laquelle elle s'est li\u00e9e d'amiti\u00e9, dans un \u00e9tang secret. Cependant, il ne semble pas gu\u00e9rir de ses blessures dans cette eau douce, et finit par \u00eatre captur\u00e9 par les chasseurs de l'\u00eele et enferm\u00e9 dans un aquarium \u00e9touffant. La jeune fille se fait la promesse de lib\u00e9rer son ami et de l'emmener rejoindre la mer. Mais cette s\u00e9paration mettra-t-elle fin \u00e0 leur amiti\u00e9 ? ]]&gt;\n&lt;\/description&gt;\n&lt;enclosure url=\"https:\/\/images-e.esidoc.fr\/-1977\/655\/9782408057473.jpg?d=20250515165838\"\/&gt;\n&lt;guid isPermaLink=\"true\"&gt;\n&lt;!&#091;CDATA&#091; https:\/\/9741323v.esidoc.fr\/document\/id_9741323v_7761.html ]]&gt;\n&lt;\/guid&gt;\n&lt;link&gt;\n&lt;!&#091;CDATA&#091; https:\/\/9741323v.esidoc.fr\/document\/id_9741323v_7761.html ]]&gt;\n&lt;\/link&gt;\n&lt;pubDate&gt;\n&lt;!&#091;CDATA&#091; 2025 ]]&gt;\n&lt;\/pubDate&gt;\n&lt;title&gt;\n&lt;!&#091;CDATA&#091; Moon et Iro. 2 ]]&gt;\n&lt;\/title&gt;\n&lt;\/item&gt;\n&lt;item&gt;\n&lt;auteur&gt;\n&lt;!&#091;CDATA&#091; Chadda, Sarwat ]]&gt;\n&lt;\/auteur&gt;\n&lt;auteur&gt;\n&lt;!&#091;CDATA&#091; Zimmermann, Natalie ]]&gt;\n&lt;\/auteur&gt;\n&lt;category&gt;\n&lt;!&#091;CDATA&#091; Fantastique ]]&gt;\n&lt;\/category&gt;\n&lt;dc:creator&gt;\n&lt;!&#091;CDATA&#091; Chadda, Sarwat ]]&gt;\n&lt;\/dc:creator&gt;\n&lt;dc:creator&gt;\n&lt;!&#091;CDATA&#091; Zimmermann, Natalie ]]&gt;\n&lt;\/dc:creator&gt;\n&lt;dc:ean&gt;\n&lt;!&#091;CDATA&#091; 9791036326882 ]]&gt;\n&lt;\/dc:ean&gt;\n&lt;dc:format&gt;\n&lt;!&#091;CDATA&#091; Livre ]]&gt;\n&lt;\/dc:format&gt;\n&lt;dc:identifier&gt;9741323v_7752&lt;\/dc:identifier&gt;\n&lt;dc:isbn&gt;\n&lt;!&#091;CDATA&#091; 979-10-363-2688-2 ]]&gt;\n&lt;\/dc:isbn&gt;\n&lt;dc:language&gt;\n&lt;!&#091;CDATA&#091; Fran\u00e7ais ]]&gt;\n&lt;\/dc:language&gt;\n&lt;dc:nature&gt;\n&lt;!&#091;CDATA&#091; Roman ]]&gt;\n&lt;\/dc:nature&gt;\n&lt;dc:publisher&gt;\n&lt;!&#091;CDATA&#091; Bayard ]]&gt;\n&lt;\/dc:publisher&gt;\n&lt;description&gt;\n&lt;!&#091;CDATA&#091; Depuis le d\u00e9c\u00e8s de son fr\u00e8re Mo, Sikander aide comme il peut ses parents dans le restaurant familial. Mais tout bascule lorsque le terrifiant Nergal, dieu des enfers, fait irruption et accuse Mo d'avoir vol\u00e9 un pr\u00e9cieux tr\u00e9sor d'Irak. Si celui-ci ne lui est pas rendu, Nergal d\u00e9cimera la ville de New York ... Accompagn\u00e9 de la courageuse B\u00e9let, une nouvelle camarade de classe particuli\u00e8rement dou\u00e9e en arts martiaux, Sikander doit combattre des d\u00e9mons pour innocenter son fr\u00e8re et sauver sa ville. ]]&gt;\n&lt;\/description&gt;\n&lt;enclosure url=\"https:\/\/images-e.esidoc.fr\/-1401\/695\/9791036326882.jpg?d=20240606105211\"\/&gt;\n&lt;guid isPermaLink=\"true\"&gt;\n&lt;!&#091;CDATA&#091; https:\/\/9741323v.esidoc.fr\/document\/id_9741323v_7752.html ]]&gt;\n&lt;\/guid&gt;\n&lt;link&gt;\n&lt;!&#091;CDATA&#091; https:\/\/9741323v.esidoc.fr\/document\/id_9741323v_7752.html ]]&gt;\n&lt;\/link&gt;\n&lt;pubDate&gt;\n&lt;!&#091;CDATA&#091; 2024 ]]&gt;\n&lt;\/pubDate&gt;\n&lt;title&gt;\n&lt;!&#091;CDATA&#091; Sikander et la vengeance des dieux (1) ]]&gt;\n&lt;\/title&gt;\n&lt;\/item&gt;\n&lt;item&gt;\n&lt;auteur&gt;\n&lt;!&#091;CDATA&#091; Natsuko ]]&gt;\n&lt;\/auteur&gt;\n&lt;auteur&gt;\n&lt;!&#091;CDATA&#091; Irisawa, Noriyuki ]]&gt;\n&lt;\/auteur&gt;\n&lt;auteur&gt;\n&lt;!&#091;CDATA&#091; Estager, Aur\u00e9lien ]]&gt;\n&lt;\/auteur&gt;\n&lt;category&gt;\n&lt;!&#091;CDATA&#091; Historique ]]&gt;\n&lt;\/category&gt;\n&lt;dc:creator&gt;\n&lt;!&#091;CDATA&#091; Natsuko ]]&gt;\n&lt;\/dc:creator&gt;\n&lt;dc:creator&gt;\n&lt;!&#091;CDATA&#091; Irisawa, Noriyuki ]]&gt;\n&lt;\/dc:creator&gt;\n&lt;dc:creator&gt;\n&lt;!&#091;CDATA&#091; Estager, Aur\u00e9lien ]]&gt;\n&lt;\/dc:creator&gt;\n&lt;dc:ean&gt;\n&lt;!&#091;CDATA&#091; 9791036357060 ]]&gt;\n&lt;\/dc:ean&gt;\n&lt;dc:format&gt;\n&lt;!&#091;CDATA&#091; Livre ]]&gt;\n&lt;\/dc:format&gt;\n&lt;dc:identifier&gt;9741323v_7756&lt;\/dc:identifier&gt;\n&lt;dc:isbn&gt;\n&lt;!&#091;CDATA&#091; 979-10-363-5706-0 ]]&gt;\n&lt;\/dc:isbn&gt;\n&lt;dc:language&gt;\n&lt;!&#091;CDATA&#091; Fran\u00e7ais ]]&gt;\n&lt;\/dc:language&gt;\n&lt;dc:nature&gt;\n&lt;!&#091;CDATA&#091; Manga ]]&gt;\n&lt;\/dc:nature&gt;\n&lt;dc:publisher&gt;\n&lt;!&#091;CDATA&#091; Bayard jeunesse ]]&gt;\n&lt;\/dc:publisher&gt;\n&lt;description&gt;\n&lt;!&#091;CDATA&#091; Dans le contexte terrible de la Seconde Guerre mondiale, le journal \u00e9crit par Anne Frank est un t\u00e9moignage rare et pr\u00e9cieux de vie et d'espoir. Racont\u00e9s tout en manga et augment\u00e9s de pages documentaires, son histoire et ses \u00e9crits continuent d'inspirer et d'\u00e9mouvoir. ]]&gt;\n&lt;\/description&gt;\n&lt;enclosure url=\"https:\/\/images-e.esidoc.fr\/-1398\/903\/9791036357060.jpg?d=20240312145304\"\/&gt;\n&lt;guid isPermaLink=\"true\"&gt;\n&lt;!&#091;CDATA&#091; https:\/\/9741323v.esidoc.fr\/document\/id_9741323v_7756.html ]]&gt;\n&lt;\/guid&gt;\n&lt;link&gt;\n&lt;!&#091;CDATA&#091; https:\/\/9741323v.esidoc.fr\/document\/id_9741323v_7756.html ]]&gt;\n&lt;\/link&gt;\n&lt;pubDate&gt;\n&lt;!&#091;CDATA&#091; 2024 ]]&gt;\n&lt;\/pubDate&gt;\n&lt;title&gt;\n&lt;!&#091;CDATA&#091; Anne Frank : le XXe siecle en manga. ]]&gt;\n&lt;\/title&gt;\n&lt;\/item&gt;\n&lt;item&gt;\n&lt;auteur&gt;\n&lt;!&#091;CDATA&#091; Astolfi, Claire ]]&gt;\n&lt;\/auteur&gt;\n&lt;auteur&gt;\n&lt;!&#091;CDATA&#091; Bird, Ell\u00e9a ]]&gt;\n&lt;\/auteur&gt;\n&lt;category&gt;\n&lt;!&#091;CDATA&#091; Fait de soci\u00e9t\u00e9 ]]&gt;\n&lt;\/category&gt;\n&lt;category&gt;\n&lt;!&#091;CDATA&#091; V\u00e9cu ]]&gt;\n&lt;\/category&gt;\n&lt;dc:creator&gt;\n&lt;!&#091;CDATA&#091; Astolfi, Claire ]]&gt;\n&lt;\/dc:creator&gt;\n&lt;dc:creator&gt;\n&lt;!&#091;CDATA&#091; Bird, Ell\u00e9a ]]&gt;\n&lt;\/dc:creator&gt;\n&lt;dc:ean&gt;\n&lt;!&#091;CDATA&#091; 9791036332821 ]]&gt;\n&lt;\/dc:ean&gt;\n&lt;dc:format&gt;\n&lt;!&#091;CDATA&#091; Livre ]]&gt;\n&lt;\/dc:format&gt;\n&lt;dc:identifier&gt;9741323v_7670&lt;\/dc:identifier&gt;\n&lt;dc:isbn&gt;\n&lt;!&#091;CDATA&#091; 979-10-363-3282-1 ]]&gt;\n&lt;\/dc:isbn&gt;\n&lt;dc:language&gt;\n&lt;!&#091;CDATA&#091; Fran\u00e7ais ]]&gt;\n&lt;\/dc:language&gt;\n&lt;dc:nature&gt;\n&lt;!&#091;CDATA&#091; Roman ]]&gt;\n&lt;\/dc:nature&gt;\n&lt;dc:publisher&gt;\n&lt;!&#091;CDATA&#091; Bayard jeunesse ]]&gt;\n&lt;\/dc:publisher&gt;\n&lt;description&gt;\n&lt;!&#091;CDATA&#091; D\u00e8s son plus jeune \u00e2ge, Florence Arthaud est une grande sportive. En 1974, suite \u00e0 un accident, elle d\u00e9cide d'apprendre la voile. etre navigatrice est difficile, mais Florence poursuit son r\u00eave. Les efforts ne lui font pas peur, elle a la force et le mental. Face aux temp\u00eates, aux soucis de sant\u00e9 et aux endettements pour s'acheter un bateau, Florence r\u00e9siste... et sera r\u00e9compens\u00e9e : elle gagne la Route du Rhum en 1990. L'aventuri\u00e8re encha\u00eene les courses, la mer est sa maison. Un accident d'h\u00e9licopt\u00e8re mortel met fin \u00e0 ses ambitions mais Florence Arthaud restera pour toujours la fianc\u00e9e de l'Atlantique. ]]&gt;\n&lt;\/description&gt;\n&lt;enclosure url=\"https:\/\/images-e.esidoc.fr\/-1400\/891\/9791036332821.jpg?d=20220704114012\"\/&gt;\n&lt;guid isPermaLink=\"true\"&gt;\n&lt;!&#091;CDATA&#091; https:\/\/9741323v.esidoc.fr\/document\/id_9741323v_7670.html ]]&gt;\n&lt;\/guid&gt;\n&lt;link&gt;\n&lt;!&#091;CDATA&#091; https:\/\/9741323v.esidoc.fr\/document\/id_9741323v_7670.html ]]&gt;\n&lt;\/link&gt;\n&lt;pubDate&gt;\n&lt;!&#091;CDATA&#091; 2022 ]]&gt;\n&lt;\/pubDate&gt;\n&lt;title&gt;\n&lt;!&#091;CDATA&#091; L'incroyable aventure de Florence Arthaud, navigatrice intr\u00e9pide. ]]&gt;\n&lt;\/title&gt;\n&lt;\/item&gt;\n&lt;item&gt;\n&lt;auteur&gt;\n&lt;!&#091;CDATA&#091; Pen, Rolling ]]&gt;\n&lt;\/auteur&gt;\n&lt;auteur&gt;\n&lt;!&#091;CDATA&#091; James, Catmouse ]]&gt;\n&lt;\/auteur&gt;\n&lt;category&gt;\n&lt;!&#091;CDATA&#091; Fantastique ]]&gt;\n&lt;\/category&gt;\n&lt;category&gt;\n&lt;!&#091;CDATA&#091; L\u00e9gende ]]&gt;\n&lt;\/category&gt;\n&lt;dc:creator&gt;\n&lt;!&#091;CDATA&#091; Pen, Rolling ]]&gt;\n&lt;\/dc:creator&gt;\n&lt;dc:creator&gt;\n&lt;!&#091;CDATA&#091; James, Catmouse ]]&gt;\n&lt;\/dc:creator&gt;\n&lt;dc:ean&gt;\n&lt;!&#091;CDATA&#091; 9782919069651 ]]&gt;\n&lt;\/dc:ean&gt;\n&lt;dc:format&gt;\n&lt;!&#091;CDATA&#091; Livre ]]&gt;\n&lt;\/dc:format&gt;\n&lt;dc:identifier&gt;9741323v_9760&lt;\/dc:identifier&gt;\n&lt;dc:isbn&gt;\n&lt;!&#091;CDATA&#091; 978-2-919069-65-1 ]]&gt;\n&lt;\/dc:isbn&gt;\n&lt;dc:language&gt;\n&lt;!&#091;CDATA&#091; Fran\u00e7ais ]]&gt;\n&lt;\/dc:language&gt;\n&lt;dc:nature&gt;\n&lt;!&#091;CDATA&#091; Bande dessin\u00e9e ]]&gt;\n&lt;\/dc:nature&gt;\n&lt;dc:publisher&gt;\n&lt;!&#091;CDATA&#091; des Bulles dans l'oc\u00e9an ]]&gt;\n&lt;\/dc:publisher&gt;\n&lt;description&gt;\n&lt;!&#091;CDATA&#091; Faux Cap : point le plus au sud de Madagascar selon les croyances. Coinc\u00e9 entre les dunes et une mer vide qui n'a plus rien \u00e0 offrir. Haba veut sauver son village. Il fomente un plan pour convaincre Ary de l'aider. Ensemble, aid\u00e9s d'un dahalo (voleur de z\u00e9bu) et d'un myst\u00e9rieux semeur de graines, ils prennent la route d'un voyage mouvement\u00e9, plein d'actions et de rebondissements. Ary, en qu\u00eate de son pass\u00e9, Haba de son avenir, atteignent la gorge d'Ifaty. ]]&gt;\n&lt;\/description&gt;\n&lt;enclosure url=\"https:\/\/images-e.esidoc.fr\/206\/305\/9782919069651.jpg?d=20200911060853\"\/&gt;\n&lt;guid isPermaLink=\"true\"&gt;\n&lt;!&#091;CDATA&#091; https:\/\/9741323v.esidoc.fr\/document\/id_9741323v_9760.html ]]&gt;\n&lt;\/guid&gt;\n&lt;link&gt;\n&lt;!&#091;CDATA&#091; https:\/\/9741323v.esidoc.fr\/document\/id_9741323v_9760.html ]]&gt;\n&lt;\/link&gt;\n&lt;pubDate&gt;\n&lt;!&#091;CDATA&#091; 2019 ]]&gt;\n&lt;\/pubDate&gt;\n&lt;title&gt;\n&lt;!&#091;CDATA&#091; Ary : La gorge d'Ifaty (2) ]]&gt;\n&lt;\/title&gt;\n&lt;\/item&gt;\n&lt;item&gt;\n&lt;auteur&gt;\n&lt;!&#091;CDATA&#091; Pouyllau, Isabelle ]]&gt;\n&lt;\/auteur&gt;\n&lt;auteur&gt;\n&lt;!&#091;CDATA&#091; Azam, Jacques ]]&gt;\n&lt;\/auteur&gt;\n&lt;dc:creator&gt;\n&lt;!&#091;CDATA&#091; Pouyllau, Isabelle ]]&gt;\n&lt;\/dc:creator&gt;\n&lt;dc:creator&gt;\n&lt;!&#091;CDATA&#091; Azam, Jacques ]]&gt;\n&lt;\/dc:creator&gt;\n&lt;dc:ean&gt;\n&lt;!&#091;CDATA&#091; 9782408049829 ]]&gt;\n&lt;\/dc:ean&gt;\n&lt;dc:format&gt;\n&lt;!&#091;CDATA&#091; Livre ]]&gt;\n&lt;\/dc:format&gt;\n&lt;dc:identifier&gt;9741323v_9331&lt;\/dc:identifier&gt;\n&lt;dc:isbn&gt;\n&lt;!&#091;CDATA&#091; 978-2-408-04982-9 ]]&gt;\n&lt;\/dc:isbn&gt;\n&lt;dc:language&gt;\n&lt;!&#091;CDATA&#091; Fran\u00e7ais ]]&gt;\n&lt;\/dc:language&gt;\n&lt;dc:nature&gt;\n&lt;!&#091;CDATA&#091; Documentaire ]]&gt;\n&lt;\/dc:nature&gt;\n&lt;dc:publisher&gt;\n&lt;!&#091;CDATA&#091; Milan ]]&gt;\n&lt;\/dc:publisher&gt;\n&lt;description&gt;\n&lt;!&#091;CDATA&#091; C'est quoi, la solidarit\u00e9 ? C'est quoi, la D\u00e9claration universelle des droits de l'homme ? C'est quoi, l'abolition de l'esclavage ? \u00c0 quoi \u00e7a sert, les lois ? Est-ce que l'ONU a un chef ? C'est quoi, un dictateur ? \u00c0 quoi \u00e7a sert de d\u00e9battre ?Des r\u00e9ponses en BD a toutes ces questions, et a bien d'autres, pour tenter de d\u00e9crypter le fonctionnement de cet ensemble de r\u00e8gles qui organisent la vie des \u00eatres humains entre eux. ]]&gt;\n&lt;\/description&gt;\n&lt;enclosure url=\"https:\/\/images-e.esidoc.fr\/-1978\/515\/9782408049829.jpg?d=20250514094710\"\/&gt;\n&lt;guid isPermaLink=\"true\"&gt;\n&lt;!&#091;CDATA&#091; https:\/\/9741323v.esidoc.fr\/document\/id_9741323v_9331.html ]]&gt;\n&lt;\/guid&gt;\n&lt;link&gt;\n&lt;!&#091;CDATA&#091; https:\/\/9741323v.esidoc.fr\/document\/id_9741323v_9331.html ]]&gt;\n&lt;\/link&gt;\n&lt;pubDate&gt;\n&lt;!&#091;CDATA&#091; 2025 ]]&gt;\n&lt;\/pubDate&gt;\n&lt;title&gt;\n&lt;!&#091;CDATA&#091; C'est quoi, les droits humains ? ]]&gt;\n&lt;\/title&gt;\n&lt;\/item&gt;\n&lt;item&gt;\n&lt;auteur&gt;\n&lt;!&#091;CDATA&#091; Lubie, Lou ]]&gt;\n&lt;\/auteur&gt;\n&lt;category&gt;\n&lt;!&#091;CDATA&#091; Fait de soci\u00e9t\u00e9 ]]&gt;\n&lt;\/category&gt;\n&lt;dc:creator&gt;\n&lt;!&#091;CDATA&#091; Lubie, Lou ]]&gt;\n&lt;\/dc:creator&gt;\n&lt;dc:ean&gt;\n&lt;!&#091;CDATA&#091; 9782413082743 ]]&gt;\n&lt;\/dc:ean&gt;\n&lt;dc:format&gt;\n&lt;!&#091;CDATA&#091; Livre ]]&gt;\n&lt;\/dc:format&gt;\n&lt;dc:identifier&gt;9741323v_9753&lt;\/dc:identifier&gt;\n&lt;dc:isbn&gt;\n&lt;!&#091;CDATA&#091; 978-2-413-08274-3 ]]&gt;\n&lt;\/dc:isbn&gt;\n&lt;dc:language&gt;\n&lt;!&#091;CDATA&#091; Fran\u00e7ais ]]&gt;\n&lt;\/dc:language&gt;\n&lt;dc:nature&gt;\n&lt;!&#091;CDATA&#091; Bande dessin\u00e9e ]]&gt;\n&lt;\/dc:nature&gt;\n&lt;dc:publisher&gt;\n&lt;!&#091;CDATA&#091; Delcourt ]]&gt;\n&lt;\/dc:publisher&gt;\n&lt;description&gt;\n&lt;!&#091;CDATA&#091; On n'est jamais content de ses cheveux : Rose, qui a les cheveux cr\u00e9pus, r\u00eave de les avoir lisses. Pour se conformer aux normes sociales, elle sera pr\u00eate \u00e0 tout, quitte \u00e0 gommer son identit\u00e9 m\u00e9tiss\u00e9e. Entre enqu\u00eate de soci\u00e9t\u00e9 et r\u00e9cit de vie, une BD riche et touchante qui parle de sexisme, de racisme, d'h\u00e9ritage et d'acceptation de soi. ]]&gt;\n&lt;\/description&gt;\n&lt;enclosure url=\"https:\/\/images-e.esidoc.fr\/-374\/772\/9782413082743.jpg?d=20240429091648\"\/&gt;\n&lt;guid isPermaLink=\"true\"&gt;\n&lt;!&#091;CDATA&#091; https:\/\/9741323v.esidoc.fr\/document\/id_9741323v_9753.html ]]&gt;\n&lt;\/guid&gt;\n&lt;link&gt;\n&lt;!&#091;CDATA&#091; https:\/\/9741323v.esidoc.fr\/document\/id_9741323v_9753.html ]]&gt;\n&lt;\/link&gt;\n&lt;pubDate&gt;\n&lt;!&#091;CDATA&#091; 2024 ]]&gt;\n&lt;\/pubDate&gt;\n&lt;title&gt;\n&lt;!&#091;CDATA&#091; Racines. ]]&gt;\n&lt;\/title&gt;\n&lt;\/item&gt;\n&lt;item&gt;\n&lt;auteur&gt;\n&lt;!&#091;CDATA&#091; Sobral, Patrick ]]&gt;\n&lt;\/auteur&gt;\n&lt;auteur&gt;\n&lt;!&#091;CDATA&#091; Lyfoung, Patricia ]]&gt;\n&lt;\/auteur&gt;\n&lt;auteur&gt;\n&lt;!&#091;CDATA&#091; Ogaki, Philippe ]]&gt;\n&lt;\/auteur&gt;\n&lt;auteur&gt;\n&lt;!&#091;CDATA&#091; Charve, Fr\u00e9d\u00e9ric ]]&gt;\n&lt;\/auteur&gt;\n&lt;category&gt;\n&lt;!&#091;CDATA&#091; L\u00e9gende ]]&gt;\n&lt;\/category&gt;\n&lt;category&gt;\n&lt;!&#091;CDATA&#091; Aventure ]]&gt;\n&lt;\/category&gt;\n&lt;dc:creator&gt;\n&lt;!&#091;CDATA&#091; Sobral, Patrick ]]&gt;\n&lt;\/dc:creator&gt;\n&lt;dc:creator&gt;\n&lt;!&#091;CDATA&#091; Lyfoung, Patricia ]]&gt;\n&lt;\/dc:creator&gt;\n&lt;dc:creator&gt;\n&lt;!&#091;CDATA&#091; Ogaki, Philippe ]]&gt;\n&lt;\/dc:creator&gt;\n&lt;dc:creator&gt;\n&lt;!&#091;CDATA&#091; Charve, Fr\u00e9d\u00e9ric ]]&gt;\n&lt;\/dc:creator&gt;\n&lt;dc:ean&gt;\n&lt;!&#091;CDATA&#091; 9782413001973 ]]&gt;\n&lt;\/dc:ean&gt;\n&lt;dc:format&gt;\n&lt;!&#091;CDATA&#091; Livre ]]&gt;\n&lt;\/dc:format&gt;\n&lt;dc:identifier&gt;9741323v_9755&lt;\/dc:identifier&gt;\n&lt;dc:isbn&gt;\n&lt;!&#091;CDATA&#091; 978-2-413-00197-3 ]]&gt;\n&lt;\/dc:isbn&gt;\n&lt;dc:language&gt;\n&lt;!&#091;CDATA&#091; Fran\u00e7ais ]]&gt;\n&lt;\/dc:language&gt;\n&lt;dc:nature&gt;\n&lt;!&#091;CDATA&#091; Bande dessin\u00e9e ]]&gt;\n&lt;\/dc:nature&gt;\n&lt;dc:publisher&gt;\n&lt;!&#091;CDATA&#091; Delcourt ]]&gt;\n&lt;\/dc:publisher&gt;\n&lt;description&gt;\n&lt;!&#091;CDATA&#091; Neo est un gar\u00e7on tr\u00e8s en col\u00e8re. Sa famille vit dans un quartier pauvre alors qu'elle habitait il y a peu dans une luxueuse villa des beaux quartiers. Neo est oblig\u00e9 de vendre des objets rep\u00each\u00e9s dans des \u00e9paves englouties et de participer \u00e0 des combats clandestins pour aider sa m\u00e8re qui ne supporte pas qu'il ne poursuive pas ses \u00e9tudes. Lorsque ses fr\u00e8res et soeurs disparaissent, la situation vire au tragique. ]]&gt;\n&lt;\/description&gt;\n&lt;enclosure url=\"https:\/\/images-e.esidoc.fr\/-382\/187\/9782413001973.jpg?d=20190402012339\"\/&gt;\n&lt;guid isPermaLink=\"true\"&gt;\n&lt;!&#091;CDATA&#091; https:\/\/9741323v.esidoc.fr\/document\/id_9741323v_9755.html ]]&gt;\n&lt;\/guid&gt;\n&lt;link&gt;\n&lt;!&#091;CDATA&#091; https:\/\/9741323v.esidoc.fr\/document\/id_9741323v_9755.html ]]&gt;\n&lt;\/link&gt;\n&lt;pubDate&gt;\n&lt;!&#091;CDATA&#091; 2019 ]]&gt;\n&lt;\/pubDate&gt;\n&lt;title&gt;\n&lt;!&#091;CDATA&#091; Les Mythics : Neo (6) ]]&gt;\n&lt;\/title&gt;\n&lt;\/item&gt;\n&lt;item&gt;\n&lt;auteur&gt;\n&lt;!&#091;CDATA&#091; Maya ]]&gt;\n&lt;\/auteur&gt;\n&lt;auteur&gt;\n&lt;!&#091;CDATA&#091; B\u00e9ka ]]&gt;\n&lt;\/auteur&gt;\n&lt;category&gt;\n&lt;!&#091;CDATA&#091; Sentimental ]]&gt;\n&lt;\/category&gt;\n&lt;dc:creator&gt;\n&lt;!&#091;CDATA&#091; Maya ]]&gt;\n&lt;\/dc:creator&gt;\n&lt;dc:creator&gt;\n&lt;!&#091;CDATA&#091; B\u00e9ka ]]&gt;\n&lt;\/dc:creator&gt;\n&lt;dc:ean&gt;\n&lt;!&#091;CDATA&#091; 9791034768721 ]]&gt;\n&lt;\/dc:ean&gt;\n&lt;dc:format&gt;\n&lt;!&#091;CDATA&#091; Livre ]]&gt;\n&lt;\/dc:format&gt;\n&lt;dc:identifier&gt;9741323v_9609&lt;\/dc:identifier&gt;\n&lt;dc:isbn&gt;\n&lt;!&#091;CDATA&#091; 979-10-347-6872-1 ]]&gt;\n&lt;\/dc:isbn&gt;\n&lt;dc:language&gt;\n&lt;!&#091;CDATA&#091; Fran\u00e7ais ]]&gt;\n&lt;\/dc:language&gt;\n&lt;dc:nature&gt;\n&lt;!&#091;CDATA&#091; Bande dessin\u00e9e ]]&gt;\n&lt;\/dc:nature&gt;\n&lt;dc:publisher&gt;\n&lt;!&#091;CDATA&#091; Dupuis ]]&gt;\n&lt;\/dc:publisher&gt;\n&lt;description&gt;\n&lt;!&#091;CDATA&#091; Enjoy Parasol, la plus belle fille du lyc\u00e9e, semble un peu perturb\u00e9e quand elle arrive \u00e0 l'\u00e9cole. Son coeur battrait-il pour autre chose que sa passion pour les \u00e9toiles? Garance part en vacances en \u00e9tant particuli\u00e8rement froide avec son voisin Adel. Arrivera-t-elle \u00e0 identifier ses sentiments et \u00e0 les exprimer... avant qu'il ne soit trop tard? Quant \u00e0 Ad\u00e8le, malmen\u00e9e par la vie, elle cache \u00e0 ses deux seules amies l'histoire d'amour qu'elle commence \u00e0 vivre en toute discr\u00e9tion. Les trois filles sont-elles enfin pr\u00eates \u00e0 d\u00e9couvrir, sans trop d'appr\u00e9hension et malgr\u00e9 les d\u00e9convenues pass\u00e9es, la plan\u00e8te de l'amour ? ]]&gt;\n&lt;\/description&gt;\n&lt;enclosure url=\"https:\/\/images-e.esidoc.fr\/1236\/533\/9791034768721.jpg?d=20230908114216\"\/&gt;\n&lt;guid isPermaLink=\"true\"&gt;\n&lt;!&#091;CDATA&#091; https:\/\/9741323v.esidoc.fr\/document\/id_9741323v_9609.html ]]&gt;\n&lt;\/guid&gt;\n&lt;link&gt;\n&lt;!&#091;CDATA&#091; https:\/\/9741323v.esidoc.fr\/document\/id_9741323v_9609.html ]]&gt;\n&lt;\/link&gt;\n&lt;pubDate&gt;\n&lt;!&#091;CDATA&#091; 2023 ]]&gt;\n&lt;\/pubDate&gt;\n&lt;title&gt;\n&lt;!&#091;CDATA&#091; Coeur coll\u00e8ge : La plan\u00e8te de l'amour (4) ]]&gt;\n&lt;\/title&gt;\n&lt;\/item&gt;\n&lt;item&gt;\n&lt;auteur&gt;\n&lt;!&#091;CDATA&#091; Maya ]]&gt;\n&lt;\/auteur&gt;\n&lt;auteur&gt;\n&lt;!&#091;CDATA&#091; B\u00e9ka ]]&gt;\n&lt;\/auteur&gt;\n&lt;category&gt;\n&lt;!&#091;CDATA&#091; Sentimental ]]&gt;\n&lt;\/category&gt;\n&lt;dc:creator&gt;\n&lt;!&#091;CDATA&#091; Maya ]]&gt;\n&lt;\/dc:creator&gt;\n&lt;dc:creator&gt;\n&lt;!&#091;CDATA&#091; B\u00e9ka ]]&gt;\n&lt;\/dc:creator&gt;\n&lt;dc:ean&gt;\n&lt;!&#091;CDATA&#091; 9782808504980 ]]&gt;\n&lt;\/dc:ean&gt;\n&lt;dc:format&gt;\n&lt;!&#091;CDATA&#091; Livre ]]&gt;\n&lt;\/dc:format&gt;\n&lt;dc:identifier&gt;9741323v_9611&lt;\/dc:identifier&gt;\n&lt;dc:isbn&gt;\n&lt;!&#091;CDATA&#091; 978-2-8085-0498-0 ]]&gt;\n&lt;\/dc:isbn&gt;\n&lt;dc:language&gt;\n&lt;!&#091;CDATA&#091; Fran\u00e7ais ]]&gt;\n&lt;\/dc:language&gt;\n&lt;dc:nature&gt;\n&lt;!&#091;CDATA&#091; Bande dessin\u00e9e ]]&gt;\n&lt;\/dc:nature&gt;\n&lt;dc:publisher&gt;\n&lt;!&#091;CDATA&#091; Dupuis ]]&gt;\n&lt;\/dc:publisher&gt;\n&lt;description&gt;\n&lt;!&#091;CDATA&#091; Jeune fille fragile sous l'emprise d'un manipulateur ma\u00eetre-chanteur, jeune homme complex\u00e9 par ses probl\u00e8mes de peau, ami imaginaire qui en aide un autre \u00e0 sortir de sa d\u00e9pression, coming-out des deux filles les plus populaires de l'\u00e9cole... d\u00e9cid\u00e9ment, la rentr\u00e9e de Garance et Linon n'est pas de tout repos et va leur faire d\u00e9couvrir toute la complexit\u00e9 des relations humaines. ]]&gt;\n&lt;\/description&gt;\n&lt;enclosure url=\"https:\/\/images-e.esidoc.fr\/-479\/95\/9782808504980.jpg?d=20240911143258\"\/&gt;\n&lt;guid isPermaLink=\"true\"&gt;\n&lt;!&#091;CDATA&#091; https:\/\/9741323v.esidoc.fr\/document\/id_9741323v_9611.html ]]&gt;\n&lt;\/guid&gt;\n&lt;link&gt;\n&lt;!&#091;CDATA&#091; https:\/\/9741323v.esidoc.fr\/document\/id_9741323v_9611.html ]]&gt;\n&lt;\/link&gt;\n&lt;pubDate&gt;\n&lt;!&#091;CDATA&#091; 2024 ]]&gt;\n&lt;\/pubDate&gt;\n&lt;title&gt;\n&lt;!&#091;CDATA&#091; Coeur coll\u00e8ge : L'amour \u00e0 nu (5) ]]&gt;\n&lt;\/title&gt;\n&lt;\/item&gt;\n&lt;item&gt;\n&lt;auteur&gt;\n&lt;!&#091;CDATA&#091; Zhou, Vivian ]]&gt;\n&lt;\/auteur&gt;\n&lt;category&gt;\n&lt;!&#091;CDATA&#091; Fantastique ]]&gt;\n&lt;\/category&gt;\n&lt;dc:creator&gt;\n&lt;!&#091;CDATA&#091; Zhou, Vivian ]]&gt;\n&lt;\/dc:creator&gt;\n&lt;dc:ean&gt;\n&lt;!&#091;CDATA&#091; 9791036366635 ]]&gt;\n&lt;\/dc:ean&gt;\n&lt;dc:format&gt;\n&lt;!&#091;CDATA&#091; Livre ]]&gt;\n&lt;\/dc:format&gt;\n&lt;dc:identifier&gt;9741323v_9771&lt;\/dc:identifier&gt;\n&lt;dc:isbn&gt;\n&lt;!&#091;CDATA&#091; 979-10-363-6663-5 ]]&gt;\n&lt;\/dc:isbn&gt;\n&lt;dc:language&gt;\n&lt;!&#091;CDATA&#091; Fran\u00e7ais ]]&gt;\n&lt;\/dc:language&gt;\n&lt;dc:nature&gt;\n&lt;!&#091;CDATA&#091; Bande dessin\u00e9e ]]&gt;\n&lt;\/dc:nature&gt;\n&lt;dc:publisher&gt;\n&lt;!&#091;CDATA&#091; Bayard jeunesse ]]&gt;\n&lt;\/dc:publisher&gt;\n&lt;description&gt;\n&lt;!&#091;CDATA&#091; Jeune sir\u00e8ne isol\u00e9e sur une \u00eele d\u00e9serte, Atana voit tomber du ciel Ren, une jeune oiseau de feu. Les deux filles deviennent rapidement amies, mais Atana n'est pas la seule \u00e0 avoir remarqu\u00e9 l'arriv\u00e9e de Ren - bien vite, les deux filles sont poursuivies par des chasseurs de magie, puis invit\u00e9es \u00e0 se cacher au palais de l'ancestrale et omnipotente Reine Sorci\u00e8re. Celle-ci offre s\u00e9curit\u00e9 et confort \u00e0 Ren et Atana, et leur propose m\u00eame de les aider \u00e0 \u00e9claircir certains myst\u00e8res de leur pass\u00e9. ]]&gt;\n&lt;\/description&gt;\n&lt;enclosure url=\"https:\/\/images-e.esidoc.fr\/-1398\/3\/9791036366635.jpg?d=20250130155812\"\/&gt;\n&lt;guid isPermaLink=\"true\"&gt;\n&lt;!&#091;CDATA&#091; https:\/\/9741323v.esidoc.fr\/document\/id_9741323v_9771.html ]]&gt;\n&lt;\/guid&gt;\n&lt;link&gt;\n&lt;!&#091;CDATA&#091; https:\/\/9741323v.esidoc.fr\/document\/id_9741323v_9771.html ]]&gt;\n&lt;\/link&gt;\n&lt;pubDate&gt;\n&lt;!&#091;CDATA&#091; 2025 ]]&gt;\n&lt;\/pubDate&gt;\n&lt;title&gt;\n&lt;!&#091;CDATA&#091; Atana et l'oiseau de feu. (1) ]]&gt;\n&lt;\/title&gt;\n&lt;\/item&gt;\n&lt;item&gt;\n&lt;auteur&gt;\n&lt;!&#091;CDATA&#091; Neel, Julien ]]&gt;\n&lt;\/auteur&gt;\n&lt;category&gt;\n&lt;!&#091;CDATA&#091; Humour ]]&gt;\n&lt;\/category&gt;\n&lt;category&gt;\n&lt;!&#091;CDATA&#091; Sentimental ]]&gt;\n&lt;\/category&gt;\n&lt;dc:creator&gt;\n&lt;!&#091;CDATA&#091; Neel, Julien ]]&gt;\n&lt;\/dc:creator&gt;\n&lt;dc:ean&gt;\n&lt;!&#091;CDATA&#091; 9782344049747 ]]&gt;\n&lt;\/dc:ean&gt;\n&lt;dc:format&gt;\n&lt;!&#091;CDATA&#091; Livre ]]&gt;\n&lt;\/dc:format&gt;\n&lt;dc:identifier&gt;9741323v_9227&lt;\/dc:identifier&gt;\n&lt;dc:isbn&gt;\n&lt;!&#091;CDATA&#091; 978-2-344-04974-7 ]]&gt;\n&lt;\/dc:isbn&gt;\n&lt;dc:language&gt;\n&lt;!&#091;CDATA&#091; Fran\u00e7ais ]]&gt;\n&lt;\/dc:language&gt;\n&lt;dc:nature&gt;\n&lt;!&#091;CDATA&#091; Bande dessin\u00e9e ]]&gt;\n&lt;\/dc:nature&gt;\n&lt;dc:publisher&gt;\n&lt;!&#091;CDATA&#091; Gl\u00e9nat ]]&gt;\n&lt;\/dc:publisher&gt;\n&lt;description&gt;\n&lt;!&#091;CDATA&#091; Vibrer au son de la musique n'a jamais \u00e9t\u00e9 aussi lib\u00e9rateur. Alors que son amie Marie-\u00c9milie se d\u00e9sole de ne pouvoir faire la f\u00eate, Lou a une id\u00e9e lumineuse ! Et si elle profitait du terrain dont elle vient d'h\u00e9riter \u00e0 Mortebouse pour organiser le plus grand festival de musique que la r\u00e9gion ait connu ! Motiv\u00e9e, Lou va se lancer \u00e0 100 % dans ce projet exaltant ! Heureusement, ses amis sont l\u00e0 pour l'aider car la t\u00e2che n'est pas de tout repos. ]]&gt;\n&lt;\/description&gt;\n&lt;enclosure url=\"https:\/\/images-e.esidoc.fr\/-1044\/803\/9782344049747.jpg?d=20230206110705\"\/&gt;\n&lt;guid isPermaLink=\"true\"&gt;\n&lt;!&#091;CDATA&#091; https:\/\/9741323v.esidoc.fr\/document\/id_9741323v_9227.html ]]&gt;\n&lt;\/guid&gt;\n&lt;link&gt;\n&lt;!&#091;CDATA&#091; https:\/\/9741323v.esidoc.fr\/document\/id_9741323v_9227.html ]]&gt;\n&lt;\/link&gt;\n&lt;pubDate&gt;\n&lt;!&#091;CDATA&#091; 2023 ]]&gt;\n&lt;\/pubDate&gt;\n&lt;title&gt;\n&lt;!&#091;CDATA&#091; Lou ! Sonata. (2) ]]&gt;\n&lt;\/title&gt;\n&lt;\/item&gt;\n&lt;item&gt;\n&lt;auteur&gt;\n&lt;!&#091;CDATA&#091; Vidal, S\u00e9verine ]]&gt;\n&lt;\/auteur&gt;\n&lt;auteur&gt;\n&lt;!&#091;CDATA&#091; Causse, Manu ]]&gt;\n&lt;\/auteur&gt;\n&lt;auteur&gt;\n&lt;!&#091;CDATA&#091; Rey, Javi ]]&gt;\n&lt;\/auteur&gt;\n&lt;category&gt;\n&lt;!&#091;CDATA&#091; Fait de soci\u00e9t\u00e9 ]]&gt;\n&lt;\/category&gt;\n&lt;category&gt;\n&lt;!&#091;CDATA&#091; Sentimental ]]&gt;\n&lt;\/category&gt;\n&lt;dc:creator&gt;\n&lt;!&#091;CDATA&#091; Vidal, S\u00e9verine ]]&gt;\n&lt;\/dc:creator&gt;\n&lt;dc:creator&gt;\n&lt;!&#091;CDATA&#091; Causse, Manu ]]&gt;\n&lt;\/dc:creator&gt;\n&lt;dc:creator&gt;\n&lt;!&#091;CDATA&#091; Rey, Javi ]]&gt;\n&lt;\/dc:creator&gt;\n&lt;dc:ean&gt;\n&lt;!&#091;CDATA&#091; 9791036312533 ]]&gt;\n&lt;\/dc:ean&gt;\n&lt;dc:format&gt;\n&lt;!&#091;CDATA&#091; Livre ]]&gt;\n&lt;\/dc:format&gt;\n&lt;dc:identifier&gt;9741323v_9621&lt;\/dc:identifier&gt;\n&lt;dc:isbn&gt;\n&lt;!&#091;CDATA&#091; 979-10-363-1253-3 ]]&gt;\n&lt;\/dc:isbn&gt;\n&lt;dc:language&gt;\n&lt;!&#091;CDATA&#091; Fran\u00e7ais ]]&gt;\n&lt;\/dc:language&gt;\n&lt;dc:nature&gt;\n&lt;!&#091;CDATA&#091; Bande dessin\u00e9e ]]&gt;\n&lt;\/dc:nature&gt;\n&lt;dc:publisher&gt;\n&lt;!&#091;CDATA&#091; Bande d'ados ]]&gt;\n&lt;\/dc:publisher&gt;\n&lt;description&gt;\n&lt;!&#091;CDATA&#091; Nouveau venu au coll\u00e8ge Georges-Brassens, Vladimir, dit Vlad, a les genoux qui se cognent et les mouvements d\u00e9sordonn\u00e9s d'un pantin d\u00e9sarticul\u00e9... Handicap\u00e9 de naissance, ce jeune passionn\u00e9 de cin\u00e9ma tombe vite sous le charme de la jolie Lou... mais elle sort avec l'odieux Morgan ! Heureusement, Vlad n'a pas la langue dans sa poche et il ne compte pas laisser son handicap \u00eatre un obstacle. ]]&gt;\n&lt;\/description&gt;\n&lt;enclosure url=\"https:\/\/images-e.esidoc.fr\/-1402\/741\/9791036312533.jpg?d=20230103153853\"\/&gt;\n&lt;guid isPermaLink=\"true\"&gt;\n&lt;!&#091;CDATA&#091; https:\/\/9741323v.esidoc.fr\/document\/id_9741323v_9621.html ]]&gt;\n&lt;\/guid&gt;\n&lt;link&gt;\n&lt;!&#091;CDATA&#091; https:\/\/9741323v.esidoc.fr\/document\/id_9741323v_9621.html ]]&gt;\n&lt;\/link&gt;\n&lt;pubDate&gt;\n&lt;!&#091;CDATA&#091; 2023 ]]&gt;\n&lt;\/pubDate&gt;\n&lt;title&gt;\n&lt;!&#091;CDATA&#091; Nos coeurs tordus : \u00c7a tourne au coll\u00e8ge ! ]]&gt;\n&lt;\/title&gt;\n&lt;\/item&gt;\n&lt;item&gt;\n&lt;auteur&gt;\n&lt;!&#091;CDATA&#091; Muhova, Kalina ]]&gt;\n&lt;\/auteur&gt;\n&lt;category&gt;\n&lt;!&#091;CDATA&#091; Fantastique ]]&gt;\n&lt;\/category&gt;\n&lt;dc:creator&gt;\n&lt;!&#091;CDATA&#091; Muhova, Kalina ]]&gt;\n&lt;\/dc:creator&gt;\n&lt;dc:ean&gt;\n&lt;!&#091;CDATA&#091; 9782408031398 ]]&gt;\n&lt;\/dc:ean&gt;\n&lt;dc:format&gt;\n&lt;!&#091;CDATA&#091; Livre ]]&gt;\n&lt;\/dc:format&gt;\n&lt;dc:identifier&gt;9741323v_9622&lt;\/dc:identifier&gt;\n&lt;dc:isbn&gt;\n&lt;!&#091;CDATA&#091; 978-2-408-03139-8 ]]&gt;\n&lt;\/dc:isbn&gt;\n&lt;dc:language&gt;\n&lt;!&#091;CDATA&#091; Fran\u00e7ais ]]&gt;\n&lt;\/dc:language&gt;\n&lt;dc:nature&gt;\n&lt;!&#091;CDATA&#091; Bande dessin\u00e9e ]]&gt;\n&lt;\/dc:nature&gt;\n&lt;dc:publisher&gt;\n&lt;!&#091;CDATA&#091; Bande d'ados ]]&gt;\n&lt;\/dc:publisher&gt;\n&lt;description&gt;\n&lt;!&#091;CDATA&#091; Afin de parfaire les cr\u00eapes que pr\u00e9pare la grand-m\u00e8re de Diana, toutes deux s'enfoncent dans les bois o\u00f9 poussent les fraises qui leur serviront \u00e0 concocter de la confiture. Rien ne pr\u00e9sageait le bouleversement de la journ\u00e9e, sauf peut-\u00eatre la grande maladresse de Diana, qui, juch\u00e9e sur une falaise pour cueillir des fruits, tombe soudainement dans la rivi\u00e8re. Lorsque la jeune fille rouvre les yeux, le monde des roses s'\u00e9tend devant elle. Elle y rencontre Henry, un citoyen du peuple des roses : de minuscules cr\u00e9atures vertes vivant de p\u00e9tales et de f\u00eates. H\u00e9las, depuis un certain temps, les petites roses ont perdu leur joie de vivre. Les g\u00e9ants n'arr\u00eatent pas de jeter des d\u00e9tritus sur leur territoire, d\u00e9truisant ainsi leur magnifique pays. Diana, prenant conscience de faire partie du monde des grandes personnes, propose ses services \u00e0 la reine des roses. ]]&gt;\n&lt;\/description&gt;\n&lt;enclosure url=\"https:\/\/images-e.esidoc.fr\/-1979\/682\/9782408031398.jpg?d=20220922152712\"\/&gt;\n&lt;guid isPermaLink=\"true\"&gt;\n&lt;!&#091;CDATA&#091; https:\/\/9741323v.esidoc.fr\/document\/id_9741323v_9622.html ]]&gt;\n&lt;\/guid&gt;\n&lt;link&gt;\n&lt;!&#091;CDATA&#091; https:\/\/9741323v.esidoc.fr\/document\/id_9741323v_9622.html ]]&gt;\n&lt;\/link&gt;\n&lt;pubDate&gt;\n&lt;!&#091;CDATA&#091; 2022 ]]&gt;\n&lt;\/pubDate&gt;\n&lt;title&gt;\n&lt;!&#091;CDATA&#091; Diana : d'un monde \u00e0 l'autre. ]]&gt;\n&lt;\/title&gt;\n&lt;\/item&gt;\n&lt;item&gt;\n&lt;auteur&gt;\n&lt;!&#091;CDATA&#091; Cr\u00e9pon, Sophie ]]&gt;\n&lt;\/auteur&gt;\n&lt;auteur&gt;\n&lt;!&#091;CDATA&#091; Baily, Juliette ]]&gt;\n&lt;\/auteur&gt;\n&lt;dc:creator&gt;\n&lt;!&#091;CDATA&#091; Cr\u00e9pon, Sophie ]]&gt;\n&lt;\/dc:creator&gt;\n&lt;dc:creator&gt;\n&lt;!&#091;CDATA&#091; Baily, Juliette ]]&gt;\n&lt;\/dc:creator&gt;\n&lt;dc:ean&gt;\n&lt;!&#091;CDATA&#091; 9791036371837 ]]&gt;\n&lt;\/dc:ean&gt;\n&lt;dc:format&gt;\n&lt;!&#091;CDATA&#091; Livre ]]&gt;\n&lt;\/dc:format&gt;\n&lt;dc:identifier&gt;9741323v_8759&lt;\/dc:identifier&gt;\n&lt;dc:isbn&gt;\n&lt;!&#091;CDATA&#091; 979-10-363-7183-7 ]]&gt;\n&lt;\/dc:isbn&gt;\n&lt;dc:language&gt;\n&lt;!&#091;CDATA&#091; Fran\u00e7ais ]]&gt;\n&lt;\/dc:language&gt;\n&lt;dc:nature&gt;\n&lt;!&#091;CDATA&#091; Documentaire ]]&gt;\n&lt;\/dc:nature&gt;\n&lt;dc:publisher&gt;\n&lt;!&#091;CDATA&#091; Bayard jeunesse ]]&gt;\n&lt;\/dc:publisher&gt;\n&lt;description&gt;\n&lt;!&#091;CDATA&#091; Qui est le premier m\u00e9decin ? C'est quoi, l'\u00e9volution ? Comment a-t-on d\u00e9couvert l'\u00e9lectricit\u00e9 ? Pourquoi les math\u00e9matiques ont servi \u00e0 partir sur la Lune ? Toutes les r\u00e9ponses sur la fascinante histoire des sciences gr\u00e2ce \u00e0 une compilation de 22 BD augment\u00e9e de pages documentaires. Les tous premiers savants, les sciences de la vie et de la Terre, l'a\u00e9ronautique et l'espace, la m\u00e9decine et la science dans la vie quotidienne : les 5 chapitres couvrent tous les domaines de la science. ]]&gt;\n&lt;\/description&gt;\n&lt;enclosure url=\"https:\/\/images-e.esidoc.fr\/-1397\/227\/9791036371837.jpg?d=20250516144826\"\/&gt;\n&lt;guid isPermaLink=\"true\"&gt;\n&lt;!&#091;CDATA&#091; https:\/\/9741323v.esidoc.fr\/document\/id_9741323v_8759.html ]]&gt;\n&lt;\/guid&gt;\n&lt;link&gt;\n&lt;!&#091;CDATA&#091; https:\/\/9741323v.esidoc.fr\/document\/id_9741323v_8759.html ]]&gt;\n&lt;\/link&gt;\n&lt;pubDate&gt;\n&lt;!&#091;CDATA&#091; 2025 ]]&gt;\n&lt;\/pubDate&gt;\n&lt;title&gt;\n&lt;!&#091;CDATA&#091; L'histoire des sciences en BD : des savants grecs \u00e0 la conqu\u00eate de Mars ]]&gt;\n&lt;\/title&gt;\n&lt;\/item&gt;\n&lt;item&gt;\n&lt;auteur&gt;\n&lt;!&#091;CDATA&#091; Steinlein, Christina ]]&gt;\n&lt;\/auteur&gt;\n&lt;auteur&gt;\n&lt;!&#091;CDATA&#091; Scheier, Mieke ]]&gt;\n&lt;\/auteur&gt;\n&lt;dc:creator&gt;\n&lt;!&#091;CDATA&#091; Steinlein, Christina ]]&gt;\n&lt;\/dc:creator&gt;\n&lt;dc:creator&gt;\n&lt;!&#091;CDATA&#091; Scheier, Mieke ]]&gt;\n&lt;\/dc:creator&gt;\n&lt;dc:ean&gt;\n&lt;!&#091;CDATA&#091; 9782408042264 ]]&gt;\n&lt;\/dc:ean&gt;\n&lt;dc:format&gt;\n&lt;!&#091;CDATA&#091; Livre ]]&gt;\n&lt;\/dc:format&gt;\n&lt;dc:identifier&gt;9741323v_9487&lt;\/dc:identifier&gt;\n&lt;dc:isbn&gt;\n&lt;!&#091;CDATA&#091; 978-2-408-04226-4 ]]&gt;\n&lt;\/dc:isbn&gt;\n&lt;dc:language&gt;\n&lt;!&#091;CDATA&#091; Fran\u00e7ais ]]&gt;\n&lt;\/dc:language&gt;\n&lt;dc:nature&gt;\n&lt;!&#091;CDATA&#091; Documentaire ]]&gt;\n&lt;\/dc:nature&gt;\n&lt;dc:publisher&gt;\n&lt;!&#091;CDATA&#091; Milan ]]&gt;\n&lt;\/dc:publisher&gt;\n&lt;description&gt;\n&lt;!&#091;CDATA&#091; L'eau est \u00e0 l'origine de la vie, sans elle rien n'existe. De la formation de notre plan\u00e8te aux enjeux d'aujourd'hui, l'autrice explique point par point en quoi l'eau est une ressource exceptionnelle. Une mani\u00e8re de montrer gr\u00e2ce \u00e0 des exemples clairs et illustr\u00e9s pourquoi nous devons chacun y faire attention et en quoi elle doit \u00eatre la pr\u00e9occupation de tous. ]]&gt;\n&lt;\/description&gt;\n&lt;enclosure url=\"https:\/\/images-e.esidoc.fr\/-1978\/730\/9782408042264.jpg?d=20240507102200\"\/&gt;\n&lt;guid isPermaLink=\"true\"&gt;\n&lt;!&#091;CDATA&#091; https:\/\/9741323v.esidoc.fr\/document\/id_9741323v_9487.html ]]&gt;\n&lt;\/guid&gt;\n&lt;link&gt;\n&lt;!&#091;CDATA&#091; https:\/\/9741323v.esidoc.fr\/document\/id_9741323v_9487.html ]]&gt;\n&lt;\/link&gt;\n&lt;pubDate&gt;\n&lt;!&#091;CDATA&#091; 2024 ]]&gt;\n&lt;\/pubDate&gt;\n&lt;title&gt;\n&lt;!&#091;CDATA&#091; L'eau, c'est la vie. ]]&gt;\n&lt;\/title&gt;\n&lt;\/item&gt;\n&lt;item&gt;\n&lt;auteur&gt;\n&lt;!&#091;CDATA&#091; Amblard, Odile ]]&gt;\n&lt;\/auteur&gt;\n&lt;auteur&gt;\n&lt;!&#091;CDATA&#091; Mikankey ]]&gt;\n&lt;\/auteur&gt;\n&lt;dc:creator&gt;\n&lt;!&#091;CDATA&#091; Amblard, Odile ]]&gt;\n&lt;\/dc:creator&gt;\n&lt;dc:creator&gt;\n&lt;!&#091;CDATA&#091; Mikankey ]]&gt;\n&lt;\/dc:creator&gt;\n&lt;dc:ean&gt;\n&lt;!&#091;CDATA&#091; 9791036366642 ]]&gt;\n&lt;\/dc:ean&gt;\n&lt;dc:format&gt;\n&lt;!&#091;CDATA&#091; Livre ]]&gt;\n&lt;\/dc:format&gt;\n&lt;dc:identifier&gt;9741323v_9332&lt;\/dc:identifier&gt;\n&lt;dc:isbn&gt;\n&lt;!&#091;CDATA&#091; 979-10-363-6664-2 ]]&gt;\n&lt;\/dc:isbn&gt;\n&lt;dc:language&gt;\n&lt;!&#091;CDATA&#091; Fran\u00e7ais ]]&gt;\n&lt;\/dc:language&gt;\n&lt;dc:nature&gt;\n&lt;!&#091;CDATA&#091; Documentaire ]]&gt;\n&lt;\/dc:nature&gt;\n&lt;dc:publisher&gt;\n&lt;!&#091;CDATA&#091; Bayard jeunesse ]]&gt;\n&lt;\/dc:publisher&gt;\n&lt;description&gt;\n&lt;!&#091;CDATA&#091; Un guide sur les questions de sant\u00e9 mentale et d'\u00e9co-anxi\u00e9t\u00e9 qui les pr\u00e9occupent particuli\u00e8rement depuis la crise Covid. Tout ce qui questionne les ados sur l'avenir de la plan\u00e8te, l'inaction climatique, la pression scolaire, les d\u00e9pendances, le trop-plein d'information, les guerres, la surconsommation, etc. est dans ce livre ! ]]&gt;\n&lt;\/description&gt;\n&lt;enclosure url=\"https:\/\/images-e.esidoc.fr\/-1398\/3\/9791036366642.jpg?d=20250318171344\"\/&gt;\n&lt;guid isPermaLink=\"true\"&gt;\n&lt;!&#091;CDATA&#091; https:\/\/9741323v.esidoc.fr\/document\/id_9741323v_9332.html ]]&gt;\n&lt;\/guid&gt;\n&lt;link&gt;\n&lt;!&#091;CDATA&#091; https:\/\/9741323v.esidoc.fr\/document\/id_9741323v_9332.html ]]&gt;\n&lt;\/link&gt;\n&lt;pubDate&gt;\n&lt;!&#091;CDATA&#091; 2025 ]]&gt;\n&lt;\/pubDate&gt;\n&lt;title&gt;\n&lt;!&#091;CDATA&#091; Comment faire quand j'ai l'impression que tout va mal ? : des solutions concr\u00e8tes, des id\u00e9es d'actions pour se sentir mieux ]]&gt;\n&lt;\/title&gt;\n&lt;\/item&gt;\n&lt;item&gt;\n&lt;auteur&gt;\n&lt;!&#091;CDATA&#091; Lyfoung, Patricia ]]&gt;\n&lt;\/auteur&gt;\n&lt;category&gt;\n&lt;!&#091;CDATA&#091; Aventure ]]&gt;\n&lt;\/category&gt;\n&lt;dc:creator&gt;\n&lt;!&#091;CDATA&#091; Lyfoung, Patricia ]]&gt;\n&lt;\/dc:creator&gt;\n&lt;dc:ean&gt;\n&lt;!&#091;CDATA&#091; 9782413044673 ]]&gt;\n&lt;\/dc:ean&gt;\n&lt;dc:format&gt;\n&lt;!&#091;CDATA&#091; Livre ]]&gt;\n&lt;\/dc:format&gt;\n&lt;dc:identifier&gt;9741323v_9775&lt;\/dc:identifier&gt;\n&lt;dc:isbn&gt;\n&lt;!&#091;CDATA&#091; 978-2-413-04467-3 ]]&gt;\n&lt;\/dc:isbn&gt;\n&lt;dc:language&gt;\n&lt;!&#091;CDATA&#091; Fran\u00e7ais ]]&gt;\n&lt;\/dc:language&gt;\n&lt;dc:nature&gt;\n&lt;!&#091;CDATA&#091; Bande dessin\u00e9e ]]&gt;\n&lt;\/dc:nature&gt;\n&lt;dc:publisher&gt;\n&lt;!&#091;CDATA&#091; Delcourt ]]&gt;\n&lt;\/dc:publisher&gt;\n&lt;description&gt;\n&lt;!&#091;CDATA&#091; Depuis la disparition de Guilhem, Maud le recherche sans rel\u00e2che en Chine, elle le manque de peu et apprend qu'il est en route pour la France. Ignorant qu'il est amn\u00e9sique et sous l'emprise de Samsa, l'inqui\u00e9tant serviteur de M. Volton, notre h\u00e9ro\u00efne retourne au pays pour le retrouver. Mais Samsa a d\u00e9j\u00e0 commenc\u00e9 \u00e0 troubler l'esprit du Renard en lui mentant sur son pass\u00e9... ]]&gt;\n&lt;\/description&gt;\n&lt;enclosure url=\"https:\/\/images-e.esidoc.fr\/-378\/407\/9782413044673.jpg?d=20220926155934\"\/&gt;\n&lt;guid isPermaLink=\"true\"&gt;\n&lt;!&#091;CDATA&#091; https:\/\/9741323v.esidoc.fr\/document\/id_9741323v_9775.html ]]&gt;\n&lt;\/guid&gt;\n&lt;link&gt;\n&lt;!&#091;CDATA&#091; https:\/\/9741323v.esidoc.fr\/document\/id_9741323v_9775.html ]]&gt;\n&lt;\/link&gt;\n&lt;pubDate&gt;\n&lt;!&#091;CDATA&#091; 2022 ]]&gt;\n&lt;\/pubDate&gt;\n&lt;title&gt;\n&lt;!&#091;CDATA&#091; La Rose \u00e9carlate : Nous sommes li\u00e9s (19) ]]&gt;\n&lt;\/title&gt;\n&lt;\/item&gt;\n&lt;item&gt;\n&lt;auteur&gt;\n&lt;!&#091;CDATA&#091; Lyfoung, Patricia ]]&gt;\n&lt;\/auteur&gt;\n&lt;category&gt;\n&lt;!&#091;CDATA&#091; Aventure ]]&gt;\n&lt;\/category&gt;\n&lt;dc:creator&gt;\n&lt;!&#091;CDATA&#091; Lyfoung, Patricia ]]&gt;\n&lt;\/dc:creator&gt;\n&lt;dc:ean&gt;\n&lt;!&#091;CDATA&#091; 9782413083153 ]]&gt;\n&lt;\/dc:ean&gt;\n&lt;dc:format&gt;\n&lt;!&#091;CDATA&#091; Livre ]]&gt;\n&lt;\/dc:format&gt;\n&lt;dc:identifier&gt;9741323v_9761&lt;\/dc:identifier&gt;\n&lt;dc:isbn&gt;\n&lt;!&#091;CDATA&#091; 978-2-413-08315-3 ]]&gt;\n&lt;\/dc:isbn&gt;\n&lt;dc:language&gt;\n&lt;!&#091;CDATA&#091; Fran\u00e7ais ]]&gt;\n&lt;\/dc:language&gt;\n&lt;dc:nature&gt;\n&lt;!&#091;CDATA&#091; Bande dessin\u00e9e ]]&gt;\n&lt;\/dc:nature&gt;\n&lt;dc:publisher&gt;\n&lt;!&#091;CDATA&#091; Delcourt ]]&gt;\n&lt;\/dc:publisher&gt;\n&lt;description&gt;\n&lt;!&#091;CDATA&#091; Rubis est lib\u00e9r\u00e9e par Pandora, sa fid\u00e8le voleuse, et apprend la mort du ma\u00eetre du Cercle et de ses quatre chevaliers. Ailleurs, la Rose \u00e9carlate est poursuivie par la garde du Roi pour vol et trahison. Elle se retrouve coinc\u00e9e avec Guilhem dans une montgolfi\u00e8re qui plonge dangereusement vers le sol. Se sortiront-ils d'affaire et pourront-ils r\u00e9apprendre \u00e0 se faire confiance ' ]]&gt;\n&lt;\/description&gt;\n&lt;enclosure url=\"https:\/\/images-e.esidoc.fr\/-374\/747\/9782413083153.jpg?d=20240903155808\"\/&gt;\n&lt;guid isPermaLink=\"true\"&gt;\n&lt;!&#091;CDATA&#091; https:\/\/9741323v.esidoc.fr\/document\/id_9741323v_9761.html ]]&gt;\n&lt;\/guid&gt;\n&lt;link&gt;\n&lt;!&#091;CDATA&#091; https:\/\/9741323v.esidoc.fr\/document\/id_9741323v_9761.html ]]&gt;\n&lt;\/link&gt;\n&lt;pubDate&gt;\n&lt;!&#091;CDATA&#091; 2024 ]]&gt;\n&lt;\/pubDate&gt;\n&lt;title&gt;\n&lt;!&#091;CDATA&#091; La Rose \u00e9carlate : Nous nous connaissons depuis si longtemps (21) ]]&gt;\n&lt;\/title&gt;\n&lt;\/item&gt;\n&lt;item&gt;\n&lt;auteur&gt;\n&lt;!&#091;CDATA&#091; Lyfoung, Patricia ]]&gt;\n&lt;\/auteur&gt;\n&lt;dc:creator&gt;\n&lt;!&#091;CDATA&#091; Lyfoung, Patricia ]]&gt;\n&lt;\/dc:creator&gt;\n&lt;dc:ean&gt;\n&lt;!&#091;CDATA&#091; 9782413076216 ]]&gt;\n&lt;\/dc:ean&gt;\n&lt;dc:format&gt;\n&lt;!&#091;CDATA&#091; Livre ]]&gt;\n&lt;\/dc:format&gt;\n&lt;dc:identifier&gt;9741323v_9757&lt;\/dc:identifier&gt;\n&lt;dc:isbn&gt;\n&lt;!&#091;CDATA&#091; 978-2-413-07621-6 ]]&gt;\n&lt;\/dc:isbn&gt;\n&lt;dc:language&gt;\n&lt;!&#091;CDATA&#091; Fran\u00e7ais ]]&gt;\n&lt;\/dc:language&gt;\n&lt;dc:nature&gt;\n&lt;!&#091;CDATA&#091; Bande dessin\u00e9e ]]&gt;\n&lt;\/dc:nature&gt;\n&lt;dc:publisher&gt;\n&lt;!&#091;CDATA&#091; Delcourt ]]&gt;\n&lt;\/dc:publisher&gt;\n&lt;description&gt;\n&lt;!&#091;CDATA&#091; Lorsque Maud retrouve enfin Guillem, elle n'est malheureusement pas au meilleur de sa forme ni au bout de ses surprises. Ce dernier a perdu la m\u00e9moire et semble la tenir pour responsable de tous ses maux alors qu'elle est elle m\u00eame victime d'empoisonnement. Arrivent alors deux inconnus qui se jettent dans la bataille. Amis ou ennemis ' ]]&gt;\n&lt;\/description&gt;\n&lt;enclosure url=\"https:\/\/images-e.esidoc.fr\/-375\/581\/9782413076216.jpg?d=20231001122214\"\/&gt;\n&lt;guid isPermaLink=\"true\"&gt;\n&lt;!&#091;CDATA&#091; https:\/\/9741323v.esidoc.fr\/document\/id_9741323v_9757.html ]]&gt;\n&lt;\/guid&gt;\n&lt;link&gt;\n&lt;!&#091;CDATA&#091; https:\/\/9741323v.esidoc.fr\/document\/id_9741323v_9757.html ]]&gt;\n&lt;\/link&gt;\n&lt;pubDate&gt;\n&lt;!&#091;CDATA&#091; 2023 ]]&gt;\n&lt;\/pubDate&gt;\n&lt;title&gt;\n&lt;!&#091;CDATA&#091; La Rose \u00e9carlate : Nous sommes deux (20) ]]&gt;\n&lt;\/title&gt;\n&lt;\/item&gt;\n&lt;item&gt;\n&lt;auteur&gt;\n&lt;!&#091;CDATA&#091; Lyfoung, Patricia ]]&gt;\n&lt;\/auteur&gt;\n&lt;category&gt;\n&lt;!&#091;CDATA&#091; Aventure ]]&gt;\n&lt;\/category&gt;\n&lt;dc:creator&gt;\n&lt;!&#091;CDATA&#091; Lyfoung, Patricia ]]&gt;\n&lt;\/dc:creator&gt;\n&lt;dc:ean&gt;\n&lt;!&#091;CDATA&#091; 9782413040682 ]]&gt;\n&lt;\/dc:ean&gt;\n&lt;dc:format&gt;\n&lt;!&#091;CDATA&#091; Livre ]]&gt;\n&lt;\/dc:format&gt;\n&lt;dc:identifier&gt;9741323v_9776&lt;\/dc:identifier&gt;\n&lt;dc:isbn&gt;\n&lt;!&#091;CDATA&#091; 978-2-413-04068-2 ]]&gt;\n&lt;\/dc:isbn&gt;\n&lt;dc:language&gt;\n&lt;!&#091;CDATA&#091; Fran\u00e7ais ]]&gt;\n&lt;\/dc:language&gt;\n&lt;dc:nature&gt;\n&lt;!&#091;CDATA&#091; Bande dessin\u00e9e ]]&gt;\n&lt;\/dc:nature&gt;\n&lt;dc:publisher&gt;\n&lt;!&#091;CDATA&#091; Delcourt ]]&gt;\n&lt;\/dc:publisher&gt;\n&lt;description&gt;\n&lt;!&#091;CDATA&#091; Nos fiers amis, perdus loin de chez eux, se remettent \u00e0 peine de la terrible traitrise dont ils ont \u00e9t\u00e9 victimes. Pour couronner le tout, Maud, Guilhem et Ming-na sont aux mains du terrible Qwartz, r\u00e9solu \u00e0 leur faire subir les pires tortures pour se venger du sort qu'ils ont fait \u00e0 la cruelle Diamant. Non loin d'eux le pauvre Killian n'est malheureusement pas en meilleure position. ]]&gt;\n&lt;\/description&gt;\n&lt;enclosure url=\"https:\/\/images-e.esidoc.fr\/-378\/526\/9782413040682.jpg?d=20210928110531\"\/&gt;\n&lt;guid isPermaLink=\"true\"&gt;\n&lt;!&#091;CDATA&#091; https:\/\/9741323v.esidoc.fr\/document\/id_9741323v_9776.html ]]&gt;\n&lt;\/guid&gt;\n&lt;link&gt;\n&lt;!&#091;CDATA&#091; https:\/\/9741323v.esidoc.fr\/document\/id_9741323v_9776.html ]]&gt;\n&lt;\/link&gt;\n&lt;pubDate&gt;\n&lt;!&#091;CDATA&#091; 2021 ]]&gt;\n&lt;\/pubDate&gt;\n&lt;title&gt;\n&lt;!&#091;CDATA&#091; La Rose \u00e9carlate : Elle est de retour (18) ]]&gt;\n&lt;\/title&gt;\n&lt;\/item&gt;\n&lt;item&gt;\n&lt;auteur&gt;\n&lt;!&#091;CDATA&#091; Sobral, Patrick ]]&gt;\n&lt;\/auteur&gt;\n&lt;auteur&gt;\n&lt;!&#091;CDATA&#091; Lyfoung, Patricia ]]&gt;\n&lt;\/auteur&gt;\n&lt;auteur&gt;\n&lt;!&#091;CDATA&#091; Ogaki, Philippe ]]&gt;\n&lt;\/auteur&gt;\n&lt;auteur&gt;\n&lt;!&#091;CDATA&#091; Jenny ]]&gt;\n&lt;\/auteur&gt;\n&lt;auteur&gt;\n&lt;!&#091;CDATA&#091; Mister Chocoman ]]&gt;\n&lt;\/auteur&gt;\n&lt;category&gt;\n&lt;!&#091;CDATA&#091; L\u00e9gende ]]&gt;\n&lt;\/category&gt;\n&lt;dc:creator&gt;\n&lt;!&#091;CDATA&#091; Sobral, Patrick ]]&gt;\n&lt;\/dc:creator&gt;\n&lt;dc:creator&gt;\n&lt;!&#091;CDATA&#091; Lyfoung, Patricia ]]&gt;\n&lt;\/dc:creator&gt;\n&lt;dc:creator&gt;\n&lt;!&#091;CDATA&#091; Ogaki, Philippe ]]&gt;\n&lt;\/dc:creator&gt;\n&lt;dc:creator&gt;\n&lt;!&#091;CDATA&#091; Jenny ]]&gt;\n&lt;\/dc:creator&gt;\n&lt;dc:creator&gt;\n&lt;!&#091;CDATA&#091; Mister Chocoman ]]&gt;\n&lt;\/dc:creator&gt;\n&lt;dc:ean&gt;\n&lt;!&#091;CDATA&#091; 9782413019671 ]]&gt;\n&lt;\/dc:ean&gt;\n&lt;dc:format&gt;\n&lt;!&#091;CDATA&#091; Livre ]]&gt;\n&lt;\/dc:format&gt;\n&lt;dc:identifier&gt;9741323v_9774&lt;\/dc:identifier&gt;\n&lt;dc:isbn&gt;\n&lt;!&#091;CDATA&#091; 978-2-413-01967-1 ]]&gt;\n&lt;\/dc:isbn&gt;\n&lt;dc:language&gt;\n&lt;!&#091;CDATA&#091; Fran\u00e7ais ]]&gt;\n&lt;\/dc:language&gt;\n&lt;dc:nature&gt;\n&lt;!&#091;CDATA&#091; Bande dessin\u00e9e ]]&gt;\n&lt;\/dc:nature&gt;\n&lt;dc:publisher&gt;\n&lt;!&#091;CDATA&#091; Delcourt ]]&gt;\n&lt;\/dc:publisher&gt;\n&lt;description&gt;\n&lt;!&#091;CDATA&#091; Nos h\u00e9ros sont parvenus \u00e0 lib\u00e9rer Ga\u00efa. Malheureusement, sans le savoir, ils ont rendu dans le m\u00eame temps sa libert\u00e9 au Chaos, retenu prisonnier lui aussi. Le Mal tente alors d'en prendre le contr\u00f4le et un combat s'engage avec la Tour Eiffel pour t\u00e9moin. Mais nul ne peut contr\u00f4ler le Chaos et le Mal en paie le prix fort. Le Chaos est alors libre de d\u00e9truire la Terre. Que pourront faire les Mythics ? ]]&gt;\n&lt;\/description&gt;\n&lt;enclosure url=\"https:\/\/images-e.esidoc.fr\/-381\/29\/9782413019671.jpg?d=20200827094117\"\/&gt;\n&lt;guid isPermaLink=\"true\"&gt;\n&lt;!&#091;CDATA&#091; https:\/\/9741323v.esidoc.fr\/document\/id_9741323v_9774.html ]]&gt;\n&lt;\/guid&gt;\n&lt;link&gt;\n&lt;!&#091;CDATA&#091; https:\/\/9741323v.esidoc.fr\/document\/id_9741323v_9774.html ]]&gt;\n&lt;\/link&gt;\n&lt;pubDate&gt;\n&lt;!&#091;CDATA&#091; 2020 ]]&gt;\n&lt;\/pubDate&gt;\n&lt;title&gt;\n&lt;!&#091;CDATA&#091; Les Mythics : Chaos (10) ]]&gt;\n&lt;\/title&gt;\n&lt;\/item&gt;\n&lt;item&gt;\n&lt;auteur&gt;\n&lt;!&#091;CDATA&#091; Sobral, Patrick ]]&gt;\n&lt;\/auteur&gt;\n&lt;auteur&gt;\n&lt;!&#091;CDATA&#091; Lyfoung, Patricia ]]&gt;\n&lt;\/auteur&gt;\n&lt;auteur&gt;\n&lt;!&#091;CDATA&#091; Ogaki, Philippe ]]&gt;\n&lt;\/auteur&gt;\n&lt;auteur&gt;\n&lt;!&#091;CDATA&#091; Jarry, Nicolas ]]&gt;\n&lt;\/auteur&gt;\n&lt;auteur&gt;\n&lt;!&#091;CDATA&#091; Alqui\u00e9, J\u00e9r\u00f4me ]]&gt;\n&lt;\/auteur&gt;\n&lt;category&gt;\n&lt;!&#091;CDATA&#091; L\u00e9gende ]]&gt;\n&lt;\/category&gt;\n&lt;dc:creator&gt;\n&lt;!&#091;CDATA&#091; Sobral, Patrick ]]&gt;\n&lt;\/dc:creator&gt;\n&lt;dc:creator&gt;\n&lt;!&#091;CDATA&#091; Lyfoung, Patricia ]]&gt;\n&lt;\/dc:creator&gt;\n&lt;dc:creator&gt;\n&lt;!&#091;CDATA&#091; Ogaki, Philippe ]]&gt;\n&lt;\/dc:creator&gt;\n&lt;dc:creator&gt;\n&lt;!&#091;CDATA&#091; Jarry, Nicolas ]]&gt;\n&lt;\/dc:creator&gt;\n&lt;dc:creator&gt;\n&lt;!&#091;CDATA&#091; Alqui\u00e9, J\u00e9r\u00f4me ]]&gt;\n&lt;\/dc:creator&gt;\n&lt;dc:ean&gt;\n&lt;!&#091;CDATA&#091; 9782413018735 ]]&gt;\n&lt;\/dc:ean&gt;\n&lt;dc:format&gt;\n&lt;!&#091;CDATA&#091; Livre ]]&gt;\n&lt;\/dc:format&gt;\n&lt;dc:identifier&gt;9741323v_9754&lt;\/dc:identifier&gt;\n&lt;dc:isbn&gt;\n&lt;!&#091;CDATA&#091; 978-2-413-01873-5 ]]&gt;\n&lt;\/dc:isbn&gt;\n&lt;dc:language&gt;\n&lt;!&#091;CDATA&#091; Fran\u00e7ais ]]&gt;\n&lt;\/dc:language&gt;\n&lt;dc:nature&gt;\n&lt;!&#091;CDATA&#091; Bande dessin\u00e9e ]]&gt;\n&lt;\/dc:nature&gt;\n&lt;dc:publisher&gt;\n&lt;!&#091;CDATA&#091; Delcourt ]]&gt;\n&lt;\/dc:publisher&gt;\n&lt;description&gt;\n&lt;!&#091;CDATA&#091; \u00c0 Tokyo, Yuko rentre chez elle apr\u00e8s un concert quand une s\u00e9rie d'\u00e9clairs tr\u00e8s \u00e9tranges attire son attention. Ra\u00efjin y voit l\u00e0 une manifestation de magie noire. \u00c0 Mexico, Miguel met une rouste \u00e0 des voleurs lorsque lui aussi voit ce m\u00eame type d'\u00e9clairs inhabituels. Simultan\u00e9ment, les deux h\u00e9ros disparaissent et sont remplac\u00e9s par leur double respectif. Qui est \u00e0 l'origine de ce curieux kidnapping ? ]]&gt;\n&lt;\/description&gt;\n&lt;enclosure url=\"https:\/\/images-e.esidoc.fr\/-381\/57\/9782413018735.jpg?d=20200212095326\"\/&gt;\n&lt;guid isPermaLink=\"true\"&gt;\n&lt;!&#091;CDATA&#091; https:\/\/9741323v.esidoc.fr\/document\/id_9741323v_9754.html ]]&gt;\n&lt;\/guid&gt;\n&lt;link&gt;\n&lt;!&#091;CDATA&#091; https:\/\/9741323v.esidoc.fr\/document\/id_9741323v_9754.html ]]&gt;\n&lt;\/link&gt;\n&lt;pubDate&gt;\n&lt;!&#091;CDATA&#091; 2021 ]]&gt;\n&lt;\/pubDate&gt;\n&lt;title&gt;\n&lt;!&#091;CDATA&#091; Les Mythics : Stonehenge (9) ]]&gt;\n&lt;\/title&gt;\n&lt;\/item&gt;\n&lt;item&gt;\n&lt;auteur&gt;\n&lt;!&#091;CDATA&#091; Dugomier, Vincent ]]&gt;\n&lt;\/auteur&gt;\n&lt;auteur&gt;\n&lt;!&#091;CDATA&#091; Ers, Beno\u00eet ]]&gt;\n&lt;\/auteur&gt;\n&lt;category&gt;\n&lt;!&#091;CDATA&#091; Historique ]]&gt;\n&lt;\/category&gt;\n&lt;dc:creator&gt;\n&lt;!&#091;CDATA&#091; Dugomier, Vincent ]]&gt;\n&lt;\/dc:creator&gt;\n&lt;dc:creator&gt;\n&lt;!&#091;CDATA&#091; Ers, Beno\u00eet ]]&gt;\n&lt;\/dc:creator&gt;\n&lt;dc:ean&gt;\n&lt;!&#091;CDATA&#091; 9782808204880 ]]&gt;\n&lt;\/dc:ean&gt;\n&lt;dc:format&gt;\n&lt;!&#091;CDATA&#091; Livre ]]&gt;\n&lt;\/dc:format&gt;\n&lt;dc:identifier&gt;9741323v_9615&lt;\/dc:identifier&gt;\n&lt;dc:isbn&gt;\n&lt;!&#091;CDATA&#091; 978-2-8082-0488-0 ]]&gt;\n&lt;\/dc:isbn&gt;\n&lt;dc:language&gt;\n&lt;!&#091;CDATA&#091; Fran\u00e7ais ]]&gt;\n&lt;\/dc:language&gt;\n&lt;dc:nature&gt;\n&lt;!&#091;CDATA&#091; Bande dessin\u00e9e ]]&gt;\n&lt;\/dc:nature&gt;\n&lt;dc:publisher&gt;\n&lt;!&#091;CDATA&#091; le Lombard ]]&gt;\n&lt;\/dc:publisher&gt;\n&lt;description&gt;\n&lt;!&#091;CDATA&#091; Les enfants de la R\u00e9sistance ont maintes fois manqu\u00e9 mourir pour leurs id\u00e9es. Cette fois, ils devront risquer leur vie pour la libre circulation de l'information. Ou plut\u00f4t la circulation de l'information libre ! En cet \u00e9t\u00e9 1943, la nouvelle mission du Lynx est de livrer un stock de papier qui servira \u00e0 imprimer les journaux de la R\u00e9sistance... \u00e0 250 km de chez eux. Pour cela, ils vont devoir monter tout un r\u00e9seau. Ce qui implique de prendre le plus grand des risques : faire confiance... ]]&gt;\n&lt;\/description&gt;\n&lt;enclosure url=\"https:\/\/images-e.esidoc.fr\/-564\/983\/9782808204880.jpg?d=20220905141657\"\/&gt;\n&lt;guid isPermaLink=\"true\"&gt;\n&lt;!&#091;CDATA&#091; https:\/\/9741323v.esidoc.fr\/document\/id_9741323v_9615.html ]]&gt;\n&lt;\/guid&gt;\n&lt;link&gt;\n&lt;!&#091;CDATA&#091; https:\/\/9741323v.esidoc.fr\/document\/id_9741323v_9615.html ]]&gt;\n&lt;\/link&gt;\n&lt;pubDate&gt;\n&lt;!&#091;CDATA&#091; 2024 ]]&gt;\n&lt;\/pubDate&gt;\n&lt;title&gt;\n&lt;!&#091;CDATA&#091; Les enfants de la R\u00e9sistance : Combattre ou mourir (8) ]]&gt;\n&lt;\/title&gt;\n&lt;\/item&gt;\n&lt;item&gt;\n&lt;auteur&gt;\n&lt;!&#091;CDATA&#091; Dugomier, Vincent ]]&gt;\n&lt;\/auteur&gt;\n&lt;auteur&gt;\n&lt;!&#091;CDATA&#091; Ers, Beno\u00eet ]]&gt;\n&lt;\/auteur&gt;\n&lt;category&gt;\n&lt;!&#091;CDATA&#091; Historique ]]&gt;\n&lt;\/category&gt;\n&lt;dc:creator&gt;\n&lt;!&#091;CDATA&#091; Dugomier, Vincent ]]&gt;\n&lt;\/dc:creator&gt;\n&lt;dc:creator&gt;\n&lt;!&#091;CDATA&#091; Ers, Beno\u00eet ]]&gt;\n&lt;\/dc:creator&gt;\n&lt;dc:ean&gt;\n&lt;!&#091;CDATA&#091; 9782803675579 ]]&gt;\n&lt;\/dc:ean&gt;\n&lt;dc:format&gt;\n&lt;!&#091;CDATA&#091; Livre ]]&gt;\n&lt;\/dc:format&gt;\n&lt;dc:identifier&gt;9741323v_9610&lt;\/dc:identifier&gt;\n&lt;dc:isbn&gt;\n&lt;!&#091;CDATA&#091; 978-2-8036-7557-9 ]]&gt;\n&lt;\/dc:isbn&gt;\n&lt;dc:language&gt;\n&lt;!&#091;CDATA&#091; Fran\u00e7ais ]]&gt;\n&lt;\/dc:language&gt;\n&lt;dc:nature&gt;\n&lt;!&#091;CDATA&#091; Bande dessin\u00e9e ]]&gt;\n&lt;\/dc:nature&gt;\n&lt;dc:publisher&gt;\n&lt;!&#091;CDATA&#091; le Lombard ]]&gt;\n&lt;\/dc:publisher&gt;\n&lt;description&gt;\n&lt;!&#091;CDATA&#091; L'Allemagne a d\u00e9cid\u00e9 de faire venir de force des travailleurs fran\u00e7ais pour faire tourner ses usines. Le STO est instaur\u00e9. Fran\u00e7ois, Lisa et Eus\u00e8be d\u00e9cident d'aider les r\u00e9calcitrants \u00e0 fuir. Mais les autorit\u00e9s ont aussi cr\u00e9\u00e9 la Milice fran\u00e7aise et c'est une menace suppl\u00e9mentaire qui se profile pour tous les r\u00e9sistants. ]]&gt;\n&lt;\/description&gt;\n&lt;enclosure url=\"https:\/\/images-e.esidoc.fr\/-586\/526\/9782803675579.jpg?d=20191130124252\"\/&gt;\n&lt;guid isPermaLink=\"true\"&gt;\n&lt;!&#091;CDATA&#091; https:\/\/9741323v.esidoc.fr\/document\/id_9741323v_9610.html ]]&gt;\n&lt;\/guid&gt;\n&lt;link&gt;\n&lt;!&#091;CDATA&#091; https:\/\/9741323v.esidoc.fr\/document\/id_9741323v_9610.html ]]&gt;\n&lt;\/link&gt;\n&lt;pubDate&gt;\n&lt;!&#091;CDATA&#091; 2020 ]]&gt;\n&lt;\/pubDate&gt;\n&lt;title&gt;\n&lt;!&#091;CDATA&#091; Les enfants de la R\u00e9sistance : D\u00e9sob\u00e9ir ! (6) ]]&gt;\n&lt;\/title&gt;\n&lt;\/item&gt;\n&lt;item&gt;\n&lt;auteur&gt;\n&lt;!&#091;CDATA&#091; Dugomier, Vincent ]]&gt;\n&lt;\/auteur&gt;\n&lt;auteur&gt;\n&lt;!&#091;CDATA&#091; Ers, Beno\u00eet ]]&gt;\n&lt;\/auteur&gt;\n&lt;category&gt;\n&lt;!&#091;CDATA&#091; Historique ]]&gt;\n&lt;\/category&gt;\n&lt;dc:creator&gt;\n&lt;!&#091;CDATA&#091; Dugomier, Vincent ]]&gt;\n&lt;\/dc:creator&gt;\n&lt;dc:creator&gt;\n&lt;!&#091;CDATA&#091; Ers, Beno\u00eet ]]&gt;\n&lt;\/dc:creator&gt;\n&lt;dc:ean&gt;\n&lt;!&#091;CDATA&#091; 9782808210966 ]]&gt;\n&lt;\/dc:ean&gt;\n&lt;dc:format&gt;\n&lt;!&#091;CDATA&#091; Livre ]]&gt;\n&lt;\/dc:format&gt;\n&lt;dc:identifier&gt;9741323v_9612&lt;\/dc:identifier&gt;\n&lt;dc:isbn&gt;\n&lt;!&#091;CDATA&#091; 978-2-8082-1096-6 ]]&gt;\n&lt;\/dc:isbn&gt;\n&lt;dc:language&gt;\n&lt;!&#091;CDATA&#091; Fran\u00e7ais ]]&gt;\n&lt;\/dc:language&gt;\n&lt;dc:nature&gt;\n&lt;!&#091;CDATA&#091; Bande dessin\u00e9e ]]&gt;\n&lt;\/dc:nature&gt;\n&lt;dc:publisher&gt;\n&lt;!&#091;CDATA&#091; le Lombard ]]&gt;\n&lt;\/dc:publisher&gt;\n&lt;description&gt;\n&lt;!&#091;CDATA&#091; La m\u00e8re de Fran\u00e7ois aimerait qu'il quitte la R\u00e9sistance. En effet, la lutte s'intensifie. Partout, les cellules clandestines mettent \u00e0 mal les ateliers et les hommes de l'occupant. On s'organise en vue d'un d\u00e9barquement des Alli\u00e9s qui semble imminent' En r\u00e9ponse, les nazis promulguent le d\u00e9cret Sperrle, qui fait monter d'un cran la r\u00e9pression en France, aid\u00e9 par la Milice fran\u00e7aise. Fran\u00e7ois, Lisa et Eus\u00e8be sont maintenant de jeunes adultes' et s'ils se font prendre, ils seront condamn\u00e9s comme tels. Pourtant, ce n'est pas le moment d'abandonner ! ]]&gt;\n&lt;\/description&gt;\n&lt;enclosure url=\"https:\/\/images-e.esidoc.fr\/-564\/178\/9782808210966.jpg?d=20240903140741\"\/&gt;\n&lt;guid isPermaLink=\"true\"&gt;\n&lt;!&#091;CDATA&#091; https:\/\/9741323v.esidoc.fr\/document\/id_9741323v_9612.html ]]&gt;\n&lt;\/guid&gt;\n&lt;link&gt;\n&lt;!&#091;CDATA&#091; https:\/\/9741323v.esidoc.fr\/document\/id_9741323v_9612.html ]]&gt;\n&lt;\/link&gt;\n&lt;pubDate&gt;\n&lt;!&#091;CDATA&#091; 2024 ]]&gt;\n&lt;\/pubDate&gt;\n&lt;title&gt;\n&lt;!&#091;CDATA&#091; Les enfants de la R\u00e9sistance : Les jours heureux (9) ]]&gt;\n&lt;\/title&gt;\n&lt;\/item&gt;\n&lt;item&gt;\n&lt;auteur&gt;\n&lt;!&#091;CDATA&#091; Dugomier, Vincent ]]&gt;\n&lt;\/auteur&gt;\n&lt;auteur&gt;\n&lt;!&#091;CDATA&#091; Ers, Beno\u00eet ]]&gt;\n&lt;\/auteur&gt;\n&lt;category&gt;\n&lt;!&#091;CDATA&#091; Historique ]]&gt;\n&lt;\/category&gt;\n&lt;dc:creator&gt;\n&lt;!&#091;CDATA&#091; Dugomier, Vincent ]]&gt;\n&lt;\/dc:creator&gt;\n&lt;dc:creator&gt;\n&lt;!&#091;CDATA&#091; Ers, Beno\u00eet ]]&gt;\n&lt;\/dc:creator&gt;\n&lt;dc:ean&gt;\n&lt;!&#091;CDATA&#091; 9782808201278 ]]&gt;\n&lt;\/dc:ean&gt;\n&lt;dc:format&gt;\n&lt;!&#091;CDATA&#091; Livre ]]&gt;\n&lt;\/dc:format&gt;\n&lt;dc:identifier&gt;9741323v_9613&lt;\/dc:identifier&gt;\n&lt;dc:isbn&gt;\n&lt;!&#091;CDATA&#091; 978-2-8082-0127-8 ]]&gt;\n&lt;\/dc:isbn&gt;\n&lt;dc:language&gt;\n&lt;!&#091;CDATA&#091; Fran\u00e7ais ]]&gt;\n&lt;\/dc:language&gt;\n&lt;dc:nature&gt;\n&lt;!&#091;CDATA&#091; Bande dessin\u00e9e ]]&gt;\n&lt;\/dc:nature&gt;\n&lt;dc:publisher&gt;\n&lt;!&#091;CDATA&#091; le Lombard ]]&gt;\n&lt;\/dc:publisher&gt;\n&lt;description&gt;\n&lt;!&#091;CDATA&#091; Au printemps 1943, un avion alli\u00e9 s'\u00e9crase pr\u00e8s de Pontain l'\u00c9cluse, le village o\u00f9 Fran\u00e7ois, Lisa et Eus\u00e8be ont cr\u00e9\u00e9 leur r\u00e9seau de r\u00e9sistance, Le Lynx. Les Allemands s'empressent de rechercher les aviateurs, qui semblent avoir disparu. Le Lynx se donne pour mission de les retrouver avant l'ennemi, et de les aider \u00e0 rejoindre l'Angleterre. ]]&gt;\n&lt;\/description&gt;\n&lt;enclosure url=\"https:\/\/images-e.esidoc.fr\/-565\/78\/9782808201278.jpg?d=20210301170219\"\/&gt;\n&lt;guid isPermaLink=\"true\"&gt;\n&lt;!&#091;CDATA&#091; https:\/\/9741323v.esidoc.fr\/document\/id_9741323v_9613.html ]]&gt;\n&lt;\/guid&gt;\n&lt;link&gt;\n&lt;!&#091;CDATA&#091; https:\/\/9741323v.esidoc.fr\/document\/id_9741323v_9613.html ]]&gt;\n&lt;\/link&gt;\n&lt;pubDate&gt;\n&lt;!&#091;CDATA&#091; 2021 ]]&gt;\n&lt;\/pubDate&gt;\n&lt;title&gt;\n&lt;!&#091;CDATA&#091; Les enfants de la R\u00e9sistance : Tomb\u00e9s du ciel (7) ]]&gt;\n&lt;\/title&gt;\n&lt;\/item&gt;\n&lt;item&gt;\n&lt;auteur&gt;\n&lt;!&#091;CDATA&#091; Oimoto, Jir\u00f6 ]]&gt;\n&lt;\/auteur&gt;\n&lt;auteur&gt;\n&lt;!&#091;CDATA&#091; Yuumikan ]]&gt;\n&lt;\/auteur&gt;\n&lt;category&gt;\n&lt;!&#091;CDATA&#091; Aventure ]]&gt;\n&lt;\/category&gt;\n&lt;dc:creator&gt;\n&lt;!&#091;CDATA&#091; Oimoto, Jir\u00f6 ]]&gt;\n&lt;\/dc:creator&gt;\n&lt;dc:creator&gt;\n&lt;!&#091;CDATA&#091; Yuumikan ]]&gt;\n&lt;\/dc:creator&gt;\n&lt;dc:ean&gt;\n&lt;!&#091;CDATA&#091; 9791035503307 ]]&gt;\n&lt;\/dc:ean&gt;\n&lt;dc:format&gt;\n&lt;!&#091;CDATA&#091; Livre ]]&gt;\n&lt;\/dc:format&gt;\n&lt;dc:identifier&gt;9741323v_9896&lt;\/dc:identifier&gt;\n&lt;dc:isbn&gt;\n&lt;!&#091;CDATA&#091; 979-10-355-0330-7 ]]&gt;\n&lt;\/dc:isbn&gt;\n&lt;dc:language&gt;\n&lt;!&#091;CDATA&#091; Fran\u00e7ais ]]&gt;\n&lt;\/dc:language&gt;\n&lt;dc:nature&gt;\n&lt;!&#091;CDATA&#091; Manga ]]&gt;\n&lt;\/dc:nature&gt;\n&lt;dc:publisher&gt;\n&lt;!&#091;CDATA&#091; Mana books ]]&gt;\n&lt;\/dc:publisher&gt;\n&lt;description&gt;\n&lt;!&#091;CDATA&#091; Personne n'aime avoir mal, non '! Kaede est invit\u00e9e par son amie Risa \u00e0 se lancer dans le nouveau MMORPG \u00e0 la mode. Cependant, Kaede n'est pas une gameuse et si elle ne d\u00e9teste pas les jeux, ce qu'elle n'aime vraiment pas, c'est avoir mal ! Aussi, lors de la cr\u00e9ation de son avatar \" Maple \", elle d\u00e9cide de mettre tous ses points de caract\u00e9ristiques en D\u00e9fense pour minimiser la douleur. V\u00e9ritable forteresse ambulante, quasi invuln\u00e9rable, elle se tra\u00eene comme un escargot, incapable de jeter le moindre sort ! Cependant... elle n'encaisse aucun d\u00e9g\u00e2t ! \u00c0 la surprise des d\u00e9veloppeurs du jeu, Maple parviendra \u00e0 \u00e9liminer ses ennemis avec une comp\u00e9tence de contre particuli\u00e8re, gagnant ainsi de l'exp\u00e9rience et de nouvelles capacit\u00e9s toutes plus loufoques les unes que les autres. ]]&gt;\n&lt;\/description&gt;\n&lt;enclosure url=\"https:\/\/images-e.esidoc.fr\/2061\/84\/9791035503307.jpg?d=20221006142708\"\/&gt;\n&lt;guid isPermaLink=\"true\"&gt;\n&lt;!&#091;CDATA&#091; https:\/\/9741323v.esidoc.fr\/document\/id_9741323v_9896.html ]]&gt;\n&lt;\/guid&gt;\n&lt;link&gt;\n&lt;!&#091;CDATA&#091; https:\/\/9741323v.esidoc.fr\/document\/id_9741323v_9896.html ]]&gt;\n&lt;\/link&gt;\n&lt;pubDate&gt;\n&lt;!&#091;CDATA&#091; 2022 ]]&gt;\n&lt;\/pubDate&gt;\n&lt;title&gt;\n&lt;!&#091;CDATA&#091; Bofuri : je suis pas venu ici pour souffrir alors j'ai tout mis en d\u00e9fense. 1 ]]&gt;\n&lt;\/title&gt;\n&lt;\/item&gt;\n&lt;item&gt;\n&lt;auteur&gt;\n&lt;!&#091;CDATA&#091; Shinozuka, Hiromu ]]&gt;\n&lt;\/auteur&gt;\n&lt;category&gt;\n&lt;!&#091;CDATA&#091; Fantastique ]]&gt;\n&lt;\/category&gt;\n&lt;dc:creator&gt;\n&lt;!&#091;CDATA&#091; Shinozuka, Hiromu ]]&gt;\n&lt;\/dc:creator&gt;\n&lt;dc:ean&gt;\n&lt;!&#091;CDATA&#091; 9782373492415 ]]&gt;\n&lt;\/dc:ean&gt;\n&lt;dc:format&gt;\n&lt;!&#091;CDATA&#091; Livre ]]&gt;\n&lt;\/dc:format&gt;\n&lt;dc:identifier&gt;9741323v_9888&lt;\/dc:identifier&gt;\n&lt;dc:isbn&gt;\n&lt;!&#091;CDATA&#091; 978-2-37349-241-5 ]]&gt;\n&lt;\/dc:isbn&gt;\n&lt;dc:language&gt;\n&lt;!&#091;CDATA&#091; Fran\u00e7ais ]]&gt;\n&lt;\/dc:language&gt;\n&lt;dc:nature&gt;\n&lt;!&#091;CDATA&#091; Manga ]]&gt;\n&lt;\/dc:nature&gt;\n&lt;dc:publisher&gt;\n&lt;!&#091;CDATA&#091; Nobi nobi ! ]]&gt;\n&lt;\/dc:publisher&gt;\n&lt;description&gt;\n&lt;!&#091;CDATA&#091; Avec Mochi, la vie est plus jolie !Mochi, petit \u00eatre tout rond qui vient du sous-sol de la Terre, est sauv\u00e9 par Y\u00fbka, une jeune coll\u00e9gienne \u00e0 la gentillesse d\u00e9bordante. Touch\u00e9 par son geste, Mochi d\u00e9cide de rester \u00e0 ses c\u00f4t\u00e9s. Il s'installe alors dans le grenier, o\u00f9 il va cohabiter avec Al, une extraterrestre ing\u00e9nieuse qui vit aussi ici en attendant de finir de r\u00e9parer son vaisseau spatial. Commence alors leur rocambolesque vie quotidienne, o\u00f9 Mochi d\u00e9couvre le monde de la surface, entre petites aventures chaotiques et nouvelles grandes amiti\u00e9s !D\u00e9couvrez les aventures de Mochi, dans cette s\u00e9rie \u00e9lue meilleur manga jeunesse au Japon ! ]]&gt;\n&lt;\/description&gt;\n&lt;enclosure url=\"https:\/\/images-e.esidoc.fr\/-879\/920\/9782373492415.jpg?d=20201106140933\"\/&gt;\n&lt;guid isPermaLink=\"true\"&gt;\n&lt;!&#091;CDATA&#091; https:\/\/9741323v.esidoc.fr\/document\/id_9741323v_9888.html ]]&gt;\n&lt;\/guid&gt;\n&lt;link&gt;\n&lt;!&#091;CDATA&#091; https:\/\/9741323v.esidoc.fr\/document\/id_9741323v_9888.html ]]&gt;\n&lt;\/link&gt;\n&lt;pubDate&gt;\n&lt;!&#091;CDATA&#091; 2020 ]]&gt;\n&lt;\/pubDate&gt;\n&lt;title&gt;\n&lt;!&#091;CDATA&#091; Mochi et compagnie. 1 ]]&gt;\n&lt;\/title&gt;\n&lt;\/item&gt;\n&lt;item&gt;\n&lt;auteur&gt;\n&lt;!&#091;CDATA&#091; Kamiki, Kei ]]&gt;\n&lt;\/auteur&gt;\n&lt;category&gt;\n&lt;!&#091;CDATA&#091; Fantastique ]]&gt;\n&lt;\/category&gt;\n&lt;dc:creator&gt;\n&lt;!&#091;CDATA&#091; Kamiki, Kei ]]&gt;\n&lt;\/dc:creator&gt;\n&lt;dc:ean&gt;\n&lt;!&#091;CDATA&#091; 9782373498462 ]]&gt;\n&lt;\/dc:ean&gt;\n&lt;dc:format&gt;\n&lt;!&#091;CDATA&#091; Livre ]]&gt;\n&lt;\/dc:format&gt;\n&lt;dc:identifier&gt;9741323v_9889&lt;\/dc:identifier&gt;\n&lt;dc:isbn&gt;\n&lt;!&#091;CDATA&#091; 978-2-37349-846-2 ]]&gt;\n&lt;\/dc:isbn&gt;\n&lt;dc:language&gt;\n&lt;!&#091;CDATA&#091; Fran\u00e7ais ]]&gt;\n&lt;\/dc:language&gt;\n&lt;dc:nature&gt;\n&lt;!&#091;CDATA&#091; Manga ]]&gt;\n&lt;\/dc:nature&gt;\n&lt;dc:publisher&gt;\n&lt;!&#091;CDATA&#091; Nobi nobi ! ]]&gt;\n&lt;\/dc:publisher&gt;\n&lt;description&gt;\n&lt;!&#091;CDATA&#091; Il y a bien longtemps, l'humanit\u00e9 est parvenue, au terme d'une grande bataille, \u00e0 enfermer le dieu de la destruction dans une pierre sacr\u00e9e. Mais des si\u00e8cles plus tard, dans un petit village de bord de mer, une coll\u00e9gienne du nom de Ruru Miyanagi trouve cette pierre sur la plage et en brise malencontreusement le sceau... Le dieu de la destruction est de retour, mais sous quelle forme '!C'est le d\u00e9but de tranches de vie drolatiques en compagnie des dieux mal\u00e9fiques !! ]]&gt;\n&lt;\/description&gt;\n&lt;enclosure url=\"https:\/\/images-e.esidoc.fr\/-879\/741\/9782373498462.jpg?d=20230912112933\"\/&gt;\n&lt;guid isPermaLink=\"true\"&gt;\n&lt;!&#091;CDATA&#091; https:\/\/9741323v.esidoc.fr\/document\/id_9741323v_9889.html ]]&gt;\n&lt;\/guid&gt;\n&lt;link&gt;\n&lt;!&#091;CDATA&#091; https:\/\/9741323v.esidoc.fr\/document\/id_9741323v_9889.html ]]&gt;\n&lt;\/link&gt;\n&lt;pubDate&gt;\n&lt;!&#091;CDATA&#091; 2023 ]]&gt;\n&lt;\/pubDate&gt;\n&lt;title&gt;\n&lt;!&#091;CDATA&#091; Magu : god of destruction. 1 ]]&gt;\n&lt;\/title&gt;\n&lt;\/item&gt;\n&lt;item&gt;\n&lt;auteur&gt;\n&lt;!&#091;CDATA&#091; Hy\u00fcga, Natsu ]]&gt;\n&lt;\/auteur&gt;\n&lt;auteur&gt;\n&lt;!&#091;CDATA&#091; Akagawara, Modomu ]]&gt;\n&lt;\/auteur&gt;\n&lt;category&gt;\n&lt;!&#091;CDATA&#091; Merveilleux ]]&gt;\n&lt;\/category&gt;\n&lt;dc:creator&gt;\n&lt;!&#091;CDATA&#091; Hy\u00fcga, Natsu ]]&gt;\n&lt;\/dc:creator&gt;\n&lt;dc:creator&gt;\n&lt;!&#091;CDATA&#091; Akagawara, Modomu ]]&gt;\n&lt;\/dc:creator&gt;\n&lt;dc:ean&gt;\n&lt;!&#091;CDATA&#091; 9791032713440 ]]&gt;\n&lt;\/dc:ean&gt;\n&lt;dc:format&gt;\n&lt;!&#091;CDATA&#091; Livre ]]&gt;\n&lt;\/dc:format&gt;\n&lt;dc:identifier&gt;9741323v_9891&lt;\/dc:identifier&gt;\n&lt;dc:isbn&gt;\n&lt;!&#091;CDATA&#091; 979-10-327-1344-0 ]]&gt;\n&lt;\/dc:isbn&gt;\n&lt;dc:language&gt;\n&lt;!&#091;CDATA&#091; Fran\u00e7ais ]]&gt;\n&lt;\/dc:language&gt;\n&lt;dc:nature&gt;\n&lt;!&#091;CDATA&#091; Manga ]]&gt;\n&lt;\/dc:nature&gt;\n&lt;dc:publicsStr&gt;\n&lt;!&#091;CDATA&#091; \u00c0 partir de 11 ans ]]&gt;\n&lt;\/dc:publicsStr&gt;\n&lt;dc:publisher&gt;\n&lt;!&#091;CDATA&#091; Ki-oon ]]&gt;\n&lt;\/dc:publisher&gt;\n&lt;description&gt;\n&lt;!&#091;CDATA&#091; On ne na\u00eet pas d\u00e9esse, on le devient ! Dans le Japon contemporain, la fonction de kami, ou divinit\u00e9, est attribu\u00e9e \u00e0 des humains dot\u00e9s de pouvoirs surnaturels et d\u00e9tenteurs d'un dipl\u00f4me d'\u00c9tat, qui sont ensuite employ\u00e9s dans des sanctuaires \u00e0 travers tout le pays. La grand-m\u00e8re de Nagi \u00e9tait d\u00e9esse mais, depuis sa mort accidentelle, personne ne s'est pr\u00e9sent\u00e9 pour la remplacer au temple de la ville. Il y aurait pourtant bien un candidat id\u00e9al : Takeru, le fr\u00e8re jumeau de Nagi... Malheureusement, il reste clo\u00eetr\u00e9 dans sa chambre depuis la trag\u00e9die, ne communiquant avec sa soeur qu'\u00e0 travers ses dons de t\u00e9l\u00e9pathie et de t\u00e9l\u00e9kin\u00e9sie. D\u00e9pourvue quant \u00e0 elle de ce genre de pouvoirs, la jeune fille a malgr\u00e9 tout d\u00e9velopp\u00e9 une technique pour couper court \u00e0 ces intrusions mentales quand elles se font trop insistantes... car Takeru a beau \u00eatre un reclus, il n'en reste pas moins bavard ! ]]&gt;\n&lt;\/description&gt;\n&lt;enclosure url=\"https:\/\/images-e.esidoc.fr\/-543\/243\/9791032713440.jpg?d=20230914103630\"\/&gt;\n&lt;guid isPermaLink=\"true\"&gt;\n&lt;!&#091;CDATA&#091; https:\/\/9741323v.esidoc.fr\/document\/id_9741323v_9891.html ]]&gt;\n&lt;\/guid&gt;\n&lt;link&gt;\n&lt;!&#091;CDATA&#091; https:\/\/9741323v.esidoc.fr\/document\/id_9741323v_9891.html ]]&gt;\n&lt;\/link&gt;\n&lt;pubDate&gt;\n&lt;!&#091;CDATA&#091; 2023 ]]&gt;\n&lt;\/pubDate&gt;\n&lt;title&gt;\n&lt;!&#091;CDATA&#091; Kamisama school. 1 ]]&gt;\n&lt;\/title&gt;\n&lt;\/item&gt;\n&lt;item&gt;\n&lt;auteur&gt;\n&lt;!&#091;CDATA&#091; Takahashi, Y\u00f6ichi ]]&gt;\n&lt;\/auteur&gt;\n&lt;category&gt;\n&lt;!&#091;CDATA&#091; Sport ]]&gt;\n&lt;\/category&gt;\n&lt;dc:creator&gt;\n&lt;!&#091;CDATA&#091; Takahashi, Y\u00f6ichi ]]&gt;\n&lt;\/dc:creator&gt;\n&lt;dc:ean&gt;\n&lt;!&#091;CDATA&#091; 9782723474580 ]]&gt;\n&lt;\/dc:ean&gt;\n&lt;dc:format&gt;\n&lt;!&#091;CDATA&#091; Livre ]]&gt;\n&lt;\/dc:format&gt;\n&lt;dc:identifier&gt;9741323v_9894&lt;\/dc:identifier&gt;\n&lt;dc:isbn&gt;\n&lt;!&#091;CDATA&#091; 978-2-7234-7458-0 ]]&gt;\n&lt;\/dc:isbn&gt;\n&lt;dc:language&gt;\n&lt;!&#091;CDATA&#091; Fran\u00e7ais ]]&gt;\n&lt;\/dc:language&gt;\n&lt;dc:nature&gt;\n&lt;!&#091;CDATA&#091; Manga ]]&gt;\n&lt;\/dc:nature&gt;\n&lt;dc:publisher&gt;\n&lt;!&#091;CDATA&#091; Gl\u00e9nat ]]&gt;\n&lt;\/dc:publisher&gt;\n&lt;description&gt;\n&lt;!&#091;CDATA&#091; Tsubasa Ozora est un jeune gar\u00e7on fan de football. Son r\u00eave ? Devenir le meilleur footballeur au monde ! Nouveau en ville, il va d\u00e9couvrir de nombreux jeunes talents avec qui il pourra progresser et tenter de r\u00e9aliser son r\u00eave. ]]&gt;\n&lt;\/description&gt;\n&lt;enclosure url=\"https:\/\/images-e.esidoc.fr\/354\/293\/9782723474580.jpg?d=20181002170358\"\/&gt;\n&lt;guid isPermaLink=\"true\"&gt;\n&lt;!&#091;CDATA&#091; https:\/\/9741323v.esidoc.fr\/document\/id_9741323v_9894.html ]]&gt;\n&lt;\/guid&gt;\n&lt;link&gt;\n&lt;!&#091;CDATA&#091; https:\/\/9741323v.esidoc.fr\/document\/id_9741323v_9894.html ]]&gt;\n&lt;\/link&gt;\n&lt;pubDate&gt;\n&lt;!&#091;CDATA&#091; 2010 ]]&gt;\n&lt;\/pubDate&gt;\n&lt;title&gt;\n&lt;!&#091;CDATA&#091; Captain Tsubasa 1 ]]&gt;\n&lt;\/title&gt;\n&lt;\/item&gt;\n&lt;item&gt;\n&lt;auteur&gt;\n&lt;!&#091;CDATA&#091; Afro ]]&gt;\n&lt;\/auteur&gt;\n&lt;category&gt;\n&lt;!&#091;CDATA&#091; Fait de soci\u00e9t\u00e9 ]]&gt;\n&lt;\/category&gt;\n&lt;dc:creator&gt;\n&lt;!&#091;CDATA&#091; Afro ]]&gt;\n&lt;\/dc:creator&gt;\n&lt;dc:ean&gt;\n&lt;!&#091;CDATA&#091; 9782373491999 ]]&gt;\n&lt;\/dc:ean&gt;\n&lt;dc:format&gt;\n&lt;!&#091;CDATA&#091; Livre ]]&gt;\n&lt;\/dc:format&gt;\n&lt;dc:identifier&gt;9741323v_9892&lt;\/dc:identifier&gt;\n&lt;dc:isbn&gt;\n&lt;!&#091;CDATA&#091; 978-2-37349-199-9 ]]&gt;\n&lt;\/dc:isbn&gt;\n&lt;dc:language&gt;\n&lt;!&#091;CDATA&#091; Fran\u00e7ais ]]&gt;\n&lt;\/dc:language&gt;\n&lt;dc:nature&gt;\n&lt;!&#091;CDATA&#091; Manga ]]&gt;\n&lt;\/dc:nature&gt;\n&lt;dc:publisher&gt;\n&lt;!&#091;CDATA&#091; Nobi nobi ! ]]&gt;\n&lt;\/dc:publisher&gt;\n&lt;description&gt;\n&lt;!&#091;CDATA&#091; Quoi de mieux que de camper en bord de lac face au mont Fuji, un bol de nouilles instantan\u00e9 \u00e0 la main ? D\u00e9couvrez le monde du camping en compagnie de Rin, amatrice des sorties en solitaire, Nadeshiko, la novice pleine d'enthousiasme, et ses deux amies du club de camping, Chiaki et Aoi ]]&gt;\n&lt;\/description&gt;\n&lt;enclosure url=\"https:\/\/images-e.esidoc.fr\/-879\/945\/9782373491999.jpg?d=20190228210159\"\/&gt;\n&lt;guid isPermaLink=\"true\"&gt;\n&lt;!&#091;CDATA&#091; https:\/\/9741323v.esidoc.fr\/document\/id_9741323v_9892.html ]]&gt;\n&lt;\/guid&gt;\n&lt;link&gt;\n&lt;!&#091;CDATA&#091; https:\/\/9741323v.esidoc.fr\/document\/id_9741323v_9892.html ]]&gt;\n&lt;\/link&gt;\n&lt;pubDate&gt;\n&lt;!&#091;CDATA&#091; 2018 ]]&gt;\n&lt;\/pubDate&gt;\n&lt;title&gt;\n&lt;!&#091;CDATA&#091; Au grand air. 1 ]]&gt;\n&lt;\/title&gt;\n&lt;\/item&gt;\n&lt;item&gt;\n&lt;auteur&gt;\n&lt;!&#091;CDATA&#091; Midori Tayama ]]&gt;\n&lt;\/auteur&gt;\n&lt;category&gt;\n&lt;!&#091;CDATA&#091; Sentimental ]]&gt;\n&lt;\/category&gt;\n&lt;dc:creator&gt;\n&lt;!&#091;CDATA&#091; Midori Tayama ]]&gt;\n&lt;\/dc:creator&gt;\n&lt;dc:ean&gt;\n&lt;!&#091;CDATA&#091; 9782380230369 ]]&gt;\n&lt;\/dc:ean&gt;\n&lt;dc:format&gt;\n&lt;!&#091;CDATA&#091; Livre ]]&gt;\n&lt;\/dc:format&gt;\n&lt;dc:identifier&gt;9741323v_9890&lt;\/dc:identifier&gt;\n&lt;dc:isbn&gt;\n&lt;!&#091;CDATA&#091; 9782380230369 ]]&gt;\n&lt;\/dc:isbn&gt;\n&lt;dc:language&gt;\n&lt;!&#091;CDATA&#091; Fran\u00e7ais ]]&gt;\n&lt;\/dc:language&gt;\n&lt;dc:nature&gt;\n&lt;!&#091;CDATA&#091; Manga ]]&gt;\n&lt;\/dc:nature&gt;\n&lt;dc:publisher&gt;\n&lt;!&#091;CDATA&#091; Shiba edition ]]&gt;\n&lt;\/dc:publisher&gt;\n&lt;description&gt;\n&lt;!&#091;CDATA&#091; Tenka est la fille la plus populaire de son \u00e9cole. Quoi qu'elle entreprenne, le succ\u00e8s est toujours au rendez-vous. Sa rencontre avec Erian et le monde de la K-Pop va changer sa vie. Jalouse de la candeur d'Erian, Tenka va apprendre gr\u00e2ce \u00e0 elle, qu'\u00eatre parfaite ne suffit pas pour atteindre le bonheur ]]&gt;\n&lt;\/description&gt;\n&lt;enclosure url=\"https:\/\/images-e.esidoc.fr\/-1862\/480\/9782380230369.jpg?d=20231003141047\"\/&gt;\n&lt;guid isPermaLink=\"true\"&gt;\n&lt;!&#091;CDATA&#091; https:\/\/9741323v.esidoc.fr\/document\/id_9741323v_9890.html ]]&gt;\n&lt;\/guid&gt;\n&lt;link&gt;\n&lt;!&#091;CDATA&#091; https:\/\/9741323v.esidoc.fr\/document\/id_9741323v_9890.html ]]&gt;\n&lt;\/link&gt;\n&lt;pubDate&gt;\n&lt;!&#091;CDATA&#091; 2023 ]]&gt;\n&lt;\/pubDate&gt;\n&lt;title&gt;\n&lt;!&#091;CDATA&#091; Girl Crush 1 ]]&gt;\n&lt;\/title&gt;\n&lt;\/item&gt;\n&lt;item&gt;\n&lt;auteur&gt;\n&lt;!&#091;CDATA&#091; Horokura, Sato ]]&gt;\n&lt;\/auteur&gt;\n&lt;category&gt;\n&lt;!&#091;CDATA&#091; Fait de soci\u00e9t\u00e9 ]]&gt;\n&lt;\/category&gt;\n&lt;dc:creator&gt;\n&lt;!&#091;CDATA&#091; Horokura, Sato ]]&gt;\n&lt;\/dc:creator&gt;\n&lt;dc:ean&gt;\n&lt;!&#091;CDATA&#091; 9782384960903 ]]&gt;\n&lt;\/dc:ean&gt;\n&lt;dc:format&gt;\n&lt;!&#091;CDATA&#091; Livre ]]&gt;\n&lt;\/dc:format&gt;\n&lt;dc:identifier&gt;9741323v_9897&lt;\/dc:identifier&gt;\n&lt;dc:isbn&gt;\n&lt;!&#091;CDATA&#091; 978-2-38496-090-3 ]]&gt;\n&lt;\/dc:isbn&gt;\n&lt;dc:language&gt;\n&lt;!&#091;CDATA&#091; Fran\u00e7ais ]]&gt;\n&lt;\/dc:language&gt;\n&lt;dc:nature&gt;\n&lt;!&#091;CDATA&#091; Manga ]]&gt;\n&lt;\/dc:nature&gt;\n&lt;dc:publisher&gt;\n&lt;!&#091;CDATA&#091; Nobi nobi ! ]]&gt;\n&lt;\/dc:publisher&gt;\n&lt;description&gt;\n&lt;!&#091;CDATA&#091; Panettone, que tout le monde appelle Pan'Pan, est un panda qui travaille comme gardien \u00e0 la r\u00e9sidence Kanda. Il habite avec Praline, une fillette d\u00e9brouillarde qui lui pr\u00e9pare les meilleurs petits plats. Chacun veille ainsi l'un sur l'autre et s'entraide dans tous les moments de la vie ! ]]&gt;\n&lt;\/description&gt;\n&lt;enclosure url=\"https:\/\/images-e.esidoc.fr\/1890\/714\/9782384960903.jpg?d=20240109164316\"\/&gt;\n&lt;guid isPermaLink=\"true\"&gt;\n&lt;!&#091;CDATA&#091; https:\/\/9741323v.esidoc.fr\/document\/id_9741323v_9897.html ]]&gt;\n&lt;\/guid&gt;\n&lt;link&gt;\n&lt;!&#091;CDATA&#091; https:\/\/9741323v.esidoc.fr\/document\/id_9741323v_9897.html ]]&gt;\n&lt;\/link&gt;\n&lt;pubDate&gt;\n&lt;!&#091;CDATA&#091; 2024 ]]&gt;\n&lt;\/pubDate&gt;\n&lt;title&gt;\n&lt;!&#091;CDATA&#091; Pan'Pan panda : une vie en douceur. 1 ]]&gt;\n&lt;\/title&gt;\n&lt;\/item&gt;\n&lt;\/channel&gt;\n&lt;\/rss&gt;<\/code><\/pre>\n","protected":false},"excerpt":{"rendered":"<p>Et si vous profitiez des vacances pour vous d\u00e9connecter et lire un peu? Retrouvez au CDI une ENORME s\u00e9lection de nouveaut\u00e9s : https:\/\/9741323v.esidoc.fr\/site\/nouveautes-pour-les-vacances-de-mai Et toujours la formule \u00ab\u00a0Plus de livres pour les vacances\u00a0\u00bb : comme son nom l&rsquo;indique, vous pouvez emprunter plus de 3 livres!<\/p>\n","protected":false},"author":35309,"featured_media":0,"comment_status":"closed","ping_status":"","sticky":false,"template":"","format":"standard","meta":{"_et_pb_use_builder":"","_et_pb_old_content":"","_et_gb_content_width":"","footnotes":""},"categories":[65,70],"tags":[73,74],"class_list":["post-231856","post","type-post","status-publish","format-standard","hentry","category-a-la-une","category-cdi","tag-cdi","tag-nouveautes"],"_links":{"self":[{"href":"https:\/\/etab.ac-reunion.fr\/clg-beausejour\/wp-json\/wp\/v2\/posts\/231856","targetHints":{"allow":["GET"]}}],"collection":[{"href":"https:\/\/etab.ac-reunion.fr\/clg-beausejour\/wp-json\/wp\/v2\/posts"}],"about":[{"href":"https:\/\/etab.ac-reunion.fr\/clg-beausejour\/wp-json\/wp\/v2\/types\/post"}],"author":[{"embeddable":true,"href":"https:\/\/etab.ac-reunion.fr\/clg-beausejour\/wp-json\/wp\/v2\/users\/35309"}],"replies":[{"embeddable":true,"href":"https:\/\/etab.ac-reunion.fr\/clg-beausejour\/wp-json\/wp\/v2\/comments?post=231856"}],"version-history":[{"count":3,"href":"https:\/\/etab.ac-reunion.fr\/clg-beausejour\/wp-json\/wp\/v2\/posts\/231856\/revisions"}],"predecessor-version":[{"id":231859,"href":"https:\/\/etab.ac-reunion.fr\/clg-beausejour\/wp-json\/wp\/v2\/posts\/231856\/revisions\/231859"}],"wp:attachment":[{"href":"https:\/\/etab.ac-reunion.fr\/clg-beausejour\/wp-json\/wp\/v2\/media?parent=231856"}],"wp:term":[{"taxonomy":"category","embeddable":true,"href":"https:\/\/etab.ac-reunion.fr\/clg-beausejour\/wp-json\/wp\/v2\/categories?post=231856"},{"taxonomy":"post_tag","embeddable":true,"href":"https:\/\/etab.ac-reunion.fr\/clg-beausejour\/wp-json\/wp\/v2\/tags?post=231856"}],"curies":[{"name":"wp","href":"https:\/\/api.w.org\/{rel}","templated":true}]}}