{"id":5780,"date":"2026-04-09T14:37:30","date_gmt":"2026-04-09T10:37:30","guid":{"rendered":"https:\/\/etab.ac-reunion.fr\/clg-boris-gamaleya-les-alizes\/?p=5780"},"modified":"2026-04-09T14:50:28","modified_gmt":"2026-04-09T10:50:28","slug":"un-projet-interactif-pour-partir-a-la-decouverte-du-monde-sans-quitter-le-college","status":"publish","type":"post","link":"https:\/\/etab.ac-reunion.fr\/clg-boris-gamaleya-les-alizes\/un-projet-interactif-pour-partir-a-la-decouverte-du-monde-sans-quitter-le-college\/","title":{"rendered":"Un projet interactif pour partir \u00e0 la d\u00e9couverte du monde  sans quitter le coll\u00e8ge !"},"content":{"rendered":"<div class=\"wp-block-image\">\n<figure class=\"aligncenter size-large is-resized\"><img loading=\"lazy\" decoding=\"async\" width=\"2479\" height=\"1384\" src=\"https:\/\/etab.ac-reunion.fr\/clg-boris-gamaleya-les-alizes\/wp-content\/uploads\/sites\/106\/2026\/04\/Gemini_Generated_Image_3r0lti3r0lti3r0l-edited.png\" alt=\"\" class=\"wp-image-5805\" style=\"width:802px;height:auto\" srcset=\"https:\/\/etab.ac-reunion.fr\/clg-boris-gamaleya-les-alizes\/wp-content\/uploads\/sites\/106\/2026\/04\/Gemini_Generated_Image_3r0lti3r0lti3r0l-edited.png 2479w, https:\/\/etab.ac-reunion.fr\/clg-boris-gamaleya-les-alizes\/wp-content\/uploads\/sites\/106\/2026\/04\/Gemini_Generated_Image_3r0lti3r0lti3r0l-edited-300x167.png 300w, https:\/\/etab.ac-reunion.fr\/clg-boris-gamaleya-les-alizes\/wp-content\/uploads\/sites\/106\/2026\/04\/Gemini_Generated_Image_3r0lti3r0lti3r0l-edited-1024x572.png 1024w, https:\/\/etab.ac-reunion.fr\/clg-boris-gamaleya-les-alizes\/wp-content\/uploads\/sites\/106\/2026\/04\/Gemini_Generated_Image_3r0lti3r0lti3r0l-edited-768x429.png 768w, https:\/\/etab.ac-reunion.fr\/clg-boris-gamaleya-les-alizes\/wp-content\/uploads\/sites\/106\/2026\/04\/Gemini_Generated_Image_3r0lti3r0lti3r0l-edited-1536x858.png 1536w, https:\/\/etab.ac-reunion.fr\/clg-boris-gamaleya-les-alizes\/wp-content\/uploads\/sites\/106\/2026\/04\/Gemini_Generated_Image_3r0lti3r0lti3r0l-edited-2048x1143.png 2048w, https:\/\/etab.ac-reunion.fr\/clg-boris-gamaleya-les-alizes\/wp-content\/uploads\/sites\/106\/2026\/04\/Gemini_Generated_Image_3r0lti3r0lti3r0l-edited-358x200.png 358w\" sizes=\"auto, (max-width: 2479px) 100vw, 2479px\" \/><\/figure>\n<\/div>\n\n\n<p><\/p>\n\n\n\n<p class=\"has-text-align-center has-large-font-size\">Au sein des Aliz\u00e9s , les langues ne se limitent pas aux salles de classe. Elles nous font voyager, et c\u2019est exactement ce que plusieurs enseignantes en langues ont d\u00e9montr\u00e9 \u00e0 travers un projet \u00e0 la fois pluridisciplinaire et original , r\u00e9alis\u00e9 dans le cadre de la Semaine des langues 2026 ayant pour th\u00e8me&nbsp;:<\/p>\n\n\n\n<p class=\"has-text-align-center has-large-font-size\">\u00ab&nbsp; Les langues&nbsp;pour comprendre le monde&nbsp;\u00bb.<\/p>\n\n\n\n<p class=\"has-text-align-center has-large-font-size\">Au c\u0153ur du projet,  La cr\u00e9ation d\u2019un planisph\u00e8re interactif,  contenant des travaux d\u2019\u00e9l\u00e8ves , organis\u00e9s en diff\u00e9rentes rubriques. Ce planisph\u00e8re permettait aux classes de l\u2019\u00e9tablissement de d\u00e9couvrir plusieurs pays de mani\u00e8re ludique et immersive, d\u2019un simple clic.<\/p>\n\n\n\n<p><\/p>\n\n\n<div class=\"wp-block-image\">\n<figure class=\"aligncenter size-large\"><img loading=\"lazy\" decoding=\"async\" width=\"1024\" height=\"573\" src=\"https:\/\/etab.ac-reunion.fr\/clg-boris-gamaleya-les-alizes\/wp-content\/uploads\/sites\/106\/2026\/04\/image-1024x573.png\" alt=\"\" class=\"wp-image-5782\" srcset=\"https:\/\/etab.ac-reunion.fr\/clg-boris-gamaleya-les-alizes\/wp-content\/uploads\/sites\/106\/2026\/04\/image-1024x573.png 1024w, https:\/\/etab.ac-reunion.fr\/clg-boris-gamaleya-les-alizes\/wp-content\/uploads\/sites\/106\/2026\/04\/image-300x168.png 300w, https:\/\/etab.ac-reunion.fr\/clg-boris-gamaleya-les-alizes\/wp-content\/uploads\/sites\/106\/2026\/04\/image-768x430.png 768w, https:\/\/etab.ac-reunion.fr\/clg-boris-gamaleya-les-alizes\/wp-content\/uploads\/sites\/106\/2026\/04\/image-1536x860.png 1536w, https:\/\/etab.ac-reunion.fr\/clg-boris-gamaleya-les-alizes\/wp-content\/uploads\/sites\/106\/2026\/04\/image-357x200.png 357w, https:\/\/etab.ac-reunion.fr\/clg-boris-gamaleya-les-alizes\/wp-content\/uploads\/sites\/106\/2026\/04\/image.png 1694w\" sizes=\"auto, (max-width: 1024px) 100vw, 1024px\" \/><\/figure>\n<\/div>\n\n\n<p class=\"has-text-align-center\" style=\"font-size:25px\"> &#8212;&#8212;&#8212;&#8212;&#8212;&#8212;&#8212;&#8212;&#8212;&#8212;&#8212;&#8212;&#8212;&#8212;&#8212;&#8212;&#8212;&#8212;&#8212;&#8212;&#8212;&#8212;&#8212;&#8212;&#8212;&#8212;&#8212;&#8212;&#8212;&#8212;&#8212;&#8212;&#8212;&#8212;&#8212;<\/p>\n\n\n\n<p class=\"has-text-align-center\" style=\"font-size:25px\">Les 505,406 et 303 de Mme THIAW-PANE leur ont ainsi permis d\u2019arpenter la Chine <img loading=\"lazy\" decoding=\"async\" width=\"275\" height=\"183\" class=\"wp-image-5790\" style=\"width: 50px\" src=\"https:\/\/etab.ac-reunion.fr\/clg-boris-gamaleya-les-alizes\/wp-content\/uploads\/sites\/106\/2026\/04\/image-1.png\" alt=\"\"> l&#8217;empire du milieu<br>riche en histoires et traditions mill\u00e9naires \u2026<\/p>\n\n\n\n<p class=\"has-text-align-center\" style=\"font-size:25px\"><\/p>\n\n\n<div class=\"wp-block-image\">\n<figure class=\"aligncenter size-large\"><img loading=\"lazy\" decoding=\"async\" width=\"1024\" height=\"566\" src=\"https:\/\/etab.ac-reunion.fr\/clg-boris-gamaleya-les-alizes\/wp-content\/uploads\/sites\/106\/2026\/04\/image-2-1024x566.png\" alt=\"\" class=\"wp-image-5791\" srcset=\"https:\/\/etab.ac-reunion.fr\/clg-boris-gamaleya-les-alizes\/wp-content\/uploads\/sites\/106\/2026\/04\/image-2-1024x566.png 1024w, https:\/\/etab.ac-reunion.fr\/clg-boris-gamaleya-les-alizes\/wp-content\/uploads\/sites\/106\/2026\/04\/image-2-300x166.png 300w, https:\/\/etab.ac-reunion.fr\/clg-boris-gamaleya-les-alizes\/wp-content\/uploads\/sites\/106\/2026\/04\/image-2-768x425.png 768w, https:\/\/etab.ac-reunion.fr\/clg-boris-gamaleya-les-alizes\/wp-content\/uploads\/sites\/106\/2026\/04\/image-2-1536x849.png 1536w, https:\/\/etab.ac-reunion.fr\/clg-boris-gamaleya-les-alizes\/wp-content\/uploads\/sites\/106\/2026\/04\/image-2-362x200.png 362w, https:\/\/etab.ac-reunion.fr\/clg-boris-gamaleya-les-alizes\/wp-content\/uploads\/sites\/106\/2026\/04\/image-2.png 1613w\" sizes=\"auto, (max-width: 1024px) 100vw, 1024px\" \/><\/figure>\n<\/div>\n\n\n<p class=\"has-text-align-center has-large-font-size\"> &#8212;&#8212;&#8212;&#8212;&#8212;&#8212;&#8212;&#8212;&#8212;&#8212;&#8212;&#8212;&#8212;&#8212;&#8212;&#8212;&#8212;&#8212;&#8212;&#8212;&#8212;&#8212;&#8212;&#8212;&#8212;&#8212;&#8212;&#8212;&#8212;&#8212;&#8212;&#8212;&#8212;&#8212;&#8212; <\/p>\n\n\n\n<p class=\"has-text-align-center has-large-font-size\">Les \u00e9l\u00e8ves ayant pour enseignante Mme VALLIAMEE, leur ont donn\u00e9 l\u2019occasion de faire une halte en Allemagne <img loading=\"lazy\" decoding=\"async\" width=\"250\" height=\"167\" class=\"wp-image-5792\" style=\"width: 50px\" src=\"https:\/\/etab.ac-reunion.fr\/clg-boris-gamaleya-les-alizes\/wp-content\/uploads\/sites\/106\/2026\/04\/image-3.png\" alt=\"\"> ,c\u00e9l\u00e8bre pour ses ch\u00e2teaux et for\u00eats.<\/p>\n\n\n\n<p class=\"has-text-align-center has-large-font-size\"><\/p>\n\n\n<div class=\"wp-block-image\">\n<figure class=\"aligncenter size-large\"><img loading=\"lazy\" decoding=\"async\" width=\"1024\" height=\"576\" src=\"https:\/\/etab.ac-reunion.fr\/clg-boris-gamaleya-les-alizes\/wp-content\/uploads\/sites\/106\/2026\/04\/image-4-1024x576.png\" alt=\"\" class=\"wp-image-5793\" srcset=\"https:\/\/etab.ac-reunion.fr\/clg-boris-gamaleya-les-alizes\/wp-content\/uploads\/sites\/106\/2026\/04\/image-4-1024x576.png 1024w, https:\/\/etab.ac-reunion.fr\/clg-boris-gamaleya-les-alizes\/wp-content\/uploads\/sites\/106\/2026\/04\/image-4-300x169.png 300w, https:\/\/etab.ac-reunion.fr\/clg-boris-gamaleya-les-alizes\/wp-content\/uploads\/sites\/106\/2026\/04\/image-4-768x432.png 768w, https:\/\/etab.ac-reunion.fr\/clg-boris-gamaleya-les-alizes\/wp-content\/uploads\/sites\/106\/2026\/04\/image-4-1536x864.png 1536w, https:\/\/etab.ac-reunion.fr\/clg-boris-gamaleya-les-alizes\/wp-content\/uploads\/sites\/106\/2026\/04\/image-4-356x200.png 356w, https:\/\/etab.ac-reunion.fr\/clg-boris-gamaleya-les-alizes\/wp-content\/uploads\/sites\/106\/2026\/04\/image-4.png 1602w\" sizes=\"auto, (max-width: 1024px) 100vw, 1024px\" \/><\/figure>\n<\/div>\n\n\n<p class=\"has-text-align-center has-large-font-size\"> &#8212;&#8212;&#8212;&#8212;&#8212;&#8212;&#8212;&#8212;&#8212;&#8212;&#8212;&#8212;&#8212;&#8212;&#8212;&#8212;&#8212;&#8212;&#8212;&#8212;&#8212;&#8212;&#8212;&#8212;&#8212;&#8212;&#8212;&#8212;&#8212;&#8212;&#8212;&#8212;&#8212;&#8212;&#8212; <\/p>\n\n\n\n<p class=\"has-text-align-center has-large-font-size\">Les \u00e9l\u00e8ves de 503\/4 de Mme ANELARD leur ont propos\u00e9 de visiter la communaut\u00e9 autonome de Valencia <img loading=\"lazy\" decoding=\"async\" width=\"250\" height=\"167\" class=\"wp-image-5795\" style=\"width: 50px\" src=\"https:\/\/etab.ac-reunion.fr\/clg-boris-gamaleya-les-alizes\/wp-content\/uploads\/sites\/106\/2026\/04\/image-6.png\" alt=\"\">, dans le pays du flamenco et des plages ensoleill\u00e9es.<\/p>\n\n\n\n<p class=\"has-text-align-center has-large-font-size\"><\/p>\n\n\n<div class=\"wp-block-image\">\n<figure class=\"aligncenter size-large\"><img loading=\"lazy\" decoding=\"async\" width=\"1024\" height=\"576\" src=\"https:\/\/etab.ac-reunion.fr\/clg-boris-gamaleya-les-alizes\/wp-content\/uploads\/sites\/106\/2026\/04\/image-5-1024x576.png\" alt=\"\" class=\"wp-image-5794\" srcset=\"https:\/\/etab.ac-reunion.fr\/clg-boris-gamaleya-les-alizes\/wp-content\/uploads\/sites\/106\/2026\/04\/image-5-1024x576.png 1024w, https:\/\/etab.ac-reunion.fr\/clg-boris-gamaleya-les-alizes\/wp-content\/uploads\/sites\/106\/2026\/04\/image-5-300x169.png 300w, https:\/\/etab.ac-reunion.fr\/clg-boris-gamaleya-les-alizes\/wp-content\/uploads\/sites\/106\/2026\/04\/image-5-768x432.png 768w, https:\/\/etab.ac-reunion.fr\/clg-boris-gamaleya-les-alizes\/wp-content\/uploads\/sites\/106\/2026\/04\/image-5-1536x864.png 1536w, https:\/\/etab.ac-reunion.fr\/clg-boris-gamaleya-les-alizes\/wp-content\/uploads\/sites\/106\/2026\/04\/image-5-355x200.png 355w, https:\/\/etab.ac-reunion.fr\/clg-boris-gamaleya-les-alizes\/wp-content\/uploads\/sites\/106\/2026\/04\/image-5.png 1587w\" sizes=\"auto, (max-width: 1024px) 100vw, 1024px\" \/><\/figure>\n<\/div>\n\n\n<p class=\"has-text-align-center has-large-font-size\">   &#8212;&#8212;&#8212;&#8212;&#8212;&#8212;&#8212;&#8212;&#8212;&#8212;&#8212;&#8212;&#8212;&#8212;&#8212;&#8212;&#8212;&#8212;&#8212;&#8212;&#8212;&#8212;&#8212;&#8212;&#8212;&#8212;&#8212;&#8212;&#8212;&#8212;&#8212;&#8212;&#8212;&#8212;&#8212;<\/p>\n\n\n\n<p class=\"has-text-align-center has-large-font-size\">Les 304 de Mme CLOUD leurs ont offert la possibilit\u00e9 de d\u00e9couvrir l\u2019Inde <img loading=\"lazy\" decoding=\"async\" width=\"250\" height=\"167\" class=\"wp-image-5796\" style=\"width: 50px\" src=\"https:\/\/etab.ac-reunion.fr\/clg-boris-gamaleya-les-alizes\/wp-content\/uploads\/sites\/106\/2026\/04\/image-7.png\" alt=\"\"> terre vibrante de couleurs et de spiritualit\u00e9.<\/p>\n\n\n\n<p class=\"has-text-align-center has-large-font-size\"><\/p>\n\n\n<div class=\"wp-block-image\">\n<figure class=\"aligncenter size-large\"><img loading=\"lazy\" decoding=\"async\" width=\"1024\" height=\"574\" src=\"https:\/\/etab.ac-reunion.fr\/clg-boris-gamaleya-les-alizes\/wp-content\/uploads\/sites\/106\/2026\/04\/image-8-1024x574.png\" alt=\"\" class=\"wp-image-5797\" srcset=\"https:\/\/etab.ac-reunion.fr\/clg-boris-gamaleya-les-alizes\/wp-content\/uploads\/sites\/106\/2026\/04\/image-8-1024x574.png 1024w, https:\/\/etab.ac-reunion.fr\/clg-boris-gamaleya-les-alizes\/wp-content\/uploads\/sites\/106\/2026\/04\/image-8-300x168.png 300w, https:\/\/etab.ac-reunion.fr\/clg-boris-gamaleya-les-alizes\/wp-content\/uploads\/sites\/106\/2026\/04\/image-8-768x431.png 768w, https:\/\/etab.ac-reunion.fr\/clg-boris-gamaleya-les-alizes\/wp-content\/uploads\/sites\/106\/2026\/04\/image-8-1536x861.png 1536w, https:\/\/etab.ac-reunion.fr\/clg-boris-gamaleya-les-alizes\/wp-content\/uploads\/sites\/106\/2026\/04\/image-8-357x200.png 357w, https:\/\/etab.ac-reunion.fr\/clg-boris-gamaleya-les-alizes\/wp-content\/uploads\/sites\/106\/2026\/04\/image-8.png 1594w\" sizes=\"auto, (max-width: 1024px) 100vw, 1024px\" \/><\/figure>\n<\/div>\n\n\n<p class=\"has-text-align-center has-large-font-size\">  &#8212;&#8212;&#8212;&#8212;&#8212;&#8212;&#8212;&#8212;&#8212;&#8212;&#8212;&#8212;&#8212;&#8212;&#8212;&#8212;&#8212;&#8212;&#8212;&#8212;&#8212;&#8212;&#8212;&#8212;&#8212;&#8212;&#8212;&#8212;&#8212;&#8212;&#8212;&#8212;&#8212;&#8212;&#8212;<\/p>\n\n\n\n<p class=\"has-text-align-center has-large-font-size\">Les 504 de Mme PARIS leur ont permis de d\u00e9couvrir le Canada <img loading=\"lazy\" decoding=\"async\" width=\"548\" height=\"289\" class=\"wp-image-5798\" style=\"width: 50px\" src=\"https:\/\/etab.ac-reunion.fr\/clg-boris-gamaleya-les-alizes\/wp-content\/uploads\/sites\/106\/2026\/04\/image-9.png\" alt=\"\" srcset=\"https:\/\/etab.ac-reunion.fr\/clg-boris-gamaleya-les-alizes\/wp-content\/uploads\/sites\/106\/2026\/04\/image-9.png 548w, https:\/\/etab.ac-reunion.fr\/clg-boris-gamaleya-les-alizes\/wp-content\/uploads\/sites\/106\/2026\/04\/image-9-300x158.png 300w, https:\/\/etab.ac-reunion.fr\/clg-boris-gamaleya-les-alizes\/wp-content\/uploads\/sites\/106\/2026\/04\/image-9-379x200.png 379w\" sizes=\"auto, (max-width: 548px) 100vw, 548px\" \/> , pays du sirop d\u2019\u00e9rable, des grands lacs et for\u00eats infinies.<\/p>\n\n\n\n<p class=\"has-text-align-center has-large-font-size\"><\/p>\n\n\n<div class=\"wp-block-image\">\n<figure class=\"aligncenter size-large\"><img loading=\"lazy\" decoding=\"async\" width=\"1024\" height=\"589\" src=\"https:\/\/etab.ac-reunion.fr\/clg-boris-gamaleya-les-alizes\/wp-content\/uploads\/sites\/106\/2026\/04\/image-10-1024x589.png\" alt=\"\" class=\"wp-image-5799\" srcset=\"https:\/\/etab.ac-reunion.fr\/clg-boris-gamaleya-les-alizes\/wp-content\/uploads\/sites\/106\/2026\/04\/image-10-1024x589.png 1024w, https:\/\/etab.ac-reunion.fr\/clg-boris-gamaleya-les-alizes\/wp-content\/uploads\/sites\/106\/2026\/04\/image-10-300x173.png 300w, https:\/\/etab.ac-reunion.fr\/clg-boris-gamaleya-les-alizes\/wp-content\/uploads\/sites\/106\/2026\/04\/image-10-768x442.png 768w, https:\/\/etab.ac-reunion.fr\/clg-boris-gamaleya-les-alizes\/wp-content\/uploads\/sites\/106\/2026\/04\/image-10-1536x883.png 1536w, https:\/\/etab.ac-reunion.fr\/clg-boris-gamaleya-les-alizes\/wp-content\/uploads\/sites\/106\/2026\/04\/image-10-348x200.png 348w, https:\/\/etab.ac-reunion.fr\/clg-boris-gamaleya-les-alizes\/wp-content\/uploads\/sites\/106\/2026\/04\/image-10.png 1593w\" sizes=\"auto, (max-width: 1024px) 100vw, 1024px\" \/><\/figure>\n<\/div>\n\n\n<p class=\"has-text-align-center has-large-font-size\"> &#8212;&#8212;&#8212;&#8212;&#8212;&#8212;&#8212;&#8212;&#8212;&#8212;&#8212;&#8212;&#8212;&#8212;&#8212;&#8212;&#8212;&#8212;&#8212;&#8212;&#8212;&#8212;&#8212;&#8212;&#8212;&#8212;&#8212;&#8212;&#8212;&#8212;&#8212;&#8212;&#8212;&#8212;&#8212; <\/p>\n\n\n\n<p class=\"has-text-align-center has-large-font-size\">Les 403\/405 de Mme ABDALLAH les ont, quant \u00e0 eux, emmen\u00e9s \u00e0 destination de la Jama\u00efque <img loading=\"lazy\" decoding=\"async\" width=\"1280\" height=\"640\" class=\"wp-image-5800\" style=\"width: 50px\" src=\"https:\/\/etab.ac-reunion.fr\/clg-boris-gamaleya-les-alizes\/wp-content\/uploads\/sites\/106\/2026\/04\/image-11.png\" alt=\"\" srcset=\"https:\/\/etab.ac-reunion.fr\/clg-boris-gamaleya-les-alizes\/wp-content\/uploads\/sites\/106\/2026\/04\/image-11.png 1280w, https:\/\/etab.ac-reunion.fr\/clg-boris-gamaleya-les-alizes\/wp-content\/uploads\/sites\/106\/2026\/04\/image-11-300x150.png 300w, https:\/\/etab.ac-reunion.fr\/clg-boris-gamaleya-les-alizes\/wp-content\/uploads\/sites\/106\/2026\/04\/image-11-1024x512.png 1024w, https:\/\/etab.ac-reunion.fr\/clg-boris-gamaleya-les-alizes\/wp-content\/uploads\/sites\/106\/2026\/04\/image-11-768x384.png 768w, https:\/\/etab.ac-reunion.fr\/clg-boris-gamaleya-les-alizes\/wp-content\/uploads\/sites\/106\/2026\/04\/image-11-400x200.png 400w\" sizes=\"auto, (max-width: 1280px) 100vw, 1280px\" \/> , reconnue pour ses plages plages paradisiaques et son reggae entra\u00eenant.<\/p>\n\n\n\n<p class=\"has-text-align-center has-large-font-size\"><\/p>\n\n\n<div class=\"wp-block-image\">\n<figure class=\"aligncenter size-large\"><img loading=\"lazy\" decoding=\"async\" width=\"1024\" height=\"580\" src=\"https:\/\/etab.ac-reunion.fr\/clg-boris-gamaleya-les-alizes\/wp-content\/uploads\/sites\/106\/2026\/04\/image-12-1024x580.png\" alt=\"\" class=\"wp-image-5801\" srcset=\"https:\/\/etab.ac-reunion.fr\/clg-boris-gamaleya-les-alizes\/wp-content\/uploads\/sites\/106\/2026\/04\/image-12-1024x580.png 1024w, https:\/\/etab.ac-reunion.fr\/clg-boris-gamaleya-les-alizes\/wp-content\/uploads\/sites\/106\/2026\/04\/image-12-300x170.png 300w, https:\/\/etab.ac-reunion.fr\/clg-boris-gamaleya-les-alizes\/wp-content\/uploads\/sites\/106\/2026\/04\/image-12-768x435.png 768w, https:\/\/etab.ac-reunion.fr\/clg-boris-gamaleya-les-alizes\/wp-content\/uploads\/sites\/106\/2026\/04\/image-12-1536x870.png 1536w, https:\/\/etab.ac-reunion.fr\/clg-boris-gamaleya-les-alizes\/wp-content\/uploads\/sites\/106\/2026\/04\/image-12-353x200.png 353w, https:\/\/etab.ac-reunion.fr\/clg-boris-gamaleya-les-alizes\/wp-content\/uploads\/sites\/106\/2026\/04\/image-12.png 1588w\" sizes=\"auto, (max-width: 1024px) 100vw, 1024px\" \/><\/figure>\n<\/div>\n\n\n<p class=\"has-text-align-center has-large-font-size\"> &#8212;&#8212;&#8212;&#8212;&#8212;&#8212;&#8212;&#8212;&#8212;&#8212;&#8212;&#8212;&#8212;&#8212;&#8212;&#8212;&#8212;&#8212;&#8212;&#8212;&#8212;&#8212;&#8212;&#8212;&#8212;&#8212;&#8212;&#8212;&#8212;&#8212;&#8212;&#8212;&#8212;&#8212;&#8212;<\/p>\n\n\n\n<p class=\"has-text-align-center has-large-font-size\">Enfin, les 601 de Mme VINGADASSALOM leur ont offert l\u2019opportunit\u00e9 de faire une escale finale au Kenya <img loading=\"lazy\" decoding=\"async\" width=\"289\" height=\"184\" class=\"wp-image-5802\" style=\"width: 50px\" src=\"https:\/\/etab.ac-reunion.fr\/clg-boris-gamaleya-les-alizes\/wp-content\/uploads\/sites\/106\/2026\/04\/image-13.png\" alt=\"\"> o\u00f9 animaux majestueux et savane indompt\u00e9e se c\u00f4toient afin de cr\u00e9er un spectacle naturel unique.<\/p>\n\n\n\n<p class=\"has-text-align-center has-large-font-size\"><\/p>\n\n\n<div class=\"wp-block-image\">\n<figure class=\"aligncenter size-large\"><img loading=\"lazy\" decoding=\"async\" width=\"1024\" height=\"576\" src=\"https:\/\/etab.ac-reunion.fr\/clg-boris-gamaleya-les-alizes\/wp-content\/uploads\/sites\/106\/2026\/04\/image-14-1024x576.png\" alt=\"\" class=\"wp-image-5803\" srcset=\"https:\/\/etab.ac-reunion.fr\/clg-boris-gamaleya-les-alizes\/wp-content\/uploads\/sites\/106\/2026\/04\/image-14-1024x576.png 1024w, https:\/\/etab.ac-reunion.fr\/clg-boris-gamaleya-les-alizes\/wp-content\/uploads\/sites\/106\/2026\/04\/image-14-300x169.png 300w, https:\/\/etab.ac-reunion.fr\/clg-boris-gamaleya-les-alizes\/wp-content\/uploads\/sites\/106\/2026\/04\/image-14-768x432.png 768w, https:\/\/etab.ac-reunion.fr\/clg-boris-gamaleya-les-alizes\/wp-content\/uploads\/sites\/106\/2026\/04\/image-14-1536x864.png 1536w, https:\/\/etab.ac-reunion.fr\/clg-boris-gamaleya-les-alizes\/wp-content\/uploads\/sites\/106\/2026\/04\/image-14-356x200.png 356w, https:\/\/etab.ac-reunion.fr\/clg-boris-gamaleya-les-alizes\/wp-content\/uploads\/sites\/106\/2026\/04\/image-14.png 1607w\" sizes=\"auto, (max-width: 1024px) 100vw, 1024px\" \/><\/figure>\n<\/div>\n\n\n<p class=\"has-text-align-center\"><\/p>\n\n\n\n<p class=\"has-text-align-center\" style=\"font-size:40px\"><em><strong>Des d\u00e9couvertes culturelles enrichissantes \u2026<\/strong><\/em><\/p>\n\n\n\n<p class=\"has-large-font-size\">A travers ce projet, les \u00e9l\u00e8ves ne se sont pas content\u00e9s de localiser un pays sur une carte mais, ils l\u2019ont vraiment explor\u00e9!<br>En effet, dans un premier temps les \u00e9l\u00e8ves ayant particip\u00e9 \u00e0 sa cr\u00e9ation ont pu travailler sur :<br>&#8211; Une expression idiomatique<br>&#8211; un plat traditionnel<br>&#8211; une f\u00eate<br>&#8211; une c\u00e9l\u00e9brit\u00e9 ou une population.<\/p>\n\n\n\n<p class=\"has-large-font-size\">De plus, ils ont pu faire des productions hautes en couleurs avec le leitmotiv suivant : mettre en valeur chaque pays et produire un contenu culturellement enrichissant.<br>Dans un second temps, les autres \u00e9l\u00e8ves de l\u2019\u00e9tablissement ont pu acc\u00e9der \u00e0 diverses informations sur chaque pays et les utiliser \u00e0 bon escient pour relever un d\u00e9fi de taille : compl\u00e9ter une grille de mots crois\u00e9s et reconstituer une phrase myst\u00e8re.<br>Celle-ci r\u00e9sumait parfaitement l\u2019id\u00e9e ma\u00eetresse du projet : l\u2019apprentissage des langues permet \u00e0 tout un chacun d\u2019avoir acc\u00e8s au monde et aux diff\u00e9rentes cultures car : \u00ab Les langues sont des ponts entre les peuples\u00bb.<\/p>\n\n\n\n<p class=\"has-text-align-right has-large-font-size\">Article r\u00e9dig\u00e9 par Mme Vingadassalom, pour l\u2019\u00e9quipe des langues .<\/p>\n\n\n\n<div data-wp-interactive=\"core\/file\" class=\"wp-block-file\"><object data-wp-bind--hidden=\"!state.hasPdfPreview\" hidden class=\"wp-block-file__embed\" data=\"https:\/\/etab.ac-reunion.fr\/clg-boris-gamaleya-les-alizes\/wp-content\/uploads\/sites\/106\/2026\/04\/Semaine-des-Langues-2025-2026.pdf\" type=\"application\/pdf\" style=\"width:100%;height:600px\" aria-label=\"Contenu embarqu\u00e9 Semaine des Langues 2025 2026.\"><\/object><a id=\"wp-block-file--media-d69e1819-3d0f-464a-bf45-fc87b287ae0c\" href=\"https:\/\/etab.ac-reunion.fr\/clg-boris-gamaleya-les-alizes\/wp-content\/uploads\/sites\/106\/2026\/04\/Semaine-des-Langues-2025-2026.pdf\">Semaine des Langues 2025 2026<\/a><a href=\"https:\/\/etab.ac-reunion.fr\/clg-boris-gamaleya-les-alizes\/wp-content\/uploads\/sites\/106\/2026\/04\/Semaine-des-Langues-2025-2026.pdf\" class=\"wp-block-file__button wp-element-button\" download aria-describedby=\"wp-block-file--media-d69e1819-3d0f-464a-bf45-fc87b287ae0c\">T\u00e9l\u00e9charger<\/a><\/div>\n\n\n\n<p class=\"has-text-align-center has-large-font-size\">&#8212;&#8212;&#8212;&#8212;&#8212;&#8212;&#8212;&#8212;&#8212;&#8212;&#8212;&#8212;&#8212;&#8212;&#8212;&#8212;&#8212;&#8212;&#8212;&#8212;&#8212;&#8212;&#8212;&#8212;&#8212;&#8212;&#8212;&#8212;&#8212;&#8212;&#8212;&#8212;&#8212;&#8212;&#8212;&#8212;&#8212;&#8212;&#8212;&#8212;&#8212;&#8211;<\/p>\n\n\n\n<p class=\"has-text-align-right has-large-font-size\">Article r\u00e9dig\u00e9 par Mme Vingadassalom, pour l\u2019\u00e9quipe des langues .<\/p>\n\n\n\n<p class=\"has-text-align-center\"><\/p>\n\n\n\n<p class=\"has-text-align-center\"><\/p>\n\n\n\n<p class=\"has-text-align-center\"><\/p>\n\n\n\n<p class=\"has-text-align-center\"><\/p>\n\n\n\n<p><\/p>\n<!-- AddThis Advanced Settings generic via filter on the_content --><!-- AddThis Share Buttons generic via filter on the_content -->","protected":false},"excerpt":{"rendered":"<p>Au sein des Aliz\u00e9s , les langues ne se limitent pas aux salles de classe. Elles nous font voyager, et c\u2019est exactement ce que plusieurs enseignantes en langues ont d\u00e9montr\u00e9 \u00e0 travers un projet \u00e0 la fois pluridisciplinaire et original &hellip;<!-- AddThis Advanced Settings generic via filter on get_the_excerpt --><!-- AddThis Share Buttons generic via filter on get_the_excerpt --><\/p>\n","protected":false},"author":37596,"featured_media":5805,"comment_status":"open","ping_status":"open","sticky":false,"template":"","format":"standard","meta":{"footnotes":""},"categories":[1,86],"tags":[163,164,149,136],"class_list":["post-5780","post","type-post","status-publish","format-standard","has-post-thumbnail","hentry","category-non-classe","category-langues","tag-2025-2026","tag-college-boris-gamaleya","tag-college-les-alizes","tag-semaine-des-langues"],"_links":{"self":[{"href":"https:\/\/etab.ac-reunion.fr\/clg-boris-gamaleya-les-alizes\/wp-json\/wp\/v2\/posts\/5780","targetHints":{"allow":["GET"]}}],"collection":[{"href":"https:\/\/etab.ac-reunion.fr\/clg-boris-gamaleya-les-alizes\/wp-json\/wp\/v2\/posts"}],"about":[{"href":"https:\/\/etab.ac-reunion.fr\/clg-boris-gamaleya-les-alizes\/wp-json\/wp\/v2\/types\/post"}],"author":[{"embeddable":true,"href":"https:\/\/etab.ac-reunion.fr\/clg-boris-gamaleya-les-alizes\/wp-json\/wp\/v2\/users\/37596"}],"replies":[{"embeddable":true,"href":"https:\/\/etab.ac-reunion.fr\/clg-boris-gamaleya-les-alizes\/wp-json\/wp\/v2\/comments?post=5780"}],"version-history":[{"count":19,"href":"https:\/\/etab.ac-reunion.fr\/clg-boris-gamaleya-les-alizes\/wp-json\/wp\/v2\/posts\/5780\/revisions"}],"predecessor-version":[{"id":5820,"href":"https:\/\/etab.ac-reunion.fr\/clg-boris-gamaleya-les-alizes\/wp-json\/wp\/v2\/posts\/5780\/revisions\/5820"}],"wp:featuredmedia":[{"embeddable":true,"href":"https:\/\/etab.ac-reunion.fr\/clg-boris-gamaleya-les-alizes\/wp-json\/wp\/v2\/media\/5805"}],"wp:attachment":[{"href":"https:\/\/etab.ac-reunion.fr\/clg-boris-gamaleya-les-alizes\/wp-json\/wp\/v2\/media?parent=5780"}],"wp:term":[{"taxonomy":"category","embeddable":true,"href":"https:\/\/etab.ac-reunion.fr\/clg-boris-gamaleya-les-alizes\/wp-json\/wp\/v2\/categories?post=5780"},{"taxonomy":"post_tag","embeddable":true,"href":"https:\/\/etab.ac-reunion.fr\/clg-boris-gamaleya-les-alizes\/wp-json\/wp\/v2\/tags?post=5780"}],"curies":[{"name":"wp","href":"https:\/\/api.w.org\/{rel}","templated":true}]}}