{"id":10139,"date":"2022-11-09T10:52:14","date_gmt":"2022-11-09T06:52:14","guid":{"rendered":"https:\/\/etab.ac-reunion.fr\/clg-bourbon\/?p=10139"},"modified":"2024-12-04T11:52:40","modified_gmt":"2024-12-04T07:52:40","slug":"forum-des-metier-2022-2023","status":"publish","type":"post","link":"https:\/\/etab.ac-reunion.fr\/clg-bourbon\/forum-des-metier-2022-2023\/","title":{"rendered":"Forum des m\u00e9tiers 2022-2023"},"content":{"rendered":"\n[et_pb_section fb_built=\u00a0\u00bb1&Prime; _builder_version=\u00a0\u00bb4.19.0&Prime; _module_preset=\u00a0\u00bbdefault\u00a0\u00bb global_colors_info=\u00a0\u00bb{}\u00a0\u00bb][et_pb_row column_structure=\u00a0\u00bb1_2,1_2&Prime; _builder_version=\u00a0\u00bb4.19.0&Prime; _module_preset=\u00a0\u00bbdefault\u00a0\u00bb global_colors_info=\u00a0\u00bb{}\u00a0\u00bb][et_pb_column type=\u00a0\u00bb1_2&Prime; _builder_version=\u00a0\u00bb4.19.0&Prime; _module_preset=\u00a0\u00bbdefault\u00a0\u00bb global_colors_info=\u00a0\u00bb{}\u00a0\u00bb][et_pb_image src=\u00a0\u00bbhttps:\/\/etab.ac-reunion.fr\/clg-bourbon\/wp-content\/uploads\/sites\/10\/2022\/11\/affiche.png\u00a0\u00bb title_text=\u00a0\u00bbaffiche\u00a0\u00bb _builder_version=\u00a0\u00bb4.19.0&Prime; _module_preset=\u00a0\u00bbdefault\u00a0\u00bb global_colors_info=\u00a0\u00bb{}\u00a0\u00bb][\/et_pb_image][\/et_pb_column][et_pb_column type=\u00a0\u00bb1_2&Prime; _builder_version=\u00a0\u00bb4.19.0&Prime; _module_preset=\u00a0\u00bbdefault\u00a0\u00bb global_colors_info=\u00a0\u00bb{}\u00a0\u00bb][et_pb_text _builder_version=\u00a0\u00bb4.19.0&Prime; _module_preset=\u00a0\u00bbdefault\u00a0\u00bb header_font=\u00a0\u00bb|||||on|||\u00a0\u00bb header_text_align=\u00a0\u00bbcenter\u00a0\u00bb header_text_color=\u00a0\u00bb#C01777&Prime; global_colors_info=\u00a0\u00bb{}\u00a0\u00bb]<h1>le mot des principaux des coll\u00e8ges<\/h1>\n<p>\u00e0 venir<\/p>[\/et_pb_text][\/et_pb_column][\/et_pb_row][et_pb_row column_structure=\u00a0\u00bb2_5,3_5&Prime; _builder_version=\u00a0\u00bb4.19.0&Prime; _module_preset=\u00a0\u00bbdefault\u00a0\u00bb global_colors_info=\u00a0\u00bb{}\u00a0\u00bb][et_pb_column type=\u00a0\u00bb2_5&Prime; _builder_version=\u00a0\u00bb4.19.0&Prime; _module_preset=\u00a0\u00bbdefault\u00a0\u00bb global_colors_info=\u00a0\u00bb{}\u00a0\u00bb][et_pb_text _builder_version=\u00a0\u00bb4.19.0&Prime; _module_preset=\u00a0\u00bbdefault\u00a0\u00bb text_font=\u00a0\u00bb|||||on|||\u00a0\u00bb text_text_color=\u00a0\u00bb#C01777&Prime; text_font_size=\u00a0\u00bb37px\u00a0\u00bb text_orientation=\u00a0\u00bbcenter\u00a0\u00bb text_text_shadow_style=\u00a0\u00bbpreset2&Prime; global_colors_info=\u00a0\u00bb{}\u00a0\u00bb]<p>1 journ\u00e9e<\/p>\n<p>2 coll\u00e8ges<\/p>\n<p>4 lyc\u00e9es et centres de formation<\/p>\n<p>119 professeurs<\/p>\n<p>400 \u00e9l\u00e8ves de 3e<\/p>\n<p>52 intervenants<\/p>\n<p>&nbsp;<\/p>\n<p>&nbsp;<\/p>[\/et_pb_text][\/et_pb_column][et_pb_column type=\u00a0\u00bb3_5&Prime; _builder_version=\u00a0\u00bb4.19.0&Prime; _module_preset=\u00a0\u00bbdefault\u00a0\u00bb global_colors_info=\u00a0\u00bb{}\u00a0\u00bb][et_pb_gallery gallery_ids=\u00a0\u00bb10130,10129,10128,10127,10126,10125,10124,10123,10121,10120,10119,10118,10111,10112,10114,10113,10115,10116,10117,10110,10109,10108,10107,10106,10104,10103,10101,10102,10100,10099,10098,10097,10096,10095,10094,10093,10091,10090,10089,10088,10087,10086,10085,10084,10083,10082,10081,10080&Prime; fullwidth=\u00a0\u00bbon\u00a0\u00bb _builder_version=\u00a0\u00bb4.19.0&Prime; _module_preset=\u00a0\u00bbdefault\u00a0\u00bb global_colors_info=\u00a0\u00bb{}\u00a0\u00bb][\/et_pb_gallery][\/et_pb_column][\/et_pb_row][et_pb_row column_structure=\u00a0\u00bb3_5,2_5&Prime; _builder_version=\u00a0\u00bb4.19.0&Prime; _module_preset=\u00a0\u00bbdefault\u00a0\u00bb global_colors_info=\u00a0\u00bb{}\u00a0\u00bb][et_pb_column type=\u00a0\u00bb3_5&Prime; _builder_version=\u00a0\u00bb4.19.0&Prime; _module_preset=\u00a0\u00bbdefault\u00a0\u00bb global_colors_info=\u00a0\u00bb{}\u00a0\u00bb][et_pb_gallery gallery_ids=\u00a0\u00bb10137,10136,10134,10135,10138,10131,10132,10133&Prime; fullwidth=\u00a0\u00bbon\u00a0\u00bb _builder_version=\u00a0\u00bb4.19.0&Prime; _module_preset=\u00a0\u00bbdefault\u00a0\u00bb global_colors_info=\u00a0\u00bb{}\u00a0\u00bb][\/et_pb_gallery][\/et_pb_column][et_pb_column type=\u00a0\u00bb2_5&Prime; _builder_version=\u00a0\u00bb4.19.0&Prime; _module_preset=\u00a0\u00bbdefault\u00a0\u00bb global_colors_info=\u00a0\u00bb{}\u00a0\u00bb][et_pb_text _builder_version=\u00a0\u00bb4.19.0&Prime; _module_preset=\u00a0\u00bbdefault\u00a0\u00bb header_font=\u00a0\u00bb|||||on|||\u00a0\u00bb header_text_align=\u00a0\u00bbcenter\u00a0\u00bb header_text_color=\u00a0\u00bb#C01777&Prime; global_colors_info=\u00a0\u00bb{}\u00a0\u00bb]<h1>Un GRAND MERCI \u00e0 <\/h1>\n<p>J\u00e9r\u00e9my L\u00e9on Gauvin<br \/>Mme KASSAM Adam Reyhana<br \/>Mme GUESNET Anne<br \/>Mme ABDALLAH Mimou<br \/>M. M&rsquo;TIMA Christophe<br \/>M. BOTOTELAU Patrick <br \/>RSMA &#8211; M. Guillaume VASSEUR<br \/>ADJUDANT de MONTCUIT<br \/>M.DAVID<br \/>M.Tony DIJOUX<br \/>M. FUMONDE Giovanny<br \/>Dominique DAMOUR<br \/>Mme MEHL<br \/>PATEL Afzal <br \/>M. MOHAMUDALLY Tabrez<br \/>LE GALL David <br \/>PELLY-LOUS Garbal<br \/>Mme Laurence MACE<br \/>Mme FLORICOURT Anne<br \/>M.BACUZZI<br \/>M.DARDOUR<br \/>M.F.NEBEL<br \/>Mme Nadia NAUDON<br \/>M.Charpentier<br \/>Mme PICAUD<br \/>Mme CHAZALON<br \/>M.COMBLET<br \/>Mme Masse<br \/>M.STALIN JEROME<br \/>M.Davy FONTAINE<br \/>Mme HOUAS-TRABELSI Sonia\u00a0<br \/>Mme Am\u00e9lie MASSEAUX <br \/>Mme Catherine MAUNIER<br \/>Mme SALAI Ma\u00ebva (IRTS)<br \/>Mme VALENTIN Elodie <br \/>Mme ARMOOGUM Dominique<br \/>Mme TANJON Tania<br \/>M.PEY Angel <br \/>M. MIRANVILLE Laurent<br \/>M. Fr\u00e9d\u00e9ric Fock hin<br \/>Mme BURLOTTO Audrey<br \/>Mme Bernat Payet emmanuelle<br \/>Mme ABDOU Dalila<br \/>Mme Oudin<br \/>Mme SIGISMEAU<br \/>Mme AVARA ATCHIMBA Nadia <br \/>MME ACCART Isabelle<br \/>M.PALASSE Anthony (part \u00e0 10h30)<br \/>Maud Steinbach<br \/>Me Sitbon Alice<br \/>Me Carlet Yannick<br \/>SCHWEBEL St\u00e9phanie<br \/>M. AL Quadi Mohamed<br \/>M. GIRAL Morvan<br \/>Mme Monica MOLINA<br \/>Mme Dol\u00e8ne SETODZO<br \/>M.CREPU Fabrice<br \/>M.RAVET<br \/>Mme Aurore PATCHIAPIN (PsyEN)<br \/>Mme AIT-ABED Saadia (directrice CIO)<br \/>M. Andriamiakatra Fidisoa <br \/>Mme THENOR Le\u00efla<br \/>Mme FARRAN<br \/>M.CERVEAU <br \/>Mme Ma\u00eblys CHAN-KIAN<br \/>M. Philippe MATHIEU<\/p>[\/et_pb_text][\/et_pb_column][\/et_pb_row][et_pb_row _builder_version=\u00a0\u00bb4.19.0&Prime; _module_preset=\u00a0\u00bbdefault\u00a0\u00bb][et_pb_column _builder_version=\u00a0\u00bb4.19.0&Prime; _module_preset=\u00a0\u00bbdefault\u00a0\u00bb type=\u00a0\u00bb4_4&Prime;][et_pb_text _builder_version=\u00a0\u00bb4.19.0&Prime; _module_preset=\u00a0\u00bbdefault\u00a0\u00bb hover_enabled=\u00a0\u00bb0&Prime; sticky_enabled=\u00a0\u00bb0&Prime;]<p>Si vous souhaitez faire modifier cette page (supression d&rsquo;une photo, d&rsquo;un nom&#8230;) merci d&rsquo;envoyer un mail \u00e0 <a href=\"mailto:tice.9740080u@ac-reunion.fr\">tice.9740080u@ac-reunion.fr<\/a> .<\/p>[\/et_pb_text][\/et_pb_column][\/et_pb_row][\/et_pb_section]\n","protected":false},"excerpt":{"rendered":"<p>le mot des principaux des coll\u00e8ges \u00e0 venir1 journ\u00e9e 2 coll\u00e8ges 4 lyc\u00e9es et centres de formation 119 professeurs 400 \u00e9l\u00e8ves de 3e 52 intervenants &nbsp; &nbsp;Un GRAND MERCI \u00e0 J\u00e9r\u00e9my L\u00e9on GauvinMme KASSAM Adam ReyhanaMme GUESNET AnneMme ABDALLAH MimouM. M&rsquo;TIMA ChristopheM. BOTOTELAU Patrick RSMA &#8211; M. Guillaume VASSEURADJUDANT de MONTCUITM.DAVIDM.Tony DIJOUXM. FUMONDE GiovannyDominique DAMOURMme [&hellip;]<\/p>\n","protected":false},"author":9884,"featured_media":10036,"comment_status":"closed","ping_status":"open","sticky":false,"template":"","format":"standard","meta":{"_et_pb_use_builder":"on","_et_pb_old_content":"","_et_gb_content_width":"1024","footnotes":""},"categories":[35],"tags":[],"class_list":["post-10139","post","type-post","status-publish","format-standard","has-post-thumbnail","hentry","category-orientation"],"_links":{"self":[{"href":"https:\/\/etab.ac-reunion.fr\/clg-bourbon\/wp-json\/wp\/v2\/posts\/10139","targetHints":{"allow":["GET"]}}],"collection":[{"href":"https:\/\/etab.ac-reunion.fr\/clg-bourbon\/wp-json\/wp\/v2\/posts"}],"about":[{"href":"https:\/\/etab.ac-reunion.fr\/clg-bourbon\/wp-json\/wp\/v2\/types\/post"}],"author":[{"embeddable":true,"href":"https:\/\/etab.ac-reunion.fr\/clg-bourbon\/wp-json\/wp\/v2\/users\/9884"}],"replies":[{"embeddable":true,"href":"https:\/\/etab.ac-reunion.fr\/clg-bourbon\/wp-json\/wp\/v2\/comments?post=10139"}],"version-history":[{"count":4,"href":"https:\/\/etab.ac-reunion.fr\/clg-bourbon\/wp-json\/wp\/v2\/posts\/10139\/revisions"}],"predecessor-version":[{"id":14970,"href":"https:\/\/etab.ac-reunion.fr\/clg-bourbon\/wp-json\/wp\/v2\/posts\/10139\/revisions\/14970"}],"wp:featuredmedia":[{"embeddable":true,"href":"https:\/\/etab.ac-reunion.fr\/clg-bourbon\/wp-json\/wp\/v2\/media\/10036"}],"wp:attachment":[{"href":"https:\/\/etab.ac-reunion.fr\/clg-bourbon\/wp-json\/wp\/v2\/media?parent=10139"}],"wp:term":[{"taxonomy":"category","embeddable":true,"href":"https:\/\/etab.ac-reunion.fr\/clg-bourbon\/wp-json\/wp\/v2\/categories?post=10139"},{"taxonomy":"post_tag","embeddable":true,"href":"https:\/\/etab.ac-reunion.fr\/clg-bourbon\/wp-json\/wp\/v2\/tags?post=10139"}],"curies":[{"name":"wp","href":"https:\/\/api.w.org\/{rel}","templated":true}]}}