{"id":10205,"date":"2022-11-30T07:02:11","date_gmt":"2022-11-30T03:02:11","guid":{"rendered":"https:\/\/etab.ac-reunion.fr\/clg-bourbon\/?p=10205"},"modified":"2024-07-28T19:45:02","modified_gmt":"2024-07-28T15:45:02","slug":"journee-de-lutte-contre-le-harcelement-scolaire-10-11","status":"publish","type":"post","link":"https:\/\/etab.ac-reunion.fr\/clg-bourbon\/journee-de-lutte-contre-le-harcelement-scolaire-10-11\/","title":{"rendered":"JOURNEE DE LUTTE CONTRE LE HARCELEMENT SCOLAIRE \u2013 10\/11"},"content":{"rendered":"[et_pb_section fb_built=\u00a0\u00bb1&Prime; _builder_version=\u00a0\u00bb4.19.1&Prime; _module_preset=\u00a0\u00bbdefault\u00a0\u00bb global_colors_info=\u00a0\u00bb{}\u00a0\u00bb][et_pb_row _builder_version=\u00a0\u00bb4.19.1&Prime; _module_preset=\u00a0\u00bbdefault\u00a0\u00bb global_colors_info=\u00a0\u00bb{}\u00a0\u00bb][et_pb_column type=\u00a0\u00bb4_4&Prime; _builder_version=\u00a0\u00bb4.19.1&Prime; _module_preset=\u00a0\u00bbdefault\u00a0\u00bb global_colors_info=\u00a0\u00bb{}\u00a0\u00bb][et_pb_text _builder_version=\u00a0\u00bb4.19.1&Prime; _module_preset=\u00a0\u00bbdefault\u00a0\u00bb global_colors_info=\u00a0\u00bb{}\u00a0\u00bb]\n<p>Le 10 Novembre dernier a eu lieu la journ\u00e9e de lutte contre le harc\u00e8lement scolaire\u00a0: il est essentiel de sensibiliser les \u00e9l\u00e8ves sur ce sujet. Et qui de mieux que les \u00e9l\u00e8ves eux-m\u00eames pour intervenir aupr\u00e8s de leurs semblables\u00a0? Et ils l\u2019ont fait\u00a0!<\/p>\n<p>Un coll\u00e8ge pour cette occasion parsem\u00e9 de posters en tout genre repr\u00e9sentant le harc\u00e8lement scolaire selon eux, des productions artistiques des coll\u00e9giens mais aussi des \u00e9l\u00e8ves des \u00e9coles du secteur\u00a0Les Cam\u00e9lias, Raymond Mondon, Bouvet et Gabriel Mac\u00e9, des colibris confectionn\u00e9s par les \u00e9l\u00e8ves et suspendus aux arbres du coll\u00e8ge, comme pour rappeler \u00e0 chacun le message du colibri \u00ab\u00a0Je fais ma part\u00a0\u00bb etc\u2026<\/p>\n<p>Le programme de la journ\u00e9e a \u00e9t\u00e9 riche\u00a0: accueil en musique, messages d\u00e9livr\u00e9s par les \u00e9l\u00e8ves-ambassadeurs de 6<sup>\u00e8me<\/sup> mais \u00e9galement un temps fort de sensibilisation \u00e0 la r\u00e9cr\u00e9ation avec les \u00e9l\u00e8ves -ambassadeurs du CM2 des \u00e9coles du secteur. Les parents-\u00e9l\u00e8ves de l\u2019OEPRE et de l\u2019UPE2A nous ont fait partager un message dans leur langue d\u2019origine, en mahorais, comorien, malgache, cr\u00e9ole. La r\u00e9cr\u00e9ation s\u2019est termin\u00e9e par un moment en musique, sur le chant de Ma\u00eblle \u00ab\u00a0L\u2019effet de Masse\u00a0\u00bb, interpr\u00e9t\u00e9e par tous les \u00e9l\u00e8ves de 6<sup>\u00e8me<\/sup>. L\u2019annonce de la gagnante du concours de dessin sp\u00e9cialement organis\u00e9 pour cette occasion a \u00e9galement eu lieu\u00a0: f\u00e9licitations \u00e0 notre \u00e9l\u00e8ve de 6<sup>\u00e8me<\/sup>CHATEL , Sofia\u00a0!<\/p>\n<p>Continuons ce beau p\u00e9riple d\u2019actions\u00a0: s\u2019ensuivent des ateliers mis en place par nos \u00e9l\u00e8ves de 6<sup>\u00e8me<\/sup>\u00a0: court-m\u00e9trages, d\u00e9bats, sc\u00e8nes de th\u00e9\u00e2tre, pr\u00e9sentation de posters num\u00e9riques, acrostiches, etc\u2026 Avec le FSE, les \u00e9l\u00e8ves ont pu pr\u00e9senter un court-m\u00e9trage sur le harc\u00e8lement scolaire, r\u00e9alis\u00e9 par eux-m\u00eames, et c\u2019est un r\u00e9el succ\u00e8s\u00a0lors du visionnage en classe\u00a0!\u00a0 L\u2019apr\u00e8s-midi s\u2019est termin\u00e9e par un atelier th\u00e9\u00e2tre\/violences scolaires propos\u00e9 aux \u00e9l\u00e8ves-ambassadeurs et un passage des brigades des \u00e9l\u00e8ves-ambassadeurs qui, allant de classe en classe, ont d\u00e9livr\u00e9 et expliqu\u00e9 le message du colibri\u00a0: \u00ab\u00a0Je fais ma part\u00a0\u00bb.<\/p>\n<p>C\u2019est effectivement cet esprit qu\u2019on cultive au Coll\u00e8ge de Bourbon\u00a0: amener nos \u00e9l\u00e8ves \u00e0 \u00eatre acteurs, \u00e0 prendre conscience des enjeux importants de leur scolarit\u00e9 mais aussi de la vie, et leur faire comprendre que chacun fait sa part, chacun a sa place et ensemble, parents, \u00e9l\u00e8ves, communaut\u00e9 \u00e9ducative, nous ferons face au harc\u00e8lement scolaire.\u00a0<\/p>\n[\/et_pb_text][\/et_pb_column][\/et_pb_row][et_pb_row _builder_version=\u00a0\u00bb4.19.1&Prime; _module_preset=\u00a0\u00bbdefault\u00a0\u00bb global_colors_info=\u00a0\u00bb{}\u00a0\u00bb][et_pb_column type=\u00a0\u00bb4_4&Prime; _builder_version=\u00a0\u00bb4.19.1&Prime; _module_preset=\u00a0\u00bbdefault\u00a0\u00bb global_colors_info=\u00a0\u00bb{}\u00a0\u00bb][et_pb_gallery gallery_ids=\u00a0\u00bb10252,10250,10251,10249,10248,10242,10243,10244,10245,10246,10247,10241,10240,10239,10238,10237,10236,10235,10234,10233,10232,10231,10230,10224,10225,10226,10227,10228,10229,10223,10222,10221,10220,10219,10218,10212,10213,10214,10215,10216,10217,10211,10210,10209&Prime; fullwidth=\u00a0\u00bbon\u00a0\u00bb _builder_version=\u00a0\u00bb4.19.1&Prime; _module_preset=\u00a0\u00bbdefault\u00a0\u00bb auto=\u00a0\u00bbon\u00a0\u00bb hover_enabled=\u00a0\u00bb0&Prime; global_colors_info=\u00a0\u00bb{}\u00a0\u00bb sticky_enabled=\u00a0\u00bb0&Prime;][\/et_pb_gallery][et_pb_video _builder_version=\u00a0\u00bb4.19.1&Prime; _module_preset=\u00a0\u00bbdefault\u00a0\u00bb hover_enabled=\u00a0\u00bb0&Prime; sticky_enabled=\u00a0\u00bb0&Prime;][\/et_pb_video][\/et_pb_column][\/et_pb_row][\/et_pb_section]\n","protected":false},"excerpt":{"rendered":"<p>Le 10 Novembre dernier a eu lieu la journ\u00e9e de lutte contre le harc\u00e8lement scolaire\u00a0: il est essentiel de sensibiliser les \u00e9l\u00e8ves sur ce sujet. Et qui de mieux que les \u00e9l\u00e8ves eux-m\u00eames pour intervenir aupr\u00e8s de leurs semblables\u00a0? Et ils l\u2019ont fait\u00a0! Un coll\u00e8ge pour cette occasion parsem\u00e9 de posters en tout genre repr\u00e9sentant [&hellip;]<\/p>\n","protected":false},"author":9884,"featured_media":0,"comment_status":"closed","ping_status":"open","sticky":false,"template":"","format":"standard","meta":{"_et_pb_use_builder":"on","_et_pb_old_content":"","_et_gb_content_width":"2880","footnotes":""},"categories":[91],"tags":[],"class_list":["post-10205","post","type-post","status-publish","format-standard","hentry","category-vivre"],"_links":{"self":[{"href":"https:\/\/etab.ac-reunion.fr\/clg-bourbon\/wp-json\/wp\/v2\/posts\/10205","targetHints":{"allow":["GET"]}}],"collection":[{"href":"https:\/\/etab.ac-reunion.fr\/clg-bourbon\/wp-json\/wp\/v2\/posts"}],"about":[{"href":"https:\/\/etab.ac-reunion.fr\/clg-bourbon\/wp-json\/wp\/v2\/types\/post"}],"author":[{"embeddable":true,"href":"https:\/\/etab.ac-reunion.fr\/clg-bourbon\/wp-json\/wp\/v2\/users\/9884"}],"replies":[{"embeddable":true,"href":"https:\/\/etab.ac-reunion.fr\/clg-bourbon\/wp-json\/wp\/v2\/comments?post=10205"}],"version-history":[{"count":5,"href":"https:\/\/etab.ac-reunion.fr\/clg-bourbon\/wp-json\/wp\/v2\/posts\/10205\/revisions"}],"predecessor-version":[{"id":10257,"href":"https:\/\/etab.ac-reunion.fr\/clg-bourbon\/wp-json\/wp\/v2\/posts\/10205\/revisions\/10257"}],"wp:attachment":[{"href":"https:\/\/etab.ac-reunion.fr\/clg-bourbon\/wp-json\/wp\/v2\/media?parent=10205"}],"wp:term":[{"taxonomy":"category","embeddable":true,"href":"https:\/\/etab.ac-reunion.fr\/clg-bourbon\/wp-json\/wp\/v2\/categories?post=10205"},{"taxonomy":"post_tag","embeddable":true,"href":"https:\/\/etab.ac-reunion.fr\/clg-bourbon\/wp-json\/wp\/v2\/tags?post=10205"}],"curies":[{"name":"wp","href":"https:\/\/api.w.org\/{rel}","templated":true}]}}